{"id":10075,"date":"2014-03-21T09:49:19","date_gmt":"2014-03-21T15:49:19","guid":{"rendered":"http:\/\/www.eloriente.net\/home\/?p=10075"},"modified":"2018-03-23T09:44:12","modified_gmt":"2018-03-23T15:44:12","slug":"a-19-anos-del-homicidio-contra-luis-donaldo-colosio-su-discurso-del-6-de-marzo-integro-por-el_oriente","status":"publish","type":"post","link":"http:\/\/www.eloriente.net\/home\/2014\/03\/21\/a-19-anos-del-homicidio-contra-luis-donaldo-colosio-su-discurso-del-6-de-marzo-integro-por-el_oriente\/","title":{"rendered":"6 de marzo de 1994: Discurso de Luis Donaldo Colosio en Monumento a la Revoluci\u00f3n"},"content":{"rendered":"<p><script src=\"\/\/pagead2.googlesyndication.com\/pagead\/js\/adsbygoogle.js\" async=\"\"><\/script><!-- BANNER ELORIENTE INCRUSTADO NOTAS --> <ins class=\"adsbygoogle\" style=\"display: inline-block; width: 300px; height: 250px;\" data-ad-client=\"ca-pub-1136171134853753\" data-ad-slot=\"7974633627\"><\/ins><script>\/\/ <![CDATA[\n(adsbygoogle = window.adsbygoogle || []).push({});\n\/\/ ]]><\/script><\/p>\n<p>eloriente.net<\/p>\n<p>23 de marzo de 2013<\/p>\n<p>Han pasado 19 a\u00f1os de que Luis Donaldo Colosio Murrieta, entonces candidato del Partido Revolucionario Institucional, fuese asesinado en Lomas Taurinas, Tijuana.<\/p>\n<p>No cabe la menor duda de que el tiempo ha reafirmado que el discurso que pronunci\u00f3 apenas 17 d\u00edas antes, el 6 de marzo de 1994, en la explanada del Monumento a la Revoluci\u00f3n en el Distrito Federal, se ha convertido en la referencia del sonorense, por el momento pol\u00edtico en que fue pronunciado y por las definiciones que enfatiz\u00f3, principalmente respecto al gobierno y a su visi\u00f3n del pa\u00eds.<\/p>\n<p>Por lo anterior, creemos que para recordar a Colosio es correcto mirar de nueva cuenta aquel discurso pronunciado en el LXV aniversario de la fundaci\u00f3n de su partido. Adem\u00e1s, incluimos el texto \u00edntegro del mismo.<\/p>\n<p>Adicionalmente la invitaci\u00f3n est\u00e1 hecha para que nos dejes tus comentarios abajo o bien a trav\u00e9s de nuestra cuenta twitter @El_Oriente o por <a href=\"http:\/\/www.facebook.com\/pages\/El-Oriente\/443535572345554?ref=hl\" target=\"_blank\" rel=\"noopener\">Facebook<\/a>.<br \/>\n<iframe loading=\"lazy\" src=\"http:\/\/www.youtube.com\/embed\/ZVWiMjErc-o\" width=\"420\" height=\"315\" frameborder=\"0\"><\/iframe><\/p>\n<p>&nbsp;<\/p>\n<p><strong>Discurso \u00edntegro<\/strong><\/p>\n<p>Compa\u00f1eras y compa\u00f1eros de partido;<\/p>\n<p>Compatriotas:<\/p>\n<p>Aqu\u00ed est\u00e1 el PRI con su fuerza. Aqu\u00ed est\u00e1 el PRI con sus organizaciones; est\u00e1 con su militancia, est\u00e1 con la sensibilidad de sus mujeres y de sus hombres. Aqu\u00ed est\u00e1 el PRI con su recia vocaci\u00f3n pol\u00edtica. Aqu\u00ed est\u00e1 el PRI para alentar la participaci\u00f3n ciudadana.<\/p>\n<p>Aqu\u00ed est\u00e1 el PRI para mantener la paz y la estabilidad del pa\u00eds, para preservar la unidad entre los mexicanos. Aqu\u00ed est\u00e1 el PRI en pie de lucha. Aqu\u00ed est\u00e1 el PRI celebrando un a\u00f1o m\u00e1s de intensa actividad pol\u00edtica.<\/p>\n<p>Aqu\u00ed est\u00e1 el PRI que reconoce los logros, pero tambi\u00e9n el que sabe de las insuficiencias, el que sabe de los problemas pendientes.<\/p>\n<p>Aqu\u00ed est\u00e1 el PRI que reconoce que la modernizaci\u00f3n econ\u00f3mica s\u00f3lo cobra verdadero sentido, cuando se traduce en mayor bienestar para las familias mexicanas y que para que sea perdurable debe acompa\u00f1arse con el fortalecimiento de nuestra democracia. Esta es la exigencia que enfrentamos y a ella responderemos con firmeza.<\/p>\n<p>El PRI reconoce su responsabilidad y \u00e9sta es de la mayor importancia para el avance pol\u00edtico de M\u00e9xico. Los pri\u00edstas sabemos que ser herederos de la Revoluci\u00f3n Mexicana es un gran orgullo, pero ello no garantiza nuestra legitimidad pol\u00edtica. La legitimidad debemos ganarla d\u00eda con d\u00eda, con nuestras propuestas, con nuestras acciones, con nuestros argumentos.<\/p>\n<p>Como Partido, tuvimos un nacimiento que a todos nos enorgullece: el PRI evit\u00f3 que M\u00e9xico cayese en el c\u00edrculo vicioso de tantos pa\u00edses hermanos de Latinoam\u00e9rica, que perdieron d\u00e9cadas entre la anarqu\u00eda y la dictadura.<\/p>\n<p>La estabilidad, la paz interna, el crecimiento econ\u00f3mico y la movilidad social, son bienes que hubieran sido inimaginables sin el PRI.<\/p>\n<p>Pero nuestra herencia debe ser fuente de exigencia, no de complacencia ni de inmovilismo. S\u00f3lo los partidos autoritarios pretenden fundar su legitimidad en su herencia. Los partidos democr\u00e1ticos la ganamos diariamente.<\/p>\n<p>Amigas y amigos del partido:<\/p>\n<p>Surgimos de una Revoluci\u00f3n que hoy sigue ofreciendo caminos para las reivindicaciones populares. A sus principios de democracia, de libertad y de justicia es a los que nos debemos.<\/p>\n<p>Los ideales de la Revoluci\u00f3n Mexicana inspiran las tareas de hoy. La Revoluci\u00f3n Mexicana, humanista y social, nos exige y nos reclama. La Revoluci\u00f3n Mexicana es todav\u00eda hoy nuestro mejor horizonte.<\/p>\n<p>Encabezaremos una nueva etapa en la transformaci\u00f3n pol\u00edtica de M\u00e9xico. Sabemos que en este proceso, s\u00f3lo la sociedad mexicana tiene asegurado un lugar. Los partidos pol\u00edticos tenemos que acreditar nuestra visi\u00f3n.<\/p>\n<p>En esta hora, la fuerza del PRI surge de nuestra capacidad para el cambio, de nuestra capacidad para el cambio con responsabilidad. As\u00ed lo exige la Naci\u00f3n.<\/p>\n<p>Nuestra visi\u00f3n y nuestra vinculaci\u00f3n hist\u00f3rica con el gobierno nos asegur\u00f3 la oportunidad de participar en los grandes cambios del pa\u00eds. La fuerza del gobierno fue en buena medida la fuerza de nuestro Partido. Pero hoy el momento es otro: s\u00f3lo nuestra capacidad, nuestra propia iniciativa, nuestra presencia en la sociedad mexicana y nuestro trabajo, es lo que nos dar\u00e1 fortaleza.<\/p>\n<p>Nadie podr\u00e1 sustituir nuestro esfuerzo. Nadie podr\u00e1 asegurarnos un papel en la transformaci\u00f3n de M\u00e9xico si nosotros no luchamos por \u00e9l, si nosotros no lo ganamos ante los ciudadanos.<\/p>\n<p>Qued\u00f3 atr\u00e1s la etapa en que la lucha pol\u00edtica se daba, esencialmente, hacia el interior de nuestra organizaci\u00f3n y no con otros partidos. Ya pasaron esos tiempos.<\/p>\n<p>Hoy vivimos en la competencia y a la competencia tenemos que acudir; para hacerlo se dejan atr\u00e1s viejas pr\u00e1cticas: las de un PRI que s\u00f3lo dialogaba consigo mismo y con el gobierno, las de un partido que no ten\u00eda que realizar grandes esfuerzos para ganar.<\/p>\n<p>Como un partido en competencia, el PRI hoy no tiene triunfos asegurados, tiene que luchar por ellos y tiene que asumir que en la democracia s\u00f3lo la victoria nos dar\u00e1 la estatura a nuestra presencia pol\u00edtica.<\/p>\n<p>Cuando el gobierno ha pretendido concentrar la iniciativa pol\u00edtica ha debilitado al PRI. Por eso hoy, ante la contienda pol\u00edtica, ante la contienda electoral, el PRI, del gobierno, s\u00f3lo demanda imparcialidad y firmeza en la aplicaci\u00f3n de la ley. \u00a1No queremos ni concesiones al margen de los votos ni votos al margen de la ley!<\/p>\n<p>No pretendamos sustituir las responsabilidades del gobierno, pero tampoco pretendamos que el gobierno desempe\u00f1e las funciones que s\u00f3lo a nosotros, como partido, nos corresponde desempe\u00f1ar.<\/p>\n<p>Hoy estamos ante una aut\u00e9ntica competencia. El gobierno no nos dar\u00e1 el triunfo: el triunfo vendr\u00e1 de nuestro trabajo, de nuestro esfuerzo, de nuestra dedicaci\u00f3n.<\/p>\n<p>Los tiempos de la competencia pol\u00edtica en nuestro pa\u00eds han acabado con toda presunci\u00f3n de la existencia de un partido de Estado. Los tiempos de la competencia pol\u00edtica son la gran oportunidad que tenemos como partido para convertir nuestra gran fuerza en independencia con respecto del gobierno.<\/p>\n<p>Hoy somos la opci\u00f3n que ofrece el cambio con responsabilidad. Somos la opci\u00f3n que mejor conoce lo que se ha hecho. Que sabe de los resultados de sus programas, de sus aciertos y de sus errores.<\/p>\n<p>Somos la opci\u00f3n capaz de conservar lo que ha tenido \u00e9xito y somos la opci\u00f3n de encontrar nuevos caminos de soluci\u00f3n para los problemas pendientes.<\/p>\n<p>No entendemos el cambio como un rechazo indiscriminado a lo que otros hicieron. Lo entendemos como la capacidad para aprender, para innovar, para superar las deficiencias y los obst\u00e1culos.<\/p>\n<p>\u00a1Cambiemos, s\u00ed! \u00a1Cambiemos! \u00a1Pero hag\u00e1moslo con responsabilidad, consolidando los avances reales que se han alcanzado, y por supuesto, manteniendo lo propio: nuestros valores y nuestra cultura!<\/p>\n<p>\u00a1M\u00e9xico no quiere aventuras pol\u00edticas!. \u00a1M\u00e9xico no quiere saltos al vac\u00edo!. \u00a1M\u00e9xico no quiere retrocesos a esquemas que ya estuvieron en el poder y probaron ser ineficaces!. \u00a1M\u00e9xico quiere democracia pero rechaza su perversi\u00f3n: la demagogia!<\/p>\n<p>Ofrecemos cambio con rumbo y responsabilidad, con paz, con tranquilidad. Se equivocan quienes piensan que la transformaci\u00f3n democr\u00e1tica de M\u00e9xico exige la desaparici\u00f3n del PRI.<\/p>\n<p>No hemos estado exentos de errores, pero dif\u00edcilmente podr\u00edamos explicar el M\u00e9xico contempor\u00e1neo sin la contribuci\u00f3n de nuestro partido. Por eso, pese a nuestros detractores y a la cr\u00edtica de nuestros opositores, somos orgullosamente pri\u00edstas.<\/p>\n<p>Debemos admitir que hoy necesitamos transformar la pol\u00edtica para cumplirle a los mexicanos.<\/p>\n<p>Proponemos la reforma del poder para que exista una nueva relaci\u00f3n entre el ciudadano y el Estado. Hoy, ante el pri\u00edsmo de M\u00e9xico, ante los mexicanos, expreso mi compromiso de reformar el poder para democratizarlo y para acabar con cualquier vestigio de autoritarismo.<\/p>\n<p>Sabemos que el origen de muchos de nuestros males se encuentra en una excesiva concentraci\u00f3n del poder. Concentraci\u00f3n del poder que da lugar a decisiones equivocadas; al monopolio de iniciativas; a los abusos, a los excesos. Reformar el poder significa un presidencialismo sujeto estrictamente a los l\u00edmites constitucionales de su origen republicano y democr\u00e1tico.<\/p>\n<p>Reformar el poder significa fortalecer y respetar las atribuciones del Congreso Federal.<\/p>\n<p>Reformar el poder significa hacer del sistema de impartici\u00f3n de justicia, una instancia independiente de la m\u00e1xima respetabilidad y certidumbre entre las instituciones de la Rep\u00fablica.<\/p>\n<p>Reformar el poder significa llevar el gobierno a las comunidades, a trav\u00e9s de un nuevo federalismo. Significa tambi\u00e9n nuevos m\u00e9todos de administraci\u00f3n para que cada ciudadano obtenga respuestas eficientes y oportunas cuando requiere servicios, cuando plantea sus problemas, o cuando sue\u00f1a con horizontes m\u00e1s cercanos a las manos de sus hijos.<\/p>\n<p>Estos son mis compromisos con la reforma del poder. Es as\u00ed como yo pienso que cada ciudadano tendr\u00e1 m\u00e1s libertades, m\u00e1s garant\u00edas, para que sus intereses sean respetados; para gozar de seguridad y de una aplicaci\u00f3n imparcial de la ley.<\/p>\n<p>Los pri\u00edstas creemos en el cambio con responsabilidad.<\/p>\n<p>Por eso es que hemos hecho nuevas propuestas, que hemos asumido nuevas tareas. Por eso es que convocamos &#8211; antes que nadie &#8211; a un debate entre los candidatos a la Presidencia de la Rep\u00fablica.<\/p>\n<p>Hemos alentado acuerdos entre partidos; hemos planteado revisar el listado electoral; hemos solicitado la participaci\u00f3n de observadores en todo el proceso electoral y la integraci\u00f3n de un sistema de resultados oportunos.<\/p>\n<p>Por eso es que tambi\u00e9n hemos resuelto dar transparencia a todos nuestros gastos.<\/p>\n<p>Estamos por elegir candidatos a diversos cargos de elecci\u00f3n popular.<\/p>\n<p>Amigas y amigos:<\/p>\n<p>Tenemos que aprovechar este proceso para darle mayor fuerza a nuestra organizaci\u00f3n. Todos los pri\u00edstas tenemos una tarea que cumplir, todos tenemos una responsabilidad que asumir.<\/p>\n<p>No queremos candidatos que, al ser postulados, los primeros sorprendidos en conocer su supuesta militancia, seamos los propios pri\u00edstas.<\/p>\n<p>Asumimos todos estos compromisos de reforma republicana, de reforma democr\u00e1tica y federal; de reforma de los procedimientos y de su contexto; de reforma interna del PRI.<\/p>\n<p>Y lo hacemos porque somos conscientes que la sociedad mexicana ha cambiado y que demanda en consecuencia un cambio en las pr\u00e1cticas pol\u00edticas. El PRI participar\u00e1 con civilidad y con respeto a nuestro pluralismo en las elecciones del 21 de agosto.<\/p>\n<p>Como candidato del PRI a la Presidencia de M\u00e9xico reafirmo mi compromiso indeclinable con la transformaci\u00f3n democr\u00e1tica de M\u00e9xico.<\/p>\n<p>Que se entienda bien: ese d\u00eda s\u00f3lo podr\u00e1 haber un solo vencedor. S\u00f3lo es admisible el triunfo claro, inobjetable, del pueblo de M\u00e9xico.<\/p>\n<p>Y para que el pueblo de M\u00e9xico triunfe el 21 de agosto, los partidos pol\u00edticos &#8211; todos &#8211; tendremos que sujetarnos a la ley y s\u00f3lo a ella, sin ventajas para nadie, sin prepotencias, sin abusos y sin arbitrariedades.<\/p>\n<p>Por ello, congruente con mi exigencia de una elecci\u00f3n democr\u00e1tica, aspiro a que el Congreso de la Uni\u00f3n decida las reformas electorales que procedan, siempre a partir de los consensos que los partidos hemos venido construyendo en el marco del Acuerdo por la Paz, la Justicia y la Democracia, firmado el 27 de enero.<\/p>\n<p>Aspiro a que juntos ampliemos la autonom\u00eda y afiancemos la imparcialidad de nuestros organismos electorales, a fin de que la voluntad popular y s\u00f3lo ella, determine los resultados de los comicios.<\/p>\n<p>Confiabilidad, certeza, regularidad y limpieza electorales no pueden seguir siendo s\u00f3lo aspiraciones, tienen que ser realidades que se impongan en las conciencias de los ciudadanos. De ah\u00ed nuestro compromiso con la participaci\u00f3n de observadores en el proceso electoral.<\/p>\n<p>La elecci\u00f3n es de la sociedad y por tanto no puede ser un asunto cerrado. Su transparencia exige de la participaci\u00f3n de observadores y no excluye que de ella pueda darse el m\u00e1s amplio testimonio, tanto por parte de nuestros ciudadanos como de visitantes internacionales. De ninguna manera tenemos por qu\u00e9 mirar con temor a quienes desean conocer la naturaleza de nuestros procesos democr\u00e1ticos.<\/p>\n<p>Nuestras elecciones &#8211; y lo digo con pleno convencimiento &#8211; no tendr\u00e1n verg\u00fcenzas qu\u00e9 ocultar.<\/p>\n<p><script async src=\"\/\/pagead2.googlesyndication.com\/pagead\/js\/adsbygoogle.js\"><\/script><br \/>\n<ins class=\"adsbygoogle\"\n     style=\"display:block; text-align:center;\"\n     data-ad-layout=\"in-article\"\n     data-ad-format=\"fluid\"\n     data-ad-client=\"ca-pub-1136171134853753\"\n     data-ad-slot=\"8578966557\"><\/ins><br \/>\n<script>\n     (adsbygoogle = window.adsbygoogle || []).push({});\n<\/script><\/p>\n<p>El PRI estar\u00e1 al frente del avance democr\u00e1tico de M\u00e9xico, asumiendo sus responsabilidades y respondiendo a las exigencias de la sociedad mexicana.<\/p>\n<p>En estos meses de intensos recorridos por todo el pa\u00eds, de visita a muchas comunidades, de contacto y di\u00e1logo con mi Partido y con la ciudadan\u00eda entera, me he encontrado con el M\u00e9xico de los justos reclamos, de los antiguos agravios y de las nuevas demandas; el M\u00e9xico de las esperanzas, el que exige respuestas, el que ya no puede esperar.<\/p>\n<p>Ese es el M\u00e9xico que nos convoca hoy; ese es el M\u00e9xico que convoca a mi conciencia; ese es el M\u00e9xico al que habremos de darle seguridad, al que habremos de darle rumbo en la nueva etapa del cambio.<\/p>\n<p>Yo veo un M\u00e9xico de comunidades ind\u00edgenas, que no pueden esperar m\u00e1s a las exigencias de justicia, de dignidad y de progreso; de comunidades ind\u00edgenas que tienen la gran fortaleza de su cohesi\u00f3n, de su cultura y de que est\u00e1n dispuestas a creer, a participar, a construir nuevos horizontes.<\/p>\n<p>Yo veo un M\u00e9xico de campesinos que a\u00fan no tienen las respuestas que merecen. He visto un campo empobrecido, endeudado, pero tambi\u00e9n he visto un campo con capacidad de reaccionar, de rendir frutos si se establecen y se arraigan los incentivos adecuados.<\/p>\n<p>Veo un cambio en el campo; un campo con una gran vocaci\u00f3n productiva; un campo que est\u00e1 llamado a jugar un papel decisivo en la nueva etapa de progreso para nuestro pa\u00eds.<\/p>\n<p>Yo veo un M\u00e9xico de trabajadores que no encuentran los empleos ni los salarios que demandan; pero tambi\u00e9n veo un M\u00e9xico de trabajadores que se han sumado decididamente al esfuerzo productivo, y a los que hay que responderles con puestos de trabajo, con adiestramiento, con capacitaci\u00f3n y con mejores salarios.<\/p>\n<p>Yo veo un M\u00e9xico de j\u00f3venes que enfrentan todos los d\u00edas la dif\u00edcil realidad de la falta de empleo, que no siempre tienen a su alcance las oportunidades de educaci\u00f3n y de preparaci\u00f3n. J\u00f3venes que muchas veces se ven orillados a la delincuencia, a la drogadicci\u00f3n; pero tambi\u00e9n veo j\u00f3venes que cuando cuentan con los apoyos, que cuando cuentan con las oportunidades que demandan, participan con su energ\u00eda de manera decisiva en el progreso de la Naci\u00f3n.<\/p>\n<p>Yo veo un M\u00e9xico de mujeres que a\u00fan no cuentan con las oportunidades que les pertenecen; mujeres con una gran capacidad, una gran capacidad para enriquecer nuestra vida econ\u00f3mica, pol\u00edtica y social. Mujeres en suma que reclaman una participaci\u00f3n m\u00e1s plena, m\u00e1s justa, en el M\u00e9xico de nuestros d\u00edas.<\/p>\n<p>Yo veo un M\u00e9xico de empresarios, de la peque\u00f1a y la mediana empresa, a veces desalentados por el burocratismo, por el mar de tr\u00e1mites, por la discrecionalidad en las autoridades. Son gente creativa y entregada, dispuesta al trabajo, dispuesta a arriesgar, que quieren oportunidades y que demandan una econom\u00eda que les ofrezca condiciones m\u00e1s favorables.<\/p>\n<p>Yo veo un M\u00e9xico de profesionistas que no encuentran los empleos que los ayuden a desarrollar sus aptitudes y sus destrezas.<\/p>\n<p>Un M\u00e9xico de maestras y de maestros, de universitarios, de investigadores, que piden reconocimiento a su vida profesional, que piden la elevaci\u00f3n de sus ingresos y condiciones m\u00e1s favorables para el rendimiento de sus frutos acad\u00e9micos; t\u00e9cnicos que buscan las oportunidades para aportar su mejor esfuerzo.<\/p>\n<p>Todos ellos son las mujeres y los hombres que mucho han contribuido a la construcci\u00f3n del pa\u00eds en que vivimos y a quienes habremos de responderles.<\/p>\n<p>Yo veo un M\u00e9xico con hambre y con sed de justicia. Un M\u00e9xico de gente agraviada, de gente agraviada por las distorsiones que imponen a la ley quienes deber\u00edan de servirla. De mujeres y hombres afligidos por abuso de las autoridades o por la arrogancia de las oficinas gubernamentales.<\/p>\n<p>Veo a ciudadanos angustiados por la falta de seguridad, ciudadanos que merecen mejores servicios y gobiernos que les cumplan. Ciudadanos que a\u00fan no tienen fincada en el futuro la derrota; son ciudadanos que tienen esperanza y que est\u00e1n dispuestos a sumar su esfuerzo para alcanzar el progreso.<\/p>\n<p>Yo veo un M\u00e9xico convencido de que \u00e9sta es la hora de las respuestas; un M\u00e9xico que exige soluciones. Los problemas que enfrentamos los podemos superar.<\/p>\n<p>Yo me propongo encabezar un gobierno para responderle a todos los mexicanos. El cambio con rumbo y con responsabilidad no puede esperar.<\/p>\n<p>Manifiesto mi m\u00e1s profundo compromiso con Chiapas. Por eso debemos escuchar todas las voces, no debemos admitir que nadie monopolice el sentimiento de los chiapanecos.<\/p>\n<p>Expreso mi solidaridad a todos aquellos chiapanecos que aun no han dicho su verdad, a todos aquellos que tienen una voz que transmitir y a todos aquellos que tienen una palabra que expresar.<\/p>\n<p>Debemos de asumir y debemos de decidir. Debemos de decidir si nos asumimos plenamente como una sociedad plural o si concesionamos s\u00f3lo a algunos la interlocuci\u00f3n de nuestros intereses.<\/p>\n<p>Chiapas es un llamado a la conciencia de todos los mexicanos. Pero nuestra propuesta de cambio, no se limita a responderle solamente a Chiapas. Le queremos responder a todos los mexicanos, a los de todos los pueblos, a los de todos los barrios, a los de todas las comunidades.<\/p>\n<p>Queremos cumplirle a los chiapanecos, pero tambi\u00e9n a los mexicanos de la Huasteca, a los de La Laguna, a los de la Monta\u00f1a de Guerrero, a los de la Sierra Norte de Puebla, a los de Tepito o a los de las barrancas de Alvaro Obreg\u00f3n, aqu\u00ed en el Distrito Federal; a los del puerto de Anapra, en Ciudad Ju\u00e1rez, Chihuahua; a los de la Colonia Insurgentes, en Guadalajara, Jalisco; o a los de San Bernab\u00e9, en Monterrey, Nuevo Le\u00f3n.<\/p>\n<p>Mi compromiso es con todos los mexicanos; mi compromiso es luchar contra la desigualdad y evitar crear nuevos privilegios de grupo o de regi\u00f3n.<\/p>\n<p>Los mexicanos ante el conflicto hemos ratificado nuestra unidad esencial bajo una bandera y nuestro \u00e1nimo de concordia.<\/p>\n<p>Nuestras instituciones probaron su legitimidad y su eficacia. De la soluci\u00f3n del conflicto, han salido fortalecidas.<\/p>\n<p>Desde aqu\u00ed manifiesto mi reconocimiento al Ej\u00e9rcito Mexicano por su patriotismo, lealtad y entrega en la defensa del inter\u00e9s y la unidad nacionales.<\/p>\n<p>Frente a Chiapas los pri\u00edstas debemos de reflexionar. Como partido de la estabilidad y la justicia social, nos averg\u00fcenza advertir que no fuimos sensibles a los grandes reclamos de nuestras comunidades; que no estuvimos al lado de ellas en sus aspiraciones; que no estuvimos a la altura del compromiso que ellas esperaban de nosotros.<\/p>\n<p>Tenemos que asumir esta autocr\u00edtica y tenemos que romper con las pr\u00e1cticas que nos hicieron una organizaci\u00f3n r\u00edgida. Tenemos que superar las actitudes que debilitan nuestra capacidad de innovaci\u00f3n y de cambio.<\/p>\n<p>Recuperemos nuestra iniciativa, recuperemos nuestra fuerza, para representar las mejores causas, para ofrecer los caminos de la paz, para responder ante las injusticias.<\/p>\n<p>Recuperemos esos valores. Hag\u00e1moslo en esta campa\u00f1a. Empecemos por afirmar nuestra identidad, nuestro orgullo militante y afirmemos nuestra independencia del Gobierno.<\/p>\n<p>Es la hora de un nuevo impulso econ\u00f3mico; es la hora de crecer sin perder la estabilidad financiera ni la estabilidad de precios. La econom\u00eda, m\u00e1s all\u00e1 de las metas t\u00e9cnicas, tiene que estar al servicio de los mexicanos.<\/p>\n<p>Por eso, el nuevo crecimiento econ\u00f3mico tiene que ser distribuido con mayor equidad, con empleos crecientes, con ingresos suficientes.<\/p>\n<p>Que no nos quepa la menor duda: M\u00e9xico cerrar\u00e1 este siglo con una econom\u00eda mucho m\u00e1s fuerte. Existen las condiciones para hacerlo, la sociedad lo demanda.<\/p>\n<p>La tarea del crecimiento con estabilidad ser\u00e1 de todos los mexicanos.<\/p>\n<p>Es la hora de la confianza para todos, la de traducir las buenas finanzas nacionales, en buenas finanzas familiares.<\/p>\n<p>Es la hora de convertir la estabilidad econ\u00f3mica en mejores ingresos para el obrero, en mejores ingresos para el campesino, para el ganadero o para el comerciante, para el empleado o para el oficinista, para el artesano o el profesionista, para el intelectual y para las maestras y los maestros de M\u00e9xico.<\/p>\n<p>Es la hora de los apoyos efectivos y del impulso al esfuerzo que realizan las mujeres y los hombres al frente de micro, peque\u00f1as y medianas empresas. Que se les lleve a superar sus dificultades, que se les apoye a ampliar sus negocios con mejores tecnolog\u00edas para que sean m\u00e1s competitivos en los mercados.<\/p>\n<p>Es la hora del gran combate a la desigualdad, es la hora de la superaci\u00f3n de la pobreza extrema, es la hora de la garant\u00eda para todos de educaci\u00f3n, de salud, de vivienda digna. Esa es la reforma social de la que habl\u00e9 en Huejutla.<\/p>\n<p>Es la hora de hacer justicia a nuestros ind\u00edgenas, de superar sus rezagos y sus carencias; de respetar su dignidad. Como lo dije en San Pablo Guelatao, Oaxaca: es la hora de celebrar un nuevo pacto del Estado mexicano con las comunidades ind\u00edgenas.<\/p>\n<p>Es la hora de nuevas oportunidades para el campo de M\u00e9xico, como lo compromet\u00ed en Anenecuilco, Morelos. Es la hora de enfrentar con decisi\u00f3n y con firmeza la pobreza, y mejorar los niveles de vida de los campesinos.<\/p>\n<p>Es la hora de que el Art\u00edculo 27 de la Constituci\u00f3n se exprese en bienestar, en justicia, en libertad para los hombres del campo. Y es la hora de acabar para siempre con todo vestigio de latifundio; es la hora de dar certidumbre al ejido, a las tierras comunales y a la peque\u00f1a propiedad.<\/p>\n<p>Es la hora de impulsar la reforma agraria para nuestro tiempo. Es la hora de promover m\u00e1s y mejor inversi\u00f3n en el campo; de alentar de manera mejor y m\u00e1s eficaz, con libertad, la participaci\u00f3n de los campesinos.<\/p>\n<p>Es la hora de dar soluci\u00f3n a los problemas de la cartera vencida en el campo, del cr\u00e9dito escaso y caro.<\/p>\n<p>Es la hora de asociar los esfuerzos de los productores; es la hora de constituir m\u00e1s cajas de ahorro, m\u00e1s uniones de cr\u00e9dito y de poner en marcha nuevos mecanismos de comercializaci\u00f3n.<\/p>\n<p>Es la hora de las regiones de M\u00e9xico, para aprovechar mejor los recursos, para aprovechar mejor la capacidad y el talento de cada una de las comunidades del pa\u00eds, de cada ciudad de nuestro pa\u00eds, de cada estado de la Rep\u00fablica.<\/p>\n<p>Un desarrollo regional que abra las esperanzas de cada rinc\u00f3n de M\u00e9xico, que canalice recursos para mantener la infraestructura carretera, ferroviaria, portuaria, hidr\u00e1ulica y energ\u00e9tica.<\/p>\n<p>Es la hora de superar la soberbia del centralismo, como lo dije en Jalisco; de apoyar decididamente al municipio. Es la hora de un nuevo Federalismo; es la hora de dotar de mayor poder pol\u00edtico y financiero, a nuestros estados, como lo dije en Tabasco; es la hora de garantizar plenamente la conservaci\u00f3n de nuestros recursos naturales, de nuestro medio ambiente, de nuestra ecolog\u00eda.<\/p>\n<p>Es la hora de una educaci\u00f3n nacionalista y de calidad; es la hora de una educaci\u00f3n para la competencia; es la hora de nuestras escuelas, de nuestros tecnol\u00f3gicos; es la hora de la universidad p\u00fablica en M\u00e9xico; es la hora de la gran infraestructura para la capacitaci\u00f3n de todos los mexicanos que quieran progresar.<\/p>\n<p>La educaci\u00f3n es nuestra m\u00e1s grande batalla para el futuro. A ella destinaremos mayores recursos.<\/p>\n<p>Es la hora de reformar el poder, de construir un nuevo equilibrio en la vida de la Rep\u00fablica; es la hora del poder del ciudadano. Es la hora de la democracia en M\u00e9xico; es la hora de hacer de la buena aplicaci\u00f3n de la justicia el gran instrumento para combatir el cacicazgo, para combatir los templos de poder y el abandono de nuestras comunidades.<\/p>\n<p>\u00a1Es la hora de cerrarle el paso al influyentismo, a la corrupci\u00f3n y a la impunidad!<\/p>\n<p>Es la hora de la Naci\u00f3n. Es la hora de ser fuertes todos haciendo fuerte a M\u00e9xico. Es la hora de reafirmar valores que nos unen. Es la hora del cambio con rumbo seguro para garantizar paz y tranquilidad a nuestros hijos.<\/p>\n<p>La \u00fanica continuidad que propongo es la del cambio; la del cambio que conserve lo valioso. Queremos un cambio con responsabilidad en el que no se olvide ning\u00fan \u00e1mbito de la vida nacional; queremos un cambio democr\u00e1tico para una mejor econom\u00eda, para un mayor desarrollo social. Y hoy existen las condiciones para lograrlo; la sociedad lo demanda.<\/p>\n<p>Hoy queda claro que los cambios no pueden ser ni marginales ni aislados. La v\u00eda del cambio corre en igual sentido y en igual intensidad y urgencia por el campo de la pol\u00edtica, por el campo de la econom\u00eda y del bienestar social.<\/p>\n<p>Con firmeza, convicci\u00f3n y plena confianza, declaro: \u00a1Quiero ser Presidente de M\u00e9xico para encabezar esta nueva etapa de cambio en M\u00e9xico!<\/p>\n<p>Amigas y amigos; amigas y amigos:<\/p>\n<p>Asumo el compromiso de una conducci\u00f3n pol\u00edtica para la confianza; una conducci\u00f3n pol\u00edtica responsable, para llevar a cabo los cambios que requerimos, para cerrarle el paso a toda intenci\u00f3n desestabilizadora, de provocaci\u00f3n, de crisis, de enfrentamiento.<\/p>\n<p>Haremos de nuestra capacidad de cambio el mejor argumento para convocar a la confianza de los mexicanos, para garantizar la paz, para fortalecer nuestra unidad.<\/p>\n<p>Somos una gran Naci\u00f3n porque nos hemos mantenido b\u00e1sicamente unidos, pero con respeto a la pluralidad.<\/p>\n<p>Queremos un M\u00e9xico unido, queremos un M\u00e9xico fuerte, queremos un M\u00e9xico soberano. Un M\u00e9xico de libertades, un M\u00e9xico con paz, porque son amplios los cauces de la democracia y de la justicia.<\/p>\n<p>Hay sitio para todos en el M\u00e9xico por el que luchamos afanosamente.<\/p>\n<p>Soy un mexicano de ra\u00edces populares. Soy un mexicano que ha recorrido en muchas ocasiones nuestro pa\u00eds, que no cesa de maravillarse ante la gran variedad y riqueza humana de nuestra patria y que no cesa tampoco de advertir carencias y dolores.<\/p>\n<p>Me apasiona convivir, compartir, escuchar y comprender al pueblo al que pertenezco. Aprendo diariamente de sus actitudes francas, de sus actitudes sencillas.<\/p>\n<p>Reitero que provengo de una cultura del esfuerzo y no del privilegio. Como mis padres, como mis abuelos, soy un hombre de trabajo que conf\u00eda m\u00e1s en los hechos que en las palabras. Pero por eso mismo, soy un hombre de palabra, un hombre de palabra que la empe\u00f1o ahora mismo para comprometerme al cambio que he propuesto: un cambio con rumbo y con responsabilidad.<\/p>\n<p>El gran reclamo de M\u00e9xico es la democracia. El pa\u00eds quiere ejercerla a cabalidad. M\u00e9xico exige, nosotros responderemos.<\/p>\n<p>Como Candidato a la Presidencia de la Rep\u00fablica, estoy listo tambi\u00e9n.<\/p>\n<p>Demos nuestro mayor esfuerzo en \u00e9sta elecci\u00f3n.<\/p>\n<p>Vamos a echarle ganas.<\/p>\n<p>No hay que bajar la guardia.<\/p>\n<p>Vamos por la victoria.<\/p>\n<p>Gan\u00e9mosla con M\u00e9xico y gan\u00e9mosla para M\u00e9xico.<\/p>\n<p>\u00a1Qu\u00e9 viva el PRI!<\/p>\n<p>\u00a1Qu\u00e9 viva M\u00e9xico!<\/p>\n<p><script async src=\"\/\/pagead2.googlesyndication.com\/pagead\/js\/adsbygoogle.js\"><\/script><br \/>\n<ins class=\"adsbygoogle\"\n     style=\"display:block\"\n     data-ad-format=\"autorelaxed\"\n     data-ad-client=\"ca-pub-1136171134853753\"\n     data-ad-slot=\"4595267748\"><\/ins><br \/>\n<script>\n     (adsbygoogle = window.adsbygoogle || []).push({});\n<\/script><\/p>\n\n\t\t\t  <div \n\t\t\t  \tclass = \"fb-comments\" \n\t\t\t  \tdata-href = \"http:\/\/www.eloriente.net\/home\/2014\/03\/21\/a-19-anos-del-homicidio-contra-luis-donaldo-colosio-su-discurso-del-6-de-marzo-integro-por-el_oriente\/\"\n\t\t\t  \tdata-numposts = \"10\"\n\t\t\t\tdata-colorscheme = \"dark\"\n\t\t\t\tdata-order-by = \"social\"\n\t\t\t\tdata-mobile=true>\n\t\t\t  <\/div>\n\t\t  <style>\n\t\t\t.fb_iframe_widget_fluid_desktop iframe {\n\t\t\t    width: 100% !important;\n\t\t\t}\n\t\t  <\/style>\n\t\t  ","protected":false},"excerpt":{"rendered":"<p>eloriente.net 23 de marzo de 2013 Han pasado 19 a\u00f1os de que Luis Donaldo Colosio Murrieta, entonces candidato del Partido Revolucionario Institucional, fuese asesinado en Lomas Taurinas, Tijuana. No cabe la menor duda de que el tiempo ha reafirmado que el discurso que pronunci\u00f3 apenas 17 d\u00edas antes, el 6 de marzo de 1994, en [&hellip;]<\/p>\n","protected":false},"author":1,"featured_media":10081,"comment_status":"open","ping_status":"open","sticky":false,"template":"","format":"standard","meta":{"_jetpack_memberships_contains_paid_content":false,"footnotes":""},"categories":[32,13],"tags":[],"class_list":["post-10075","post","type-post","status-publish","format-standard","has-post-thumbnail","hentry","category-entradas","category-especiales"],"jetpack_featured_media_url":"http:\/\/www.eloriente.net\/home\/wp-content\/uploads\/2013\/03\/COLOSIO-Algunos-derechos-reservados-por-tombothetominator-e1364057451396.jpg","jetpack_sharing_enabled":true,"_links":{"self":[{"href":"http:\/\/www.eloriente.net\/home\/wp-json\/wp\/v2\/posts\/10075"}],"collection":[{"href":"http:\/\/www.eloriente.net\/home\/wp-json\/wp\/v2\/posts"}],"about":[{"href":"http:\/\/www.eloriente.net\/home\/wp-json\/wp\/v2\/types\/post"}],"author":[{"embeddable":true,"href":"http:\/\/www.eloriente.net\/home\/wp-json\/wp\/v2\/users\/1"}],"replies":[{"embeddable":true,"href":"http:\/\/www.eloriente.net\/home\/wp-json\/wp\/v2\/comments?post=10075"}],"version-history":[{"count":5,"href":"http:\/\/www.eloriente.net\/home\/wp-json\/wp\/v2\/posts\/10075\/revisions"}],"predecessor-version":[{"id":53075,"href":"http:\/\/www.eloriente.net\/home\/wp-json\/wp\/v2\/posts\/10075\/revisions\/53075"}],"wp:featuredmedia":[{"embeddable":true,"href":"http:\/\/www.eloriente.net\/home\/wp-json\/wp\/v2\/media\/10081"}],"wp:attachment":[{"href":"http:\/\/www.eloriente.net\/home\/wp-json\/wp\/v2\/media?parent=10075"}],"wp:term":[{"taxonomy":"category","embeddable":true,"href":"http:\/\/www.eloriente.net\/home\/wp-json\/wp\/v2\/categories?post=10075"},{"taxonomy":"post_tag","embeddable":true,"href":"http:\/\/www.eloriente.net\/home\/wp-json\/wp\/v2\/tags?post=10075"}],"curies":[{"name":"wp","href":"https:\/\/api.w.org\/{rel}","templated":true}]}}