{"id":10340,"date":"2013-04-02T09:45:48","date_gmt":"2013-04-02T15:45:48","guid":{"rendered":"http:\/\/www.eloriente.net\/home\/?p=10340"},"modified":"2016-03-30T14:55:27","modified_gmt":"2016-03-30T20:55:27","slug":"se-promulga-nueva-ley-de-amparo-hoy-entra-en-vigor","status":"publish","type":"post","link":"http:\/\/www.eloriente.net\/home\/2013\/04\/02\/se-promulga-nueva-ley-de-amparo-hoy-entra-en-vigor\/","title":{"rendered":"Se promulga nueva Ley de Amparo; hoy entra en vigor"},"content":{"rendered":"<p><script src=\"\/\/pagead2.googlesyndication.com\/pagead\/js\/adsbygoogle.js\" async=\"\"><\/script><!-- BANNER ELORIENTE INCRUSTADO NOTAS --> <ins class=\"adsbygoogle\" style=\"display: inline-block; width: 300px; height: 250px;\" data-ad-client=\"ca-pub-1136171134853753\" data-ad-slot=\"7974633627\"><\/ins><script>\/\/ <![CDATA[\n(adsbygoogle = window.adsbygoogle || []).push({});\n\/\/ ]]><\/script><\/p>\n<p>eloriente.net\/ <a href=\"http:\/\/www.presidencia.gob.mx\">Presidencia de la Rep\u00fablica<\/a><\/p>\n<p>2 de abril de 2013<\/p>\n<p>eloriente.net (Oaxaca, Oax.) 2 de abril de 2013.- La ma\u00f1ana de este lunes 1 de abril de 2013, el presidente Enrique Pe\u00f1a Nieto firm\u00f3 el decreto con el que se promulga la nueva Ley de Amparo, reglamentaria de los art\u00edculos 103 y 107 de la Constituci\u00f3n Pol\u00edtica de los Estados Unidos Mexicanos que permite a los ciudadanos hacer uso de este instrumento cuando se cometan violaciones a sus derechos humanos.<\/p>\n<p>En Palacio Nacional y en presencia del Secretario de Gobernaci\u00f3n, Miguel \u00c1ngel Osorio; el Procurador General de la Rep\u00fablica, Jes\u00fas Murillo; el Presidente del Senado, Ernesto Cordero; del Ministro Presidente de la Suprema Corte de Justicia de la Naci\u00f3n, Juan Silva Meza; entre otros funcionarios federales, Pe\u00f1a Nieto afirm\u00f3 que despu\u00e9s de 172 de haber sido creado el amparo, se revitaliza el instrumento de control m\u00e1s importante de nuestro sistema jur\u00eddico.<\/p>\n<p>\u201cEl juicio de amparo ha sido y es el principal instrumento de defensa de los derechos que las personas tienen para protegerse de los actos de la autoridad\u201d, expres\u00f3 el jefe del ejecutivo.<\/p>\n<p>Entre los cambios que se concretan en la nueva Ley de Amparo, el Presidente de la Rep\u00fablica destac\u00f3 que, primero, se ampl\u00eda la esfera de protecci\u00f3n a los derechos. Asegur\u00f3 que el juicio de amparo proceder\u00e1 en contra de normas generales, actos y omisiones, por parte de los poderes p\u00fablicos o de particulares en funciones equivalentes a las de autoridad que violen los derechos humanos reconocidos por la Constituci\u00f3n Federal y los tratados internacionales de los que nuestro pa\u00eds sea parte.<\/p>\n<p>Asimismo, se dota de efectos generales a las sentencias de amparo que culminen en la declaratoria de inconstitucionalidad en la norma general, por parte de la Suprema Corte de Justicia de la Naci\u00f3n. En materia de suspensi\u00f3n del acto reclamado, se obliga al \u00f3rgano jurisdiccional a hacer un an\u00e1lisis ponderado de la apariencia del buen derecho y la no afectaci\u00f3n del inter\u00e9s nacional, con el prop\u00f3sito de que no se otorguen suspensiones que causen m\u00e1s perjuicios sociales, que beneficios para el quejoso.<\/p>\n<p>De igual forma se establece la obligaci\u00f3n de los tribunales de fijar en las sentencias de amparo directo los t\u00e9rminos precisos en que deber\u00e1 pronunciarse la nueva resoluci\u00f3n y, acorde con los nuevos tiempos, las promociones ya podr\u00e1n efectuarse en l\u00ednea, mediante el uso de la firma electr\u00f3nica, lo que reducir\u00e1 tiempos y costos en el acceso y administraci\u00f3n de la justicia.<br \/>\n<script src=\"\/\/pagead2.googlesyndication.com\/pagead\/js\/adsbygoogle.js\" async=\"\"><\/script><br \/>\n <!-- BANNER PEQUE\u00d1O PARA ENTRENOTAS EL ORIENTE --><br \/>\n <ins class=\"adsbygoogle\" style=\"display: inline-block; width: 468px; height: 60px;\" data-ad-client=\"ca-pub-1136171134853753\" data-ad-slot=\"4953536424\"><\/ins><br \/>\n<script>\/\/ <![CDATA[\n(adsbygoogle = window.adsbygoogle || []).push({});\n\/\/ ]]><\/script><br \/>\n&nbsp;<\/p>\n<p>Despu\u00e9s de casi dos a\u00f1os de discusi\u00f3n en el Congreso de la Uni\u00f3n, el pasado 20 de marzo la ley fue aprobada por el Senado de la Rep\u00fablica y enviada al Ejecutivo Federal. Tras su promulgaci\u00f3n, el decreto entra en vigor a partir de este martes 3 de abril.<\/p>\n<p>Consulta la nueva Ley de Amparo publicada en el Diario Oficial de la Federaci\u00f3n <a href=\"http:\/\/dof.gob.mx\/nota_detalle.php?codigo=5294184&amp;fecha=02\/04\/2013\" target=\"_blank\">AQU\u00cd.<\/a><\/p>\n<p><iframe loading=\"lazy\" src=\"http:\/\/www.youtube.com\/embed\/qAla1MEWO8s\" width=\"560\" height=\"315\" frameborder=\"0\"><\/iframe><\/p>\n<p>&nbsp;<\/p>\n<p><a href=\"http:\/\/www.eloriente.net\/home\/wp-content\/uploads\/2013\/04\/ley-de-amparo.jpg\"><img loading=\"lazy\" decoding=\"async\" class=\"aligncenter size-medium wp-image-10341\" title=\"ley de amparo\" src=\"http:\/\/www.eloriente.net\/home\/wp-content\/uploads\/2013\/04\/ley-de-amparo-300x182.jpg\" alt=\"\" width=\"300\" height=\"182\" srcset=\"http:\/\/www.eloriente.net\/home\/wp-content\/uploads\/2013\/04\/ley-de-amparo-300x182.jpg 300w, http:\/\/www.eloriente.net\/home\/wp-content\/uploads\/2013\/04\/ley-de-amparo.jpg 642w\" sizes=\"(max-width: 300px) 100vw, 300px\" \/><\/a><\/p>\n<p>Foto: <a href=\"http:\/\/www.oaxaca.gob.mx\/\" target=\"_blank\">Presidencia de la Rep\u00fablica<\/a><\/p>\n\n\t\t\t  <div \n\t\t\t  \tclass = \"fb-comments\" \n\t\t\t  \tdata-href = \"http:\/\/www.eloriente.net\/home\/2013\/04\/02\/se-promulga-nueva-ley-de-amparo-hoy-entra-en-vigor\/\"\n\t\t\t  \tdata-numposts = \"10\"\n\t\t\t\tdata-colorscheme = \"dark\"\n\t\t\t\tdata-order-by = \"social\"\n\t\t\t\tdata-mobile=true>\n\t\t\t  <\/div>\n\t\t  <style>\n\t\t\t.fb_iframe_widget_fluid_desktop iframe {\n\t\t\t    width: 100% !important;\n\t\t\t}\n\t\t  <\/style>\n\t\t  ","protected":false},"excerpt":{"rendered":"<p>eloriente.net\/ Presidencia de la Rep\u00fablica 2 de abril de 2013 eloriente.net (Oaxaca, Oax.) 2 de abril de 2013.- La ma\u00f1ana de este lunes 1 de abril de 2013, el presidente Enrique Pe\u00f1a Nieto firm\u00f3 el decreto con el que se promulga la nueva Ley de Amparo, reglamentaria de los art\u00edculos 103 y 107 de la [&hellip;]<\/p>\n","protected":false},"author":1,"featured_media":10341,"comment_status":"open","ping_status":"open","sticky":false,"template":"","format":"standard","meta":{"_jetpack_memberships_contains_paid_content":false,"footnotes":""},"categories":[32,10,24,21],"tags":[],"class_list":["post-10340","post","type-post","status-publish","format-standard","has-post-thumbnail","hentry","category-entradas","category-lo-mas-reciente","category-mexico-y-el-mundo","category-politica-y-gobierno"],"jetpack_featured_media_url":"http:\/\/www.eloriente.net\/home\/wp-content\/uploads\/2013\/04\/ley-de-amparo.jpg","jetpack_sharing_enabled":true,"_links":{"self":[{"href":"http:\/\/www.eloriente.net\/home\/wp-json\/wp\/v2\/posts\/10340"}],"collection":[{"href":"http:\/\/www.eloriente.net\/home\/wp-json\/wp\/v2\/posts"}],"about":[{"href":"http:\/\/www.eloriente.net\/home\/wp-json\/wp\/v2\/types\/post"}],"author":[{"embeddable":true,"href":"http:\/\/www.eloriente.net\/home\/wp-json\/wp\/v2\/users\/1"}],"replies":[{"embeddable":true,"href":"http:\/\/www.eloriente.net\/home\/wp-json\/wp\/v2\/comments?post=10340"}],"version-history":[{"count":9,"href":"http:\/\/www.eloriente.net\/home\/wp-json\/wp\/v2\/posts\/10340\/revisions"}],"predecessor-version":[{"id":42894,"href":"http:\/\/www.eloriente.net\/home\/wp-json\/wp\/v2\/posts\/10340\/revisions\/42894"}],"wp:featuredmedia":[{"embeddable":true,"href":"http:\/\/www.eloriente.net\/home\/wp-json\/wp\/v2\/media\/10341"}],"wp:attachment":[{"href":"http:\/\/www.eloriente.net\/home\/wp-json\/wp\/v2\/media?parent=10340"}],"wp:term":[{"taxonomy":"category","embeddable":true,"href":"http:\/\/www.eloriente.net\/home\/wp-json\/wp\/v2\/categories?post=10340"},{"taxonomy":"post_tag","embeddable":true,"href":"http:\/\/www.eloriente.net\/home\/wp-json\/wp\/v2\/tags?post=10340"}],"curies":[{"name":"wp","href":"https:\/\/api.w.org\/{rel}","templated":true}]}}