{"id":10350,"date":"2013-04-02T10:09:32","date_gmt":"2013-04-02T16:09:32","guid":{"rendered":"http:\/\/www.eloriente.net\/home\/?p=10350"},"modified":"2013-04-02T10:09:32","modified_gmt":"2013-04-02T16:09:32","slug":"amnistia-denuncia-inseguridad-para-periodistas-en-tehuantepec-oaxaca","status":"publish","type":"post","link":"http:\/\/www.eloriente.net\/home\/2013\/04\/02\/amnistia-denuncia-inseguridad-para-periodistas-en-tehuantepec-oaxaca\/","title":{"rendered":"Amnist\u00eda denuncia inseguridad para periodistas en Tehuantepec, Oaxaca"},"content":{"rendered":"<p>eloriente.net\/<a href=\"http:\/\/amnistia.org.mx\" target=\"_blank\"> AI<\/a><\/p>\n<p>2 de abril de 2013<\/p>\n<p>eloriente.net (Oaxaca, Oax.) 2 de abril de 2013.- Amnist\u00eda Internacional M\u00e9xico denunci\u00f3 en su portal de internet su preocupaci\u00f3n por el patr\u00f3n de \u00abdetenciones e intimidaciones de los que han sido objeto activistas y periodistas en la regi\u00f3n del\u00a0Istmo de Tehuantepec, Oaxaca\u00bb.<\/p>\n<p>La Organizaci\u00f3n asegura haber recibido informaci\u00f3n sobre amenazas de muerte al activista y locutor de una radio comunitaria, Filiberto Vicente Aquino, as\u00ed como las detenciones injustificadas de los periodistas Rosa Rojas,\u00a0Francisco Olvera,\u00a0David Henestrosa,\u00a0Ignacio Garrido,\u00a0Karina Mart\u00ednez\u00a0y\u00a0Eliseo Ram\u00edrez, quienes fueron liberados horas m\u00e1s tarde.<\/p>\n<p>Amnist\u00eda Internacional M\u00e9xico hizo un llamado a las autoridades estatales a garantizar la seguridad de\u00a0Filiberto Vicente Aquino\u00a0 as\u00ed como de los activistas y periodistas que fueron detenidos arbitrariamente.<\/p>\n<p>Asimismo pidi\u00f3 a la\u00a0 Procuradur\u00eda General de Justicia del Estado de Oaxaca\u00a0 investigar de forma pronta e imparcial las denuncias de detenciones injustificadas y de amenazas de las que han sido objeto periodistas y activistas, de tal forma que los responsables de estos actos rindan cuentas ante la justicia.<\/p>\n<p>Cabe recordar que desde hacer varios meses se vive un clima de tensi\u00f3n en Tehuantepec debido a los proyectos de parques e\u00f3licos que se quieren contruir en la regi\u00f3n y a los que se oponen algunos habitantes.<\/p>\n<p>Estos proyectos de gran escala est\u00e1n actualmente en fase de desarrollo en los municipios de San Dionisio del Mar, San Mateo del Mar, y \u00c1lvaro Obreg\u00f3n y Juchit\u00e1n.<\/p>\n<p><a href=\"http:\/\/www.eloriente.net\/home\/wp-content\/uploads\/2013\/04\/maren\u0303as-renovables.jpg\"><img loading=\"lazy\" decoding=\"async\" class=\"aligncenter size-medium wp-image-10351\" title=\"maren\u0303as renovables\" src=\"http:\/\/www.eloriente.net\/home\/wp-content\/uploads\/2013\/04\/maren\u0303as-renovables-300x199.jpg\" alt=\"\" width=\"300\" height=\"199\" srcset=\"http:\/\/www.eloriente.net\/home\/wp-content\/uploads\/2013\/04\/maren\u0303as-renovables-300x199.jpg 300w, http:\/\/www.eloriente.net\/home\/wp-content\/uploads\/2013\/04\/maren\u0303as-renovables.jpg 634w\" sizes=\"(max-width: 300px) 100vw, 300px\" \/><\/a><\/p>\n<p>&nbsp;<\/p>\n\n\t\t\t  <div \n\t\t\t  \tclass = \"fb-comments\" \n\t\t\t  \tdata-href = \"http:\/\/www.eloriente.net\/home\/2013\/04\/02\/amnistia-denuncia-inseguridad-para-periodistas-en-tehuantepec-oaxaca\/\"\n\t\t\t  \tdata-numposts = \"10\"\n\t\t\t\tdata-colorscheme = \"dark\"\n\t\t\t\tdata-order-by = \"social\"\n\t\t\t\tdata-mobile=true>\n\t\t\t  <\/div>\n\t\t  <style>\n\t\t\t.fb_iframe_widget_fluid_desktop iframe {\n\t\t\t    width: 100% !important;\n\t\t\t}\n\t\t  <\/style>\n\t\t  ","protected":false},"excerpt":{"rendered":"<p>eloriente.net\/ AI 2 de abril de 2013 eloriente.net (Oaxaca, Oax.) 2 de abril de 2013.- Amnist\u00eda Internacional M\u00e9xico denunci\u00f3 en su portal de internet su preocupaci\u00f3n por el patr\u00f3n de \u00abdetenciones e intimidaciones de los que han sido objeto activistas y periodistas en la regi\u00f3n del\u00a0Istmo de Tehuantepec, Oaxaca\u00bb. La Organizaci\u00f3n asegura haber recibido informaci\u00f3n [&hellip;]<\/p>\n","protected":false},"author":1,"featured_media":10351,"comment_status":"open","ping_status":"open","sticky":false,"template":"","format":"standard","meta":{"_jetpack_memberships_contains_paid_content":false,"footnotes":""},"categories":[22,32,10,23],"tags":[],"class_list":["post-10350","post","type-post","status-publish","format-standard","has-post-thumbnail","hentry","category-derechos-humanos","category-entradas","category-lo-mas-reciente","category-municipios"],"jetpack_featured_media_url":"http:\/\/www.eloriente.net\/home\/wp-content\/uploads\/2013\/04\/maren\u0303as-renovables.jpg","jetpack_sharing_enabled":true,"_links":{"self":[{"href":"http:\/\/www.eloriente.net\/home\/wp-json\/wp\/v2\/posts\/10350"}],"collection":[{"href":"http:\/\/www.eloriente.net\/home\/wp-json\/wp\/v2\/posts"}],"about":[{"href":"http:\/\/www.eloriente.net\/home\/wp-json\/wp\/v2\/types\/post"}],"author":[{"embeddable":true,"href":"http:\/\/www.eloriente.net\/home\/wp-json\/wp\/v2\/users\/1"}],"replies":[{"embeddable":true,"href":"http:\/\/www.eloriente.net\/home\/wp-json\/wp\/v2\/comments?post=10350"}],"version-history":[{"count":1,"href":"http:\/\/www.eloriente.net\/home\/wp-json\/wp\/v2\/posts\/10350\/revisions"}],"predecessor-version":[{"id":10352,"href":"http:\/\/www.eloriente.net\/home\/wp-json\/wp\/v2\/posts\/10350\/revisions\/10352"}],"wp:featuredmedia":[{"embeddable":true,"href":"http:\/\/www.eloriente.net\/home\/wp-json\/wp\/v2\/media\/10351"}],"wp:attachment":[{"href":"http:\/\/www.eloriente.net\/home\/wp-json\/wp\/v2\/media?parent=10350"}],"wp:term":[{"taxonomy":"category","embeddable":true,"href":"http:\/\/www.eloriente.net\/home\/wp-json\/wp\/v2\/categories?post=10350"},{"taxonomy":"post_tag","embeddable":true,"href":"http:\/\/www.eloriente.net\/home\/wp-json\/wp\/v2\/tags?post=10350"}],"curies":[{"name":"wp","href":"https:\/\/api.w.org\/{rel}","templated":true}]}}