{"id":10353,"date":"2013-04-02T10:36:09","date_gmt":"2013-04-02T16:36:09","guid":{"rendered":"http:\/\/www.eloriente.net\/home\/?p=10353"},"modified":"2013-04-02T16:16:26","modified_gmt":"2013-04-02T22:16:26","slug":"proyecta-oaxaca-festival-internacional-de-diseno-y-artes-digitales","status":"publish","type":"post","link":"http:\/\/www.eloriente.net\/home\/2013\/04\/02\/proyecta-oaxaca-festival-internacional-de-diseno-y-artes-digitales\/","title":{"rendered":"\u00abProyecta Oaxaca\u00bb, Festival Internacional de Dise\u00f1o y Artes Digitales"},"content":{"rendered":"<p>eloriente.net<\/p>\n<p>2 de abril de 2013<\/p>\n<p>eloriente.net (Oaxaca, Oax.) 2 de abril de 2013.- Del 19 al 21 de abril de 2013 se llevar\u00e1 a cabo en el Jard\u00edn Etnobot\u00e1nico de la Ciudad de Oaxaca, el primer <strong>Festival Internacional de Dise\u00f1o y Artes Digitales: Proyecta Oaxaca.<\/strong><\/p>\n<p>\u00abPROYECTA surge como un espacio para promover la colaboraci\u00f3n multidisciplinaria en el dise\u00f1o, explorando nuevas plataformas en las que dise\u00f1adores y artistas produzcan obras in\u00e9ditas en cada edici\u00f3n del festival\u00bb, se informa en el sitio de internet de este encuentro.<\/p>\n<p>En esta primera edici\u00f3n, el Festival se enfocar\u00e1 en mezclar distintas t\u00e9cnicas de proyecci\u00f3n en un contexto \u00fanico en el mundo: el Jard\u00edn Etnobot\u00e1nico de Oaxaca ubicado en el complejo del Ex Convento de Santo Domingo. Mediante proyecciones sobre superficies y espacios del jard\u00edn se crear\u00e1n piezas de animaci\u00f3n e instalaciones interactivas.<\/p>\n<p>Los invitados para el Proyecta Oaxaca son <strong>ANTI VJ<\/strong>, una compa\u00f1\u00eda visual inciada por artistas europeos<strong><\/strong>; <strong>H\u00e9ctor Ayuso<\/strong>, fundador y Director de OFFF; <strong>Dr. Lakra<\/strong>, artista pl\u00e1stico; <strong>Ximena Cuevas<\/strong>, una de las principales videastas mexicanas; <strong>Mr. Kone<\/strong>, Dise\u00f1ador mexicano; Leslie Garc\u00eda, artista digital; <strong>Cocolab<\/strong>, Colectivo multidisciplinario de proyectos art\u00edsticos, culturales y de entretenimiento basados en tecnolog\u00eda y <strong>Luz y Fuerza: Cine expandido, <\/strong>Colectivo formado por creadores de diversas disciplinas como las artes visuales, los medios digitales, la escenograf\u00eda y el dise\u00f1o industrial.<\/p>\n<p>Consulta el programa <a href=\"http:\/\/proyecta.cdo.gob.mx\/programa\" target=\"_blank\">AQU\u00cd.<\/a>\u00a0 Los dos talleres que se impartir\u00e1n durante estos d\u00edas ser\u00e1n\u00a0<em>Pulsu(m) Plantae Taller de Bio-sensores<\/em>, impartido por Leslie Garc\u00eda y\u00a0<em>Fabricaci\u00f3n de proyectores artesanales, <\/em>impartido por\u00a0Luz y Fuerza: Cine expandido. Si te interesa tomar alguno de ellos, consulta los <a href=\"http:\/\/proyecta.cdo.gob.mx\/talleres\" target=\"_blank\">REQUISITOS. <\/a><\/p>\n<p>Todas las actividades del programa son de entrada libre, sin embargo, los interesados en asistir deber\u00e1n registrarse para que el Festival pueda llevar un control de asistentes. Puedes registrarte dando click <a href=\"http:\/\/proyecta.cdo.gob.mx\/registro\" target=\"_blank\">AQU\u00cd.<\/a><\/p>\n<p><iframe loading=\"lazy\" src=\"http:\/\/player.vimeo.com\/video\/62716738\" frameborder=\"0\" width=\"500\" height=\"281\"><\/iframe><\/p>\n<p><a href=\"http:\/\/vimeo.com\/62716738\">PROYECTA OAXACA<\/a> from <a href=\"http:\/\/vimeo.com\/user16412797\">Samuel Rivera<\/a> on <a href=\"http:\/\/vimeo.com\">Vimeo<\/a>.<\/p>\n<p>&nbsp;<\/p>\n<p>&nbsp;<\/p>\n<p>&nbsp;<\/p>\n<p>&nbsp;<\/p>\n<p>&nbsp;<\/p>\n\n\t\t\t  <div \n\t\t\t  \tclass = \"fb-comments\" \n\t\t\t  \tdata-href = \"http:\/\/www.eloriente.net\/home\/2013\/04\/02\/proyecta-oaxaca-festival-internacional-de-diseno-y-artes-digitales\/\"\n\t\t\t  \tdata-numposts = \"10\"\n\t\t\t\tdata-colorscheme = \"dark\"\n\t\t\t\tdata-order-by = \"social\"\n\t\t\t\tdata-mobile=true>\n\t\t\t  <\/div>\n\t\t  <style>\n\t\t\t.fb_iframe_widget_fluid_desktop iframe {\n\t\t\t    width: 100% !important;\n\t\t\t}\n\t\t  <\/style>\n\t\t  ","protected":false},"excerpt":{"rendered":"<p>eloriente.net 2 de abril de 2013 eloriente.net (Oaxaca, Oax.) 2 de abril de 2013.- Del 19 al 21 de abril de 2013 se llevar\u00e1 a cabo en el Jard\u00edn Etnobot\u00e1nico de la Ciudad de Oaxaca, el primer Festival Internacional de Dise\u00f1o y Artes Digitales: Proyecta Oaxaca. \u00abPROYECTA surge como un espacio para promover la colaboraci\u00f3n [&hellip;]<\/p>\n","protected":false},"author":1,"featured_media":10355,"comment_status":"open","ping_status":"open","sticky":false,"template":"","format":"standard","meta":{"_jetpack_memberships_contains_paid_content":false,"footnotes":""},"categories":[8,29,18,32,10],"tags":[],"class_list":["post-10353","post","type-post","status-publish","format-standard","has-post-thumbnail","hentry","category-agenda","category-capital","category-educacion-y-cultura","category-entradas","category-lo-mas-reciente"],"jetpack_featured_media_url":"http:\/\/www.eloriente.net\/home\/wp-content\/uploads\/2013\/04\/Captura-de-pantalla-2013-04-02-a-las-10.31.54.png","jetpack_sharing_enabled":true,"_links":{"self":[{"href":"http:\/\/www.eloriente.net\/home\/wp-json\/wp\/v2\/posts\/10353"}],"collection":[{"href":"http:\/\/www.eloriente.net\/home\/wp-json\/wp\/v2\/posts"}],"about":[{"href":"http:\/\/www.eloriente.net\/home\/wp-json\/wp\/v2\/types\/post"}],"author":[{"embeddable":true,"href":"http:\/\/www.eloriente.net\/home\/wp-json\/wp\/v2\/users\/1"}],"replies":[{"embeddable":true,"href":"http:\/\/www.eloriente.net\/home\/wp-json\/wp\/v2\/comments?post=10353"}],"version-history":[{"count":3,"href":"http:\/\/www.eloriente.net\/home\/wp-json\/wp\/v2\/posts\/10353\/revisions"}],"predecessor-version":[{"id":10364,"href":"http:\/\/www.eloriente.net\/home\/wp-json\/wp\/v2\/posts\/10353\/revisions\/10364"}],"wp:featuredmedia":[{"embeddable":true,"href":"http:\/\/www.eloriente.net\/home\/wp-json\/wp\/v2\/media\/10355"}],"wp:attachment":[{"href":"http:\/\/www.eloriente.net\/home\/wp-json\/wp\/v2\/media?parent=10353"}],"wp:term":[{"taxonomy":"category","embeddable":true,"href":"http:\/\/www.eloriente.net\/home\/wp-json\/wp\/v2\/categories?post=10353"},{"taxonomy":"post_tag","embeddable":true,"href":"http:\/\/www.eloriente.net\/home\/wp-json\/wp\/v2\/tags?post=10353"}],"curies":[{"name":"wp","href":"https:\/\/api.w.org\/{rel}","templated":true}]}}