{"id":10357,"date":"2013-04-02T10:58:26","date_gmt":"2013-04-02T16:58:26","guid":{"rendered":"http:\/\/www.eloriente.net\/home\/?p=10357"},"modified":"2013-04-02T10:58:51","modified_gmt":"2013-04-02T16:58:51","slug":"onu-aprueba-primer-tratado-internacional-sobre-el-comercio-de-armas","status":"publish","type":"post","link":"http:\/\/www.eloriente.net\/home\/2013\/04\/02\/onu-aprueba-primer-tratado-internacional-sobre-el-comercio-de-armas\/","title":{"rendered":"ONU aprueba primer Tratado Internacional sobre el Comercio de Armas"},"content":{"rendered":"<p>eloriente.net\/ <a href=\"http:\/\/www.un.org\" target=\"_blank\">ONU<\/a><\/p>\n<p>2 de abril de 2013<\/p>\n<p>eloriente.net (Oaxaca, Oax.) 2 de abril de 2013.- La Asamblea General de Naciones Unidas ha aprobado este d\u00eda el primer Tratado Internacional sobre el Comercio de Armas, el primero de su tipo en la historia con 154 votos a favor, 3 en contra y 23 abstenciones, una votaci\u00f3n que pone fin a un proceso de m\u00e1s de 10 a\u00f1os de negociaciones.<\/p>\n<p>El protocolo hab\u00eda sido trasladado a ese \u00f3rgano para su aprobaci\u00f3n el viernes \u00faltimo por la Conferencia Final sobre el tema, donde no obtuvo el consenso requerido para su aprobaci\u00f3n, pues Ir\u00e1n, Corea del Norte y Siria bloquearon la adopci\u00f3n del mismo.<\/p>\n<p>El Tratado que reconoce el derecho inherente de los Estados a la defensa individual y colectiva, plantea la regulaci\u00f3n de exportaciones, importaciones, trasbordos e intermediaci\u00f3n de esos artefactos, inform\u00f3 la ONU en su portal de internet.<\/p>\n<p>Indica que las armas convencionales son los tanques de guerra, los veh\u00edculos de combate blindados, los sistemas de artiller\u00eda de gran calibre, aviones y helic\u00f3pteros de combate, buques de guerra, m\u00edsiles y cohetes, as\u00ed como las armas peque\u00f1as y ligeras.<\/p>\n<p>El protocolo instruye a los pa\u00edses exportadores asegurarse de que su expendio a un Estado no socave la paz ni la seguridad internacional o sean utilizadas para cometer violaciones de derechos humanos.<\/p>\n<p>Durante la jornada, varios Estados expresaron que a pesar, de sus aspectos positivos, el documento carec\u00eda de un balance apropiado, y que otorgaba prerrogativas a los pa\u00edses exportadores, en detrimento de los intereses de los importadores.<\/p>\n<p>El Tratado estar\u00e1 abierto a la firma de los Estados miembros en la sede de la ONU a partir del 3 de junio pr\u00f3ximo y entrar\u00e1 en vigor tres meses despu\u00e9s que sea depositada el instrumento de ratificaci\u00f3n por el Estado n\u00famero 50.<\/p>\n<p><a href=\"http:\/\/www.eloriente.net\/home\/wp-content\/uploads\/2013\/04\/onu-tratado-comercio-de-armas.jpg\"><img loading=\"lazy\" decoding=\"async\" class=\"aligncenter size-medium wp-image-10360\" title=\"onu tratado comercio de armas\" src=\"http:\/\/www.eloriente.net\/home\/wp-content\/uploads\/2013\/04\/onu-tratado-comercio-de-armas-300x200.jpg\" alt=\"\" width=\"300\" height=\"200\" srcset=\"http:\/\/www.eloriente.net\/home\/wp-content\/uploads\/2013\/04\/onu-tratado-comercio-de-armas-300x200.jpg 300w, http:\/\/www.eloriente.net\/home\/wp-content\/uploads\/2013\/04\/onu-tratado-comercio-de-armas.jpg 972w\" sizes=\"(max-width: 300px) 100vw, 300px\" \/><\/a><\/p>\n<p>Foto: <a href=\"http:\/\/www.un.org\" target=\"_blank\">ONU<\/a><\/p>\n\n\t\t\t  <div \n\t\t\t  \tclass = \"fb-comments\" \n\t\t\t  \tdata-href = \"http:\/\/www.eloriente.net\/home\/2013\/04\/02\/onu-aprueba-primer-tratado-internacional-sobre-el-comercio-de-armas\/\"\n\t\t\t  \tdata-numposts = \"10\"\n\t\t\t\tdata-colorscheme = \"dark\"\n\t\t\t\tdata-order-by = \"social\"\n\t\t\t\tdata-mobile=true>\n\t\t\t  <\/div>\n\t\t  <style>\n\t\t\t.fb_iframe_widget_fluid_desktop iframe {\n\t\t\t    width: 100% !important;\n\t\t\t}\n\t\t  <\/style>\n\t\t  ","protected":false},"excerpt":{"rendered":"<p>eloriente.net\/ ONU 2 de abril de 2013 eloriente.net (Oaxaca, Oax.) 2 de abril de 2013.- La Asamblea General de Naciones Unidas ha aprobado este d\u00eda el primer Tratado Internacional sobre el Comercio de Armas, el primero de su tipo en la historia con 154 votos a favor, 3 en contra y 23 abstenciones, una votaci\u00f3n [&hellip;]<\/p>\n","protected":false},"author":1,"featured_media":10360,"comment_status":"open","ping_status":"open","sticky":false,"template":"","format":"standard","meta":{"_jetpack_memberships_contains_paid_content":false,"footnotes":""},"categories":[32,10,24],"tags":[],"class_list":["post-10357","post","type-post","status-publish","format-standard","has-post-thumbnail","hentry","category-entradas","category-lo-mas-reciente","category-mexico-y-el-mundo"],"jetpack_featured_media_url":"http:\/\/www.eloriente.net\/home\/wp-content\/uploads\/2013\/04\/onu-tratado-comercio-de-armas.jpg","jetpack_sharing_enabled":true,"_links":{"self":[{"href":"http:\/\/www.eloriente.net\/home\/wp-json\/wp\/v2\/posts\/10357"}],"collection":[{"href":"http:\/\/www.eloriente.net\/home\/wp-json\/wp\/v2\/posts"}],"about":[{"href":"http:\/\/www.eloriente.net\/home\/wp-json\/wp\/v2\/types\/post"}],"author":[{"embeddable":true,"href":"http:\/\/www.eloriente.net\/home\/wp-json\/wp\/v2\/users\/1"}],"replies":[{"embeddable":true,"href":"http:\/\/www.eloriente.net\/home\/wp-json\/wp\/v2\/comments?post=10357"}],"version-history":[{"count":4,"href":"http:\/\/www.eloriente.net\/home\/wp-json\/wp\/v2\/posts\/10357\/revisions"}],"predecessor-version":[{"id":10363,"href":"http:\/\/www.eloriente.net\/home\/wp-json\/wp\/v2\/posts\/10357\/revisions\/10363"}],"wp:featuredmedia":[{"embeddable":true,"href":"http:\/\/www.eloriente.net\/home\/wp-json\/wp\/v2\/media\/10360"}],"wp:attachment":[{"href":"http:\/\/www.eloriente.net\/home\/wp-json\/wp\/v2\/media?parent=10357"}],"wp:term":[{"taxonomy":"category","embeddable":true,"href":"http:\/\/www.eloriente.net\/home\/wp-json\/wp\/v2\/categories?post=10357"},{"taxonomy":"post_tag","embeddable":true,"href":"http:\/\/www.eloriente.net\/home\/wp-json\/wp\/v2\/tags?post=10357"}],"curies":[{"name":"wp","href":"https:\/\/api.w.org\/{rel}","templated":true}]}}