{"id":10752,"date":"2013-04-13T10:21:53","date_gmt":"2013-04-13T16:21:53","guid":{"rendered":"http:\/\/www.eloriente.net\/home\/?p=10752"},"modified":"2013-04-13T10:22:30","modified_gmt":"2013-04-13T16:22:30","slug":"justicia-constitucional-es-esencial-para-el-regimen-luna-ramos","status":"publish","type":"post","link":"http:\/\/www.eloriente.net\/home\/2013\/04\/13\/justicia-constitucional-es-esencial-para-el-regimen-luna-ramos\/","title":{"rendered":"Justicia Constitucional Electoral esencial para el R\u00e9gimen: Luna Ramos"},"content":{"rendered":"<p>eloriente.net\/TSJEO\/UABJO<\/p>\n<p>13 de abril de 2013<\/p>\n<p>eloriente.net (Oaxaca, Oax. a 13 de abril de 2013).- La Universidad Aut\u00f3noma Benito Ju\u00e1rez de Oaxaca y el Tribunal Electoral del Poder Judicial de la Federaci\u00f3n enmarcaron ayer el inicio de un convenio de colaboraci\u00f3n interinstitucional y de la Primera Jornada de Difusion de la Jurisprudencia Nacional.<\/p>\n<p>Para efectos del primero, el Rector de la M\u00e1xima Casa de Estudios de la entidad, Eduardo Mart\u00ednez Helmes, y el Magistrado Presidente de dicho Tribunal, Jos\u00e9 Alejandro Luna Ramos, firmaron un acuerdo de colaboraci\u00f3n a trav\u00e9s del cual se busca establecer programas, proyectos y actividades de inter\u00e9s rec\u00edproco en las materias de justicia electoral e igualdad de g\u00e9nero.<\/p>\n<p>Entre los objetivos del convenio est\u00e1n los que ata\u00f1en a las herramientas con las que cuenta la ciudadan\u00eda para la protecci\u00f3n de sus derechos pol\u00edtico-electorales, y proporcionar a las futuras generaciones los instrumentos necesarios para que se analicen los medios de impugnaci\u00f3n y los componentes que conforman las sentencias relevantes del Tribunal.<\/p>\n<p>El Rector Mart\u00ednez Helmes asegur\u00f3 que \u201ccon la firma de este convenio, los universitarios buscamos consolidar las bases jur\u00eddicas con miras a crear un modelo de sociedad m\u00e1s justa, estableciendo nuevas relaciones entre hombres y mujeres en un marco de igualdad.\u201d<\/p>\n<p>Adem\u00e1s, se abrieron las actividades relativas a la Jornada Nacional de Difusi\u00f3n de la Jurisprudencia Electoral, la cual contempla la realizaci\u00f3n de mesas de an\u00e1lisis en los temas: \u201cJurisprudencia en materia de derecho de acceso al cargo\u201d, \u201cJurisprudencia en libertad de expresi\u00f3n en materia electoral\u201d, \u201cJurisprudencia en materia de control constitucional de lesyes electorales\u201d y \u201cJurisprudencia electoral en materia de derechos ind\u00edgenas\u201d.<\/p>\n<p>A este encuentro acudi\u00f3 Alfredo Lagunas Rivera, Presidente del Tribunal Superior de Justicia de Oaxaca, quien consider\u00f3 que la jurisprudencia electoral es un aspecto eficaz en la impartici\u00f3n de justicia ya que otorga certeza jur\u00eddica y permite reducir la discrecionalidad de jueces y autoridades administrativas en la materia, adem\u00e1s de que es de observancia obligatoria y se encuentra en permanente transformaci\u00f3n.<\/p>\n<p>Durante el evento, efectuado en el paraninfo de la Facultad de Derecho y Ciencias Sociales de la Universidad Aut\u00f3noma \u201cBenito Ju\u00e1rez\u201d de Oaxaca, el presidente del Tribunal Electoral del Poder Judicial de la Federaci\u00f3n se\u00f1al\u00f3 que \u201cla justicia constitucional electoral se ha convertido en un elemento esencial de nuestro r\u00e9gimen democr\u00e1tico, que coadyuva a la estabilidad del sistema y la paz social\u201d.<\/p>\n<p>Oaxaca es el primer estado del pa\u00eds donde se realiz\u00f3 esta jornada de difusi\u00f3n en materia electoral, la cual tiene como objetivo divulgar jurisprudencias relevantes emitidas por el TEPJF, que fijan los criterios para la correcta interpretaci\u00f3n de la ley, el cumplimiento de la norma, as\u00ed como la pronta y expedita impartici\u00f3n de la justicia en la materia.<\/p>\n<p>&nbsp;<\/p>\n<p><a href=\"http:\/\/www.eloriente.net\/home\/wp-content\/uploads\/2013\/04\/FOTO-JORNADA-JURISPRUDENCIA-001.jpg\"><img loading=\"lazy\" decoding=\"async\" class=\"aligncenter size-medium wp-image-10757\" title=\"FOTO JORNADA JURISPRUDENCIA 001\" src=\"http:\/\/www.eloriente.net\/home\/wp-content\/uploads\/2013\/04\/FOTO-JORNADA-JURISPRUDENCIA-001-300x231.jpg\" alt=\"\" width=\"300\" height=\"231\" srcset=\"http:\/\/www.eloriente.net\/home\/wp-content\/uploads\/2013\/04\/FOTO-JORNADA-JURISPRUDENCIA-001-300x231.jpg 300w, http:\/\/www.eloriente.net\/home\/wp-content\/uploads\/2013\/04\/FOTO-JORNADA-JURISPRUDENCIA-001-1024x789.jpg 1024w\" sizes=\"(max-width: 300px) 100vw, 300px\" \/><\/a><\/p>\n<p>Foto:TSJEO. En la imagen de izquierda a derecha: Eduardo Mart\u00ednez Helmes, Jos\u00e9 Alejandro Luna Ramos y Alfredo Lagunas Rivera.<\/p>\n\n\t\t\t  <div \n\t\t\t  \tclass = \"fb-comments\" \n\t\t\t  \tdata-href = \"http:\/\/www.eloriente.net\/home\/2013\/04\/13\/justicia-constitucional-es-esencial-para-el-regimen-luna-ramos\/\"\n\t\t\t  \tdata-numposts = \"10\"\n\t\t\t\tdata-colorscheme = \"dark\"\n\t\t\t\tdata-order-by = \"social\"\n\t\t\t\tdata-mobile=true>\n\t\t\t  <\/div>\n\t\t  <style>\n\t\t\t.fb_iframe_widget_fluid_desktop iframe {\n\t\t\t    width: 100% !important;\n\t\t\t}\n\t\t  <\/style>\n\t\t  ","protected":false},"excerpt":{"rendered":"<p>eloriente.net\/TSJEO\/UABJO 13 de abril de 2013 eloriente.net (Oaxaca, Oax. a 13 de abril de 2013).- La Universidad Aut\u00f3noma Benito Ju\u00e1rez de Oaxaca y el Tribunal Electoral del Poder Judicial de la Federaci\u00f3n enmarcaron ayer el inicio de un convenio de colaboraci\u00f3n interinstitucional y de la Primera Jornada de Difusion de la Jurisprudencia Nacional. Para efectos [&hellip;]<\/p>\n","protected":false},"author":1,"featured_media":10757,"comment_status":"open","ping_status":"open","sticky":false,"template":"","format":"standard","meta":{"_jetpack_memberships_contains_paid_content":false,"footnotes":""},"categories":[29,22,32,13,21],"tags":[],"class_list":["post-10752","post","type-post","status-publish","format-standard","has-post-thumbnail","hentry","category-capital","category-derechos-humanos","category-entradas","category-especiales","category-politica-y-gobierno"],"jetpack_featured_media_url":"http:\/\/www.eloriente.net\/home\/wp-content\/uploads\/2013\/04\/FOTO-JORNADA-JURISPRUDENCIA-001.jpg","jetpack_sharing_enabled":true,"_links":{"self":[{"href":"http:\/\/www.eloriente.net\/home\/wp-json\/wp\/v2\/posts\/10752"}],"collection":[{"href":"http:\/\/www.eloriente.net\/home\/wp-json\/wp\/v2\/posts"}],"about":[{"href":"http:\/\/www.eloriente.net\/home\/wp-json\/wp\/v2\/types\/post"}],"author":[{"embeddable":true,"href":"http:\/\/www.eloriente.net\/home\/wp-json\/wp\/v2\/users\/1"}],"replies":[{"embeddable":true,"href":"http:\/\/www.eloriente.net\/home\/wp-json\/wp\/v2\/comments?post=10752"}],"version-history":[{"count":2,"href":"http:\/\/www.eloriente.net\/home\/wp-json\/wp\/v2\/posts\/10752\/revisions"}],"predecessor-version":[{"id":10762,"href":"http:\/\/www.eloriente.net\/home\/wp-json\/wp\/v2\/posts\/10752\/revisions\/10762"}],"wp:featuredmedia":[{"embeddable":true,"href":"http:\/\/www.eloriente.net\/home\/wp-json\/wp\/v2\/media\/10757"}],"wp:attachment":[{"href":"http:\/\/www.eloriente.net\/home\/wp-json\/wp\/v2\/media?parent=10752"}],"wp:term":[{"taxonomy":"category","embeddable":true,"href":"http:\/\/www.eloriente.net\/home\/wp-json\/wp\/v2\/categories?post=10752"},{"taxonomy":"post_tag","embeddable":true,"href":"http:\/\/www.eloriente.net\/home\/wp-json\/wp\/v2\/tags?post=10752"}],"curies":[{"name":"wp","href":"https:\/\/api.w.org\/{rel}","templated":true}]}}