{"id":10875,"date":"2013-04-17T08:55:50","date_gmt":"2013-04-17T14:55:50","guid":{"rendered":"http:\/\/www.eloriente.net\/home\/?p=10875"},"modified":"2013-04-17T09:07:11","modified_gmt":"2013-04-17T15:07:11","slug":"fallece-arquitecto-pedro-ramirez-vasquez-creador-del-museo-nacional-de-antropologia","status":"publish","type":"post","link":"http:\/\/www.eloriente.net\/home\/2013\/04\/17\/fallece-arquitecto-pedro-ramirez-vasquez-creador-del-museo-nacional-de-antropologia\/","title":{"rendered":"Fallece arquitecto Pedro Ram\u00edrez V\u00e1squez, creador del Museo Nacional de Antropolog\u00eda"},"content":{"rendered":"<p>eloriente.net\/ <a href=\"http:\/\/www.conaculta.gob.mx\" target=\"_blank\">Conaculta<\/a>\/ <a href=\"http:\/\/www.ccc.gob.mx\/\" target=\"_blank\">Consejo Consultivo de Ciencias<\/a><\/p>\n<p>17 de abril de 2013<\/p>\n<p>eloriente.net (Oaxaca, Oax.) 17 de abril de 2013.- Alrededor de las 16:30 horas del martes 16 de abril de 2013, falleci\u00f3 a los 94 a\u00f1os de edad (v\u00edctima de una neumon\u00eda), el arquitecto y urbanista mexicano Pedro Ram\u00edrez V\u00e1squez, el \u00abm\u00e1s prol\u00edfico e influyente en la vida nacional del siglo XX\u00bb, se\u00f1ala el Consejo Nacional para la Cultura y las Artes (Conaculta).<\/p>\n<p>Ram\u00edrez V\u00e1squez gan\u00f3 fama a nivel internacional por sus grandes obras arquitect\u00f3nicas, entre las que destaca el Museo Nacional de Antropolog\u00eda (1964), considerado por varias d\u00e9cadas el m\u00e1s vanguardista del mundo.<\/p>\n<p>Naci\u00f3 en la Ciudad de M\u00e9xico en 1919. Estudi\u00f3 Arquitectura en la Universidad Nacional Aut\u00f3noma de M\u00e9xico, en la que tambi\u00e9n fue profesor de Dise\u00f1o y Planificaci\u00f3n Urbana. Fue el primer Rector General de la Universidad Aut\u00f3noma Metropolitana e imparti\u00f3 cursos y conferencias en muchas universidades alrededor del mundo.<\/p>\n<p align=\"justify\">De acuerdo a la informaci\u00f3n publicada en el Consejo Consultivo de Ciencias, entre sus obras se encuentran la Torre de Tlatelolco, el Estadio Azteca, la nueva Bas\u00edlica de Guadalupe, el Museo de Arte Moderno, la Torre de Mexicana de Aviaci\u00f3n, la Escuela Nacional de Medicina en Ciudad Universitaria, el edificio que alberga el Congreso de la Uni\u00f3n en San L\u00e1zaro,\u00a0 la Capilla de la Virgen de Guadalupe en la Bas\u00edlica de San Pedro, en el Vaticano; el Museo de las Culturas Negras en Dakar, Senegal; y el conjunto de edificios de gobierno para Dodoma, la nueva capital de Tanzania.<\/p>\n<p align=\"justify\">Fue presidente del Comit\u00e9 Organizador de los Juegos Ol\u00edmpicos M\u00e9xico 68. Se desempe\u00f1\u00f3 como titular de la Secretar\u00eda de Asentamientos Humanos y Obras P\u00fablicas. Fue presidente del Colegio de Arquitectos de M\u00e9xico y de la Sociedad de Arquitectos Mexicanos; vicepresidente de la Uni\u00f3n Internacional de Arquitectos. Era integrante del Consejo Consultivo de Ciencias de la Presidencia de la Rep\u00fablica.<\/p>\n<p align=\"justify\">Entre los premios que recibi\u00f3 a lo largo de su carrera se encuentran el Premio Nacional de Ciencias y Artes en la categor\u00eda de Bellas Artes (1973), la Gran Medalla de Oro de la Academia de Arquitectura de Francia, el Gran Premio de la XII Trienal de Mil\u00e1n, la Medalla de Oro de la VIII Bienal de Sao Paulo, el Premio Jean Tschumi de la Uni\u00f3n Internacional de Arquitectos y\u00a0 la Medalla de Bellas Artes otorgada por el Instituto Nacional de Bellas Artes (2011).<\/p>\n<p align=\"justify\">El presidente del Conaculta, Rafael Tovar y de Teresa, ha informado que el homenaje que le rendir\u00e1n al fallecido arquitecto se llevar\u00e1 a cabo el 16 de mayo en el Museo Nacional de Antropolog\u00eda.<\/p>\n<p align=\"justify\">@El_Oriente te comparte algunas algunos reportajes que le realizaron al gran Arquitecto Pedro Ram\u00edrez V\u00e1squez.<\/p>\n<p><iframe loading=\"lazy\" src=\"http:\/\/www.youtube.com\/embed\/QFH08-dC1b0\" frameborder=\"0\" width=\"480\" height=\"360\"><\/iframe><\/p>\n<p><iframe loading=\"lazy\" src=\"http:\/\/www.youtube.com\/embed\/sPm_JVJLd1k\" frameborder=\"0\" width=\"480\" height=\"360\"><\/iframe><\/p>\n<p><iframe loading=\"lazy\" src=\"http:\/\/www.youtube.com\/embed\/m2t_2IzR4L8\" frameborder=\"0\" width=\"560\" height=\"315\"><\/iframe><\/p>\n<p><iframe loading=\"lazy\" src=\"http:\/\/www.youtube.com\/embed\/D04XWYQSfWM\" frameborder=\"0\" width=\"560\" height=\"315\"><\/iframe><\/p>\n<p><iframe loading=\"lazy\" src=\"http:\/\/www.youtube.com\/embed\/OkRH6SSp22M\" frameborder=\"0\" width=\"480\" height=\"360\"><\/iframe><\/p>\n<p><a href=\"http:\/\/www.eloriente.net\/home\/wp-content\/uploads\/2013\/04\/Algunos-derechos-reservados-por-megananne-Museo-Nacional-de-Antropologi\u0301a.jpg\"><img loading=\"lazy\" decoding=\"async\" class=\"aligncenter size-medium wp-image-10883\" title=\"Algunos derechos reservados por megananne-Museo Nacional de Antropologi\u0301a\" src=\"http:\/\/www.eloriente.net\/home\/wp-content\/uploads\/2013\/04\/Algunos-derechos-reservados-por-megananne-Museo-Nacional-de-Antropologi\u0301a-300x225.jpg\" alt=\"\" width=\"300\" height=\"225\" srcset=\"http:\/\/www.eloriente.net\/home\/wp-content\/uploads\/2013\/04\/Algunos-derechos-reservados-por-megananne-Museo-Nacional-de-Antropologi\u0301a-300x225.jpg 300w, http:\/\/www.eloriente.net\/home\/wp-content\/uploads\/2013\/04\/Algunos-derechos-reservados-por-megananne-Museo-Nacional-de-Antropologi\u0301a.jpg 1024w\" sizes=\"(max-width: 300px) 100vw, 300px\" \/><\/a><\/p>\n<p>Foto: <a href=\"http:\/\/www.flickr.com\/photos\/megananne\/\" target=\"_blank\">megananne<\/a>, <a href=\"http:\/\/creativecommons.org\/licenses\/by-sa\/2.0\/\" target=\"_blank\">algunos derechos reservados.<\/a><\/p>\n\n\t\t\t  <div \n\t\t\t  \tclass = \"fb-comments\" \n\t\t\t  \tdata-href = \"http:\/\/www.eloriente.net\/home\/2013\/04\/17\/fallece-arquitecto-pedro-ramirez-vasquez-creador-del-museo-nacional-de-antropologia\/\"\n\t\t\t  \tdata-numposts = \"10\"\n\t\t\t\tdata-colorscheme = \"dark\"\n\t\t\t\tdata-order-by = \"social\"\n\t\t\t\tdata-mobile=true>\n\t\t\t  <\/div>\n\t\t  <style>\n\t\t\t.fb_iframe_widget_fluid_desktop iframe {\n\t\t\t    width: 100% !important;\n\t\t\t}\n\t\t  <\/style>\n\t\t  ","protected":false},"excerpt":{"rendered":"<p>eloriente.net\/ Conaculta\/ Consejo Consultivo de Ciencias 17 de abril de 2013 eloriente.net (Oaxaca, Oax.) 17 de abril de 2013.- Alrededor de las 16:30 horas del martes 16 de abril de 2013, falleci\u00f3 a los 94 a\u00f1os de edad (v\u00edctima de una neumon\u00eda), el arquitecto y urbanista mexicano Pedro Ram\u00edrez V\u00e1squez, el \u00abm\u00e1s prol\u00edfico e influyente [&hellip;]<\/p>\n","protected":false},"author":1,"featured_media":10883,"comment_status":"open","ping_status":"open","sticky":false,"template":"","format":"standard","meta":{"_jetpack_memberships_contains_paid_content":false,"footnotes":""},"categories":[18,32,10,31],"tags":[],"class_list":["post-10875","post","type-post","status-publish","format-standard","has-post-thumbnail","hentry","category-educacion-y-cultura","category-entradas","category-lo-mas-reciente","category-principal"],"jetpack_featured_media_url":"http:\/\/www.eloriente.net\/home\/wp-content\/uploads\/2013\/04\/Algunos-derechos-reservados-por-megananne-Museo-Nacional-de-Antropologi\u0301a.jpg","jetpack_sharing_enabled":true,"_links":{"self":[{"href":"http:\/\/www.eloriente.net\/home\/wp-json\/wp\/v2\/posts\/10875"}],"collection":[{"href":"http:\/\/www.eloriente.net\/home\/wp-json\/wp\/v2\/posts"}],"about":[{"href":"http:\/\/www.eloriente.net\/home\/wp-json\/wp\/v2\/types\/post"}],"author":[{"embeddable":true,"href":"http:\/\/www.eloriente.net\/home\/wp-json\/wp\/v2\/users\/1"}],"replies":[{"embeddable":true,"href":"http:\/\/www.eloriente.net\/home\/wp-json\/wp\/v2\/comments?post=10875"}],"version-history":[{"count":6,"href":"http:\/\/www.eloriente.net\/home\/wp-json\/wp\/v2\/posts\/10875\/revisions"}],"predecessor-version":[{"id":10881,"href":"http:\/\/www.eloriente.net\/home\/wp-json\/wp\/v2\/posts\/10875\/revisions\/10881"}],"wp:featuredmedia":[{"embeddable":true,"href":"http:\/\/www.eloriente.net\/home\/wp-json\/wp\/v2\/media\/10883"}],"wp:attachment":[{"href":"http:\/\/www.eloriente.net\/home\/wp-json\/wp\/v2\/media?parent=10875"}],"wp:term":[{"taxonomy":"category","embeddable":true,"href":"http:\/\/www.eloriente.net\/home\/wp-json\/wp\/v2\/categories?post=10875"},{"taxonomy":"post_tag","embeddable":true,"href":"http:\/\/www.eloriente.net\/home\/wp-json\/wp\/v2\/tags?post=10875"}],"curies":[{"name":"wp","href":"https:\/\/api.w.org\/{rel}","templated":true}]}}