{"id":10885,"date":"2013-04-17T08:10:14","date_gmt":"2013-04-17T14:10:14","guid":{"rendered":"http:\/\/www.eloriente.net\/home\/?p=10885"},"modified":"2013-04-17T09:31:51","modified_gmt":"2013-04-17T15:31:51","slug":"se-realiza-ii-jornada-derecho-de-las-audiencias-y-medios-publicos-de-oaxaca","status":"publish","type":"post","link":"http:\/\/www.eloriente.net\/home\/2013\/04\/17\/se-realiza-ii-jornada-derecho-de-las-audiencias-y-medios-publicos-de-oaxaca\/","title":{"rendered":"Se realiza \u201cII Jornada: Derecho de las audiencias y medios p\u00fablicos de Oaxaca\u201d"},"content":{"rendered":"<p>eloriente.net\/ <a href=\"http:\/\/www.oaxaca.gob.mx\" target=\"_blank\">Gobierno del Estado de Oaxaca<\/a><\/p>\n<p>17 de abril de 2013<\/p>\n<p>eloriente.net (Oaxaca, Oax.) 17 de abril de 2013.- Este 17 y 18 de abril de 2013, a partir de las 9:30 hrs., se llevar\u00e1 a cabo la \u00abSegunda Jornada: Derecho de las Audiencias y Medios P\u00fablicos de Oaxaca\u201d, en el Auditorio del Centro de Evaluaci\u00f3n e Innovaci\u00f3n Educativa (CEVIE), de la Universidad Aut\u00f3noma Benito Ju\u00e1rez de Oaxaca (UABJO).<\/p>\n<p>El\u00a0 encuentro, organizado por el Gobierno del Estado de Oaxaca, a trav\u00e9s del Centro de Informaci\u00f3n Estad\u00edstica y Documental para el Desarrollo \u00a0(CIEDD), en coordinaci\u00f3n con la Asociaci\u00f3n Mexicana de Derecho a la Informaci\u00f3n (AMEDI) y la\u00a0 UABJO, tiene como objetivo fundamental reflexionar sobre la responsabilidad social de los medios de comunicaci\u00f3n en los procesos democr\u00e1ticos del pa\u00eds, as\u00ed como estudiar el avance que han tenido\u00a0 los derechos informativos de la ciudadan\u00eda oaxaque\u00f1a, en la idea de garantizar la calidad y diversidad de los contenidos medi\u00e1ticos.<\/p>\n<p>Algunas de las conferencias que se ofrecer\u00e1n en el foro son: \u00abEl panel de las defensor\u00edas en los medios de comunicaci\u00f3n; la responsabilidad con los lectores y audiencias\u00bb por la Mtra. Beatriz Sol\u00eds Leree, Defensora de la audiencia de Radio Educaci\u00f3n, acad\u00e9mica de la UAM y acad\u00e9mica de Amedi Nacional y \u00abLa televisi\u00f3n p\u00fablica ante el escenario del pacto por M\u00e9xico\u00bb, a cargo de la Dra. Patricia Ortega Ram\u00edrez, investigadora y acad\u00e9mica de la UNAM.<\/p>\n<p>De igual forma se realizar\u00e1n Mesas redondas sobre el Panorama de los medios de comunicaci\u00f3n en Oaxaca y su responsabilidad con los lectores y audiencias y los Medios p\u00fablicos de Oaxaca y sus responsabilidades ciudadanas.<\/p>\n<p>Participan como ponentes el periodista y antrop\u00f3logo, Virgilio Caballero Pedraza; la Mtra. Teresa Castillo Ruiz, Presidenta de AMEDI en Oaxaca; el Dr. Gerardo Albarr\u00e1n de Alba, Defensor la audiencia de MVS; la Dra. Patricia Ortega Ram\u00edrez, especialista en Medios de Comunicaci\u00f3n; el Lic. Fernando Miguel Ram\u00edrez, delegado de STIRT en Oaxaca. As\u00ed como los periodistas Ismael Sanmart\u00edn, Director Editorial del Peri\u00f3dico Noticias; Pedro Mat\u00edas Arrazola, corresponsal de la revista Proceso;\u00a0 H\u00e9ctor Torres Maubert, Director de NSS Oaxaca; Jorge Mar\u00edn Gonz\u00e1lez, Director del canal MVM, entre otros destacados analistas.<\/p>\n<p>Consulta el programa completo <a href=\"http:\/\/www.amedioaxaca.org.mx\/catedraricardofloresmagon\/\" target=\"_blank\">AQU\u00cd.<\/a><\/p>\n\n\t\t\t  <div \n\t\t\t  \tclass = \"fb-comments\" \n\t\t\t  \tdata-href = \"http:\/\/www.eloriente.net\/home\/2013\/04\/17\/se-realiza-ii-jornada-derecho-de-las-audiencias-y-medios-publicos-de-oaxaca\/\"\n\t\t\t  \tdata-numposts = \"10\"\n\t\t\t\tdata-colorscheme = \"dark\"\n\t\t\t\tdata-order-by = \"social\"\n\t\t\t\tdata-mobile=true>\n\t\t\t  <\/div>\n\t\t  <style>\n\t\t\t.fb_iframe_widget_fluid_desktop iframe {\n\t\t\t    width: 100% !important;\n\t\t\t}\n\t\t  <\/style>\n\t\t  ","protected":false},"excerpt":{"rendered":"<p>eloriente.net\/ Gobierno del Estado de Oaxaca 17 de abril de 2013 eloriente.net (Oaxaca, Oax.) 17 de abril de 2013.- Este 17 y 18 de abril de 2013, a partir de las 9:30 hrs., se llevar\u00e1 a cabo la \u00abSegunda Jornada: Derecho de las Audiencias y Medios P\u00fablicos de Oaxaca\u201d, en el Auditorio del Centro de [&hellip;]<\/p>\n","protected":false},"author":1,"featured_media":10886,"comment_status":"open","ping_status":"open","sticky":false,"template":"","format":"standard","meta":{"_jetpack_memberships_contains_paid_content":false,"footnotes":""},"categories":[29,18,32,10],"tags":[],"class_list":["post-10885","post","type-post","status-publish","format-standard","has-post-thumbnail","hentry","category-capital","category-educacion-y-cultura","category-entradas","category-lo-mas-reciente"],"jetpack_featured_media_url":"http:\/\/www.eloriente.net\/home\/wp-content\/uploads\/2013\/04\/Captura-de-pantalla-2013-04-17-a-las-10.16.49.png","jetpack_sharing_enabled":true,"_links":{"self":[{"href":"http:\/\/www.eloriente.net\/home\/wp-json\/wp\/v2\/posts\/10885"}],"collection":[{"href":"http:\/\/www.eloriente.net\/home\/wp-json\/wp\/v2\/posts"}],"about":[{"href":"http:\/\/www.eloriente.net\/home\/wp-json\/wp\/v2\/types\/post"}],"author":[{"embeddable":true,"href":"http:\/\/www.eloriente.net\/home\/wp-json\/wp\/v2\/users\/1"}],"replies":[{"embeddable":true,"href":"http:\/\/www.eloriente.net\/home\/wp-json\/wp\/v2\/comments?post=10885"}],"version-history":[{"count":3,"href":"http:\/\/www.eloriente.net\/home\/wp-json\/wp\/v2\/posts\/10885\/revisions"}],"predecessor-version":[{"id":10890,"href":"http:\/\/www.eloriente.net\/home\/wp-json\/wp\/v2\/posts\/10885\/revisions\/10890"}],"wp:featuredmedia":[{"embeddable":true,"href":"http:\/\/www.eloriente.net\/home\/wp-json\/wp\/v2\/media\/10886"}],"wp:attachment":[{"href":"http:\/\/www.eloriente.net\/home\/wp-json\/wp\/v2\/media?parent=10885"}],"wp:term":[{"taxonomy":"category","embeddable":true,"href":"http:\/\/www.eloriente.net\/home\/wp-json\/wp\/v2\/categories?post=10885"},{"taxonomy":"post_tag","embeddable":true,"href":"http:\/\/www.eloriente.net\/home\/wp-json\/wp\/v2\/tags?post=10885"}],"curies":[{"name":"wp","href":"https:\/\/api.w.org\/{rel}","templated":true}]}}