{"id":10888,"date":"2013-04-17T10:01:10","date_gmt":"2013-04-17T16:01:10","guid":{"rendered":"http:\/\/www.eloriente.net\/home\/?p=10888"},"modified":"2013-04-17T10:44:25","modified_gmt":"2013-04-17T16:44:25","slug":"xlxx-concurso-latinoamericano-de-cuento-edmundo-valades","status":"publish","type":"post","link":"http:\/\/www.eloriente.net\/home\/2013\/04\/17\/xlxx-concurso-latinoamericano-de-cuento-edmundo-valades\/","title":{"rendered":"XLXX Concurso Latinoamericano de cuento Edmundo Valad\u00e9s"},"content":{"rendered":"<p>eloriente.net<\/p>\n<p>17 de abril de 2013<\/p>\n<p>eloriente.net (Oaxaca, Oax.) 17 de abril de 2013.- La Direcci\u00f3n de Literatura del Consejo Estatal para la Cultura y las Artes de Puebla abri\u00f3 el pasado 14 de abril, la convocatoria para el XLXX Concurso Latinoamericano de cuento Edmundo Valad\u00e9s.<\/p>\n<p>Podr\u00e1n participar en este concurso todos los escritores de habla espa\u00f1ola residentes en Am\u00e9rica Latina con un cuento in\u00e9dito de tema libre de extensi\u00f3n m\u00ednima de 5 cuartillas y m\u00e1xima de 15.<\/p>\n<p>No pueden participar obras que se encuentren participando en otros cert\u00e1menes, en espera de dictamen, que hayan sido premiadas con anterioridad o que se encuentren en proceso de contrataci\u00f3n o de producci\u00f3n editorial.<\/p>\n<p>Los trabajos deber\u00e1n enviarse a la direcci\u00f3n del Consejo Estatal para la Cultura y las Artes de Puebla a m\u00e1s tardar el 30 de agosto de este a\u00f1o, fecha en que cierra la convocatoria.<\/p>\n<p>Una vez que se emita el fallo del Jurado se avisar\u00e1 al ganador y se difundir\u00e1 en diversos medios de comunicaci\u00f3n. El Premio de $50, 000.00 ser\u00e1 entregado el 18 de noviembre del presente.<\/p>\n<p>En la edici\u00f3n del 2012, donde participaron 465 cuentos procedentes de varios pa\u00edses de Am\u00e9rica Latina, result\u00f3 ganador el escritor Antonio Delgado \u2013originario de Tamaulipas\u2013 con el cuento \u00abLucha con un \u00e1ngel\u00bb.<\/p>\n<p>Edmundo Valad\u00e9s (Guaymas 1915- M\u00e9xico, D.F. 1994) fue un escritor y periodista, fundador de la revista El Cuento, misma que dirigi\u00f3 hasta su muerte. Public\u00f3 tres vol\u00famenes de cuentos indispensables en nuestra literatura:<em> \u00abLa muerte tiene permiso\u00bb, \u00abLas dualidades funestas\u00bb y \u00abSolo los deseos y los sue\u00f1os son inmortales, palomita\u00bb<\/em><\/p>\n<p>Consulta las bases completas <a href=\"http:\/\/culturacolima.gob.mx\/v2\/convocatorias\/\" target=\"_blank\">AQU\u00cd.<\/a><\/p>\n<p>@El_Oriente te comparte un material de lectura de Edmundo Valad\u00e9s publicado por la Universidad Nacional Aut\u00f3noma de M\u00e9xico. Para descargar da click <a href=\"http:\/\/www.materialdelectura.unam.mx\/images\/stories\/pdf2\/edmundo-valades.pdf\" target=\"_blank\">AQU\u00cd. <\/a><\/p>\n<p style=\"text-align: center;\"><a href=\"http:\/\/www.eloriente.net\/home\/wp-content\/uploads\/2013\/04\/Captura-de-pantalla-2013-04-17-a-las-10.53.52.png\"><img loading=\"lazy\" decoding=\"async\" class=\"aligncenter  wp-image-10895\" title=\"Captura de pantalla 2013-04-17 a la(s) 10.53.52\" src=\"http:\/\/www.eloriente.net\/home\/wp-content\/uploads\/2013\/04\/Captura-de-pantalla-2013-04-17-a-las-10.53.52.png\" alt=\"\" width=\"490\" height=\"214\" srcset=\"http:\/\/www.eloriente.net\/home\/wp-content\/uploads\/2013\/04\/Captura-de-pantalla-2013-04-17-a-las-10.53.52.png 612w, http:\/\/www.eloriente.net\/home\/wp-content\/uploads\/2013\/04\/Captura-de-pantalla-2013-04-17-a-las-10.53.52-300x130.png 300w\" sizes=\"(max-width: 490px) 100vw, 490px\" \/><\/a><\/p>\n<p>&nbsp;<\/p>\n\n\t\t\t  <div \n\t\t\t  \tclass = \"fb-comments\" \n\t\t\t  \tdata-href = \"http:\/\/www.eloriente.net\/home\/2013\/04\/17\/xlxx-concurso-latinoamericano-de-cuento-edmundo-valades\/\"\n\t\t\t  \tdata-numposts = \"10\"\n\t\t\t\tdata-colorscheme = \"dark\"\n\t\t\t\tdata-order-by = \"social\"\n\t\t\t\tdata-mobile=true>\n\t\t\t  <\/div>\n\t\t  <style>\n\t\t\t.fb_iframe_widget_fluid_desktop iframe {\n\t\t\t    width: 100% !important;\n\t\t\t}\n\t\t  <\/style>\n\t\t  ","protected":false},"excerpt":{"rendered":"<p>eloriente.net 17 de abril de 2013 eloriente.net (Oaxaca, Oax.) 17 de abril de 2013.- La Direcci\u00f3n de Literatura del Consejo Estatal para la Cultura y las Artes de Puebla abri\u00f3 el pasado 14 de abril, la convocatoria para el XLXX Concurso Latinoamericano de cuento Edmundo Valad\u00e9s. Podr\u00e1n participar en este concurso todos los escritores de [&hellip;]<\/p>\n","protected":false},"author":1,"featured_media":10895,"comment_status":"open","ping_status":"open","sticky":false,"template":"","format":"standard","meta":{"_jetpack_memberships_contains_paid_content":false,"footnotes":""},"categories":[26,18,32,10],"tags":[],"class_list":["post-10888","post","type-post","status-publish","format-standard","has-post-thumbnail","hentry","category-convocatorias","category-educacion-y-cultura","category-entradas","category-lo-mas-reciente"],"jetpack_featured_media_url":"http:\/\/www.eloriente.net\/home\/wp-content\/uploads\/2013\/04\/Captura-de-pantalla-2013-04-17-a-las-10.53.52.png","jetpack_sharing_enabled":true,"_links":{"self":[{"href":"http:\/\/www.eloriente.net\/home\/wp-json\/wp\/v2\/posts\/10888"}],"collection":[{"href":"http:\/\/www.eloriente.net\/home\/wp-json\/wp\/v2\/posts"}],"about":[{"href":"http:\/\/www.eloriente.net\/home\/wp-json\/wp\/v2\/types\/post"}],"author":[{"embeddable":true,"href":"http:\/\/www.eloriente.net\/home\/wp-json\/wp\/v2\/users\/1"}],"replies":[{"embeddable":true,"href":"http:\/\/www.eloriente.net\/home\/wp-json\/wp\/v2\/comments?post=10888"}],"version-history":[{"count":4,"href":"http:\/\/www.eloriente.net\/home\/wp-json\/wp\/v2\/posts\/10888\/revisions"}],"predecessor-version":[{"id":10897,"href":"http:\/\/www.eloriente.net\/home\/wp-json\/wp\/v2\/posts\/10888\/revisions\/10897"}],"wp:featuredmedia":[{"embeddable":true,"href":"http:\/\/www.eloriente.net\/home\/wp-json\/wp\/v2\/media\/10895"}],"wp:attachment":[{"href":"http:\/\/www.eloriente.net\/home\/wp-json\/wp\/v2\/media?parent=10888"}],"wp:term":[{"taxonomy":"category","embeddable":true,"href":"http:\/\/www.eloriente.net\/home\/wp-json\/wp\/v2\/categories?post=10888"},{"taxonomy":"post_tag","embeddable":true,"href":"http:\/\/www.eloriente.net\/home\/wp-json\/wp\/v2\/tags?post=10888"}],"curies":[{"name":"wp","href":"https:\/\/api.w.org\/{rel}","templated":true}]}}