{"id":11241,"date":"2013-04-25T08:35:27","date_gmt":"2013-04-25T14:35:27","guid":{"rendered":"http:\/\/www.eloriente.net\/home\/?p=11241"},"modified":"2013-04-25T08:40:08","modified_gmt":"2013-04-25T14:40:08","slug":"poetas-oaxaquenos-compartiran-su-trabajo-en-3er-maraton-de-poesia-en-oaxaca","status":"publish","type":"post","link":"http:\/\/www.eloriente.net\/home\/2013\/04\/25\/poetas-oaxaquenos-compartiran-su-trabajo-en-3er-maraton-de-poesia-en-oaxaca\/","title":{"rendered":"Poetas oaxaque\u00f1os compartir\u00e1n su trabajo en \u00ab3er Marat\u00f3n de Poes\u00eda en Oaxaca\u00bb"},"content":{"rendered":"<p>eloriente.net<\/p>\n<p>25 de abril de 2013<\/p>\n<p>eloriente.net (Oaxaca, Oax.) 25 de abril de 2013.- La Facultad de Derecho de la Universidad Aut\u00f3noma \u00abBenito Ju\u00e1rez\u00bb de Oaxaca y Editorial Pharus llevar\u00e1n a cabo el \u00ab3er Marat\u00f3n de Poes\u00eda en Oaxaca\u00bb este jueves 25 de abril de 2013 a las 18:00 hrs., en el Edificio Central de la Fac. de Derecho (Sala de Juicios orales, 3er patio) ubicada en Avenida independencia esquina Andador Tur\u00edstico.<\/p>\n<p>Este Marat\u00f3n po\u00e9tico se realiza cada a\u00f1o a partir del 2011 con la finalidad de reunir a las voces de la poes\u00eda actual que convergen en Oaxaca y que cada una de ellas comparta una parte significativa de su trabajo. Se trata de convivir con los dem\u00e1s poetas, conocer su obra y que \u00e9sta sea mostrada al p\u00fablico.<\/p>\n<p>En esta edici\u00f3n participar\u00e1n \u00d3scar T\u00e1nat, Jes\u00fas Rito Garc\u00eda, Andr\u00e9s S. Victoria, Luc\u00eda Revuelta, C\u00e9sar Eli Garc\u00eda, Braulio Aguilar Orihuela, Jes\u00fas Javier N\u00fa\u00f1ez, Sonia Prudente, Aurora Cob\u00f3n, Jessica Santiago, Guajiro L\u00f3pez, Enna Osorio, Jos\u00e9 Molina, Marco Ram\u00edrez, entre otros.<\/p>\n<p>Cabe mencionar que tambi\u00e9n se realizar\u00e1 una mesa de lectura libre donde personas del p\u00fablico podr\u00e1n participar.<\/p>\n<p><a href=\"http:\/\/www.eloriente.net\/home\/wp-content\/uploads\/2013\/04\/Captura-de-pantalla-2013-04-25-a-las-09.33.20.png\"><img loading=\"lazy\" decoding=\"async\" class=\"aligncenter size-full wp-image-11242\" title=\"Captura de pantalla 2013-04-25 a la(s) 09.33.20\" src=\"http:\/\/www.eloriente.net\/home\/wp-content\/uploads\/2013\/04\/Captura-de-pantalla-2013-04-25-a-las-09.33.20.png\" alt=\"\" width=\"386\" height=\"393\" srcset=\"http:\/\/www.eloriente.net\/home\/wp-content\/uploads\/2013\/04\/Captura-de-pantalla-2013-04-25-a-las-09.33.20.png 386w, http:\/\/www.eloriente.net\/home\/wp-content\/uploads\/2013\/04\/Captura-de-pantalla-2013-04-25-a-las-09.33.20-294x300.png 294w, http:\/\/www.eloriente.net\/home\/wp-content\/uploads\/2013\/04\/Captura-de-pantalla-2013-04-25-a-las-09.33.20-50x50.png 50w\" sizes=\"(max-width: 386px) 100vw, 386px\" \/><\/a><\/p>\n\n\t\t\t  <div \n\t\t\t  \tclass = \"fb-comments\" \n\t\t\t  \tdata-href = \"http:\/\/www.eloriente.net\/home\/2013\/04\/25\/poetas-oaxaquenos-compartiran-su-trabajo-en-3er-maraton-de-poesia-en-oaxaca\/\"\n\t\t\t  \tdata-numposts = \"10\"\n\t\t\t\tdata-colorscheme = \"dark\"\n\t\t\t\tdata-order-by = \"social\"\n\t\t\t\tdata-mobile=true>\n\t\t\t  <\/div>\n\t\t  <style>\n\t\t\t.fb_iframe_widget_fluid_desktop iframe {\n\t\t\t    width: 100% !important;\n\t\t\t}\n\t\t  <\/style>\n\t\t  ","protected":false},"excerpt":{"rendered":"<p>eloriente.net 25 de abril de 2013 eloriente.net (Oaxaca, Oax.) 25 de abril de 2013.- La Facultad de Derecho de la Universidad Aut\u00f3noma \u00abBenito Ju\u00e1rez\u00bb de Oaxaca y Editorial Pharus llevar\u00e1n a cabo el \u00ab3er Marat\u00f3n de Poes\u00eda en Oaxaca\u00bb este jueves 25 de abril de 2013 a las 18:00 hrs., en el Edificio Central de [&hellip;]<\/p>\n","protected":false},"author":1,"featured_media":11242,"comment_status":"open","ping_status":"open","sticky":false,"template":"","format":"standard","meta":{"_jetpack_memberships_contains_paid_content":false,"footnotes":""},"categories":[29,18,32,10],"tags":[],"class_list":["post-11241","post","type-post","status-publish","format-standard","has-post-thumbnail","hentry","category-capital","category-educacion-y-cultura","category-entradas","category-lo-mas-reciente"],"jetpack_featured_media_url":"http:\/\/www.eloriente.net\/home\/wp-content\/uploads\/2013\/04\/Captura-de-pantalla-2013-04-25-a-las-09.33.20.png","jetpack_sharing_enabled":true,"_links":{"self":[{"href":"http:\/\/www.eloriente.net\/home\/wp-json\/wp\/v2\/posts\/11241"}],"collection":[{"href":"http:\/\/www.eloriente.net\/home\/wp-json\/wp\/v2\/posts"}],"about":[{"href":"http:\/\/www.eloriente.net\/home\/wp-json\/wp\/v2\/types\/post"}],"author":[{"embeddable":true,"href":"http:\/\/www.eloriente.net\/home\/wp-json\/wp\/v2\/users\/1"}],"replies":[{"embeddable":true,"href":"http:\/\/www.eloriente.net\/home\/wp-json\/wp\/v2\/comments?post=11241"}],"version-history":[{"count":3,"href":"http:\/\/www.eloriente.net\/home\/wp-json\/wp\/v2\/posts\/11241\/revisions"}],"predecessor-version":[{"id":11244,"href":"http:\/\/www.eloriente.net\/home\/wp-json\/wp\/v2\/posts\/11241\/revisions\/11244"}],"wp:featuredmedia":[{"embeddable":true,"href":"http:\/\/www.eloriente.net\/home\/wp-json\/wp\/v2\/media\/11242"}],"wp:attachment":[{"href":"http:\/\/www.eloriente.net\/home\/wp-json\/wp\/v2\/media?parent=11241"}],"wp:term":[{"taxonomy":"category","embeddable":true,"href":"http:\/\/www.eloriente.net\/home\/wp-json\/wp\/v2\/categories?post=11241"},{"taxonomy":"post_tag","embeddable":true,"href":"http:\/\/www.eloriente.net\/home\/wp-json\/wp\/v2\/tags?post=11241"}],"curies":[{"name":"wp","href":"https:\/\/api.w.org\/{rel}","templated":true}]}}