{"id":11252,"date":"2013-04-25T09:26:31","date_gmt":"2013-04-25T15:26:31","guid":{"rendered":"http:\/\/www.eloriente.net\/home\/?p=11252"},"modified":"2013-04-26T09:20:17","modified_gmt":"2013-04-26T15:20:17","slug":"canal-3-documental-buena-vista-social-club","status":"publish","type":"post","link":"http:\/\/www.eloriente.net\/home\/2013\/04\/25\/canal-3-documental-buena-vista-social-club\/","title":{"rendered":"Documental \u00abBuena Vista Social Club\u00bb, por Canal 3"},"content":{"rendered":"<p>eloriente.net<\/p>\n<p>25 de abril de 2013<\/p>\n<p>En este especial musical, @El_Oriente te presenta el documental de una de las bandas m\u00e1s significativas en la historia de la m\u00fasica cubana: <strong>Buena Vista Social Club.<\/strong><\/p>\n<p>Cada uno de sus integrantes, Ry Cooder, Ibrahim Ferrer, Rub\u00e9n Gonz\u00e1lez, Eliades Ochoa, Omara Portuondo, Compay Segundo, Orlando \u00abCacha\u00edto\u00bb L\u00f3pez,\u00a0Juan de Marcos Gonz\u00e1lez,\u00a0Manuel \u00abPuntillita\u00bb Licea, Amadito Vald\u00e9s, P\u00edo Leyva, Barbarito Torres, Manuel Guajiro Mirabal y Aguaje Ramos, son referentes en la cultura musical de esta isla caribe\u00f1a.<\/p>\n<p>El Documental filmado en 1998 y dirigido por Wim Wenders registra a los m\u00fasicos en el estudio; sus vidas en La Habana, y el viaje desde su pa\u00eds natal hasta la ciudad de Amsterdam -donde ofrecieron dos conciertos-, que finaliza en Nueva York, con una presentaci\u00f3n en el Carnegie Hall.<\/p>\n<p>Esperamos que lo disfrutes.<\/p>\n<p><iframe loading=\"lazy\" src=\"http:\/\/www.youtube.com\/embed\/Z4Bu01RaesQ\" frameborder=\"0\" width=\"560\" height=\"315\"><\/iframe><\/p>\n\n\t\t\t  <div \n\t\t\t  \tclass = \"fb-comments\" \n\t\t\t  \tdata-href = \"http:\/\/www.eloriente.net\/home\/2013\/04\/25\/canal-3-documental-buena-vista-social-club\/\"\n\t\t\t  \tdata-numposts = \"10\"\n\t\t\t\tdata-colorscheme = \"dark\"\n\t\t\t\tdata-order-by = \"social\"\n\t\t\t\tdata-mobile=true>\n\t\t\t  <\/div>\n\t\t  <style>\n\t\t\t.fb_iframe_widget_fluid_desktop iframe {\n\t\t\t    width: 100% !important;\n\t\t\t}\n\t\t  <\/style>\n\t\t  ","protected":false},"excerpt":{"rendered":"<p>eloriente.net 25 de abril de 2013 En este especial musical, @El_Oriente te presenta el documental de una de las bandas m\u00e1s significativas en la historia de la m\u00fasica cubana: Buena Vista Social Club. Cada uno de sus integrantes, Ry Cooder, Ibrahim Ferrer, Rub\u00e9n Gonz\u00e1lez, Eliades Ochoa, Omara Portuondo, Compay Segundo, Orlando \u00abCacha\u00edto\u00bb L\u00f3pez,\u00a0Juan de Marcos [&hellip;]<\/p>\n","protected":false},"author":1,"featured_media":11253,"comment_status":"open","ping_status":"open","sticky":false,"template":"","format":"standard","meta":{"_jetpack_memberships_contains_paid_content":false,"footnotes":""},"categories":[5,32,13],"tags":[],"class_list":["post-11252","post","type-post","status-publish","format-standard","has-post-thumbnail","hentry","category-canal-3-musica","category-entradas","category-especiales"],"jetpack_featured_media_url":"http:\/\/www.eloriente.net\/home\/wp-content\/uploads\/2013\/04\/Captura-de-pantalla-2013-04-25-a-las-10.23.07.png","jetpack_sharing_enabled":true,"_links":{"self":[{"href":"http:\/\/www.eloriente.net\/home\/wp-json\/wp\/v2\/posts\/11252"}],"collection":[{"href":"http:\/\/www.eloriente.net\/home\/wp-json\/wp\/v2\/posts"}],"about":[{"href":"http:\/\/www.eloriente.net\/home\/wp-json\/wp\/v2\/types\/post"}],"author":[{"embeddable":true,"href":"http:\/\/www.eloriente.net\/home\/wp-json\/wp\/v2\/users\/1"}],"replies":[{"embeddable":true,"href":"http:\/\/www.eloriente.net\/home\/wp-json\/wp\/v2\/comments?post=11252"}],"version-history":[{"count":4,"href":"http:\/\/www.eloriente.net\/home\/wp-json\/wp\/v2\/posts\/11252\/revisions"}],"predecessor-version":[{"id":11269,"href":"http:\/\/www.eloriente.net\/home\/wp-json\/wp\/v2\/posts\/11252\/revisions\/11269"}],"wp:featuredmedia":[{"embeddable":true,"href":"http:\/\/www.eloriente.net\/home\/wp-json\/wp\/v2\/media\/11253"}],"wp:attachment":[{"href":"http:\/\/www.eloriente.net\/home\/wp-json\/wp\/v2\/media?parent=11252"}],"wp:term":[{"taxonomy":"category","embeddable":true,"href":"http:\/\/www.eloriente.net\/home\/wp-json\/wp\/v2\/categories?post=11252"},{"taxonomy":"post_tag","embeddable":true,"href":"http:\/\/www.eloriente.net\/home\/wp-json\/wp\/v2\/tags?post=11252"}],"curies":[{"name":"wp","href":"https:\/\/api.w.org\/{rel}","templated":true}]}}