{"id":11652,"date":"2013-05-07T10:04:58","date_gmt":"2013-05-07T16:04:58","guid":{"rendered":"http:\/\/www.eloriente.net\/home\/?p=11652"},"modified":"2013-05-07T10:07:29","modified_gmt":"2013-05-07T16:07:29","slug":"sube-precio-de-tomate-hasta-400-en-df-canacope","status":"publish","type":"post","link":"http:\/\/www.eloriente.net\/home\/2013\/05\/07\/sube-precio-de-tomate-hasta-400-en-df-canacope\/","title":{"rendered":"Sube precio de tomate hasta 400% en DF: Canacope"},"content":{"rendered":"<p>eloriente.net<\/p>\n<p>7 de mayo de 2013<\/p>\n<p>eloriente.net (Oaxaca, Oax.) 7 de mayo de 2013.- En solo tres semanas\u00a0el precio del huevo en la capital del pa\u00eds se increment\u00f3 20%, y el\u00a0\u00a0kilo de tomate ha registrado un incremento de hasta 400%, seg\u00fan la\u00a0C\u00e1mara de Comercio, Servicios y Turismo en Peque\u00f1o de la Ciudad de M\u00e9xico (Canacope), inform\u00f3 esta ma\u00f1ana <a href=\"http:\/\/www.jornada.unam.mx\" target=\"_blank\">La Jornada<\/a>.<\/p>\n<p>De acuerdo a la informaci\u00f3n difundida por este diario, el director general de la Canacope, Enrique Guerrero, inform\u00f3 que en tres semanas el precio del huevo en la Ciudad de M\u00e9xico el precio del huevo se elev\u00f3 20%, superando el nivel que ten\u00eda a principios de a\u00f1o, lo que adem\u00e1s se ha sumado a las alzas generalizadas en el\u00a0tomate verde, jitomate, cebolla, chile, calabaza, chayote y\u00a0<q>en general todo lo que es verdura se ha encarecido entre 20 y 30%<\/q>.<\/p>\n<p>Precis\u00f3 que el precio del huevo oscila entre 34 y 40 pesos en tiendas de autoservicio; sin embargo, record\u00f3 que a principios de a\u00f1o estaba en 25 pesos, precio en el que se estabiliz\u00f3 luego que meses alcanz\u00f3 un costo de 60 pesos, por el brote de influenza aviar en granjas de Jalisco.<\/p>\n<p>Seg\u00fan los datos de la Canacope, el tomate verde subi\u00f3 hasta 400%, pues a principios de a\u00f1o se pod\u00eda encontrar entre 6 y 8 pesos en la Central de Abasto y La Merced; desde hace dos semanas est\u00e1 en 30 pesos en los mismos centros de venta.<\/p>\n<div>En conferencia de prensa, Guerrero asegur\u00f3 que la escalada de precios representa \u00abun duro golpe para las familias mexicanas porque esos productos son de consumo diario en la poblaci\u00f3n, y las alzas hacen encarecer la canasta que pueden adquirir las amas de casa\u00bb.Se\u00f1al\u00f3 que estas alzas generan crisis en los hogares y repercute en la descapitalizaci\u00f3n\u00a0de los vendedores, quienes compran menos mercanc\u00eda para sus negocios.<a href=\"http:\/\/www.eloriente.net\/home\/wp-content\/uploads\/2013\/05\/Algunos-derechos-reservados-por-marthax-tomate-verde.jpg\"><img loading=\"lazy\" decoding=\"async\" class=\"aligncenter size-medium wp-image-11657\" title=\"Algunos derechos reservados por marthax-tomate verde\" src=\"http:\/\/www.eloriente.net\/home\/wp-content\/uploads\/2013\/05\/Algunos-derechos-reservados-por-marthax-tomate-verde-300x225.jpg\" alt=\"\" width=\"300\" height=\"225\" srcset=\"http:\/\/www.eloriente.net\/home\/wp-content\/uploads\/2013\/05\/Algunos-derechos-reservados-por-marthax-tomate-verde-300x225.jpg 300w, http:\/\/www.eloriente.net\/home\/wp-content\/uploads\/2013\/05\/Algunos-derechos-reservados-por-marthax-tomate-verde.jpg 640w\" sizes=\"(max-width: 300px) 100vw, 300px\" \/><\/a><\/p>\n<p>Foto:<a href=\"http:\/\/www.flickr.com\/photos\/marthax\/\" target=\"_blank\"> Marthax<\/a>, <a href=\"http:\/\/creativecommons.org\/licenses\/by-sa\/2.0\/\" target=\"_blank\">algunos derechos reservados.<\/a><\/p>\n<\/div>\n<p>&nbsp;<\/p>\n\n\t\t\t  <div \n\t\t\t  \tclass = \"fb-comments\" \n\t\t\t  \tdata-href = \"http:\/\/www.eloriente.net\/home\/2013\/05\/07\/sube-precio-de-tomate-hasta-400-en-df-canacope\/\"\n\t\t\t  \tdata-numposts = \"10\"\n\t\t\t\tdata-colorscheme = \"dark\"\n\t\t\t\tdata-order-by = \"social\"\n\t\t\t\tdata-mobile=true>\n\t\t\t  <\/div>\n\t\t  <style>\n\t\t\t.fb_iframe_widget_fluid_desktop iframe {\n\t\t\t    width: 100% !important;\n\t\t\t}\n\t\t  <\/style>\n\t\t  ","protected":false},"excerpt":{"rendered":"<p>eloriente.net 7 de mayo de 2013 eloriente.net (Oaxaca, Oax.) 7 de mayo de 2013.- En solo tres semanas\u00a0el precio del huevo en la capital del pa\u00eds se increment\u00f3 20%, y el\u00a0\u00a0kilo de tomate ha registrado un incremento de hasta 400%, seg\u00fan la\u00a0C\u00e1mara de Comercio, Servicios y Turismo en Peque\u00f1o de la Ciudad de M\u00e9xico (Canacope), [&hellip;]<\/p>\n","protected":false},"author":1,"featured_media":0,"comment_status":"open","ping_status":"open","sticky":false,"template":"","format":"standard","meta":{"_jetpack_memberships_contains_paid_content":false,"footnotes":""},"categories":[64,32,10,24],"tags":[],"class_list":["post-11652","post","type-post","status-publish","format-standard","hentry","category-distrito-federal","category-entradas","category-lo-mas-reciente","category-mexico-y-el-mundo"],"jetpack_featured_media_url":"","jetpack_sharing_enabled":true,"_links":{"self":[{"href":"http:\/\/www.eloriente.net\/home\/wp-json\/wp\/v2\/posts\/11652"}],"collection":[{"href":"http:\/\/www.eloriente.net\/home\/wp-json\/wp\/v2\/posts"}],"about":[{"href":"http:\/\/www.eloriente.net\/home\/wp-json\/wp\/v2\/types\/post"}],"author":[{"embeddable":true,"href":"http:\/\/www.eloriente.net\/home\/wp-json\/wp\/v2\/users\/1"}],"replies":[{"embeddable":true,"href":"http:\/\/www.eloriente.net\/home\/wp-json\/wp\/v2\/comments?post=11652"}],"version-history":[{"count":4,"href":"http:\/\/www.eloriente.net\/home\/wp-json\/wp\/v2\/posts\/11652\/revisions"}],"predecessor-version":[{"id":11656,"href":"http:\/\/www.eloriente.net\/home\/wp-json\/wp\/v2\/posts\/11652\/revisions\/11656"}],"wp:attachment":[{"href":"http:\/\/www.eloriente.net\/home\/wp-json\/wp\/v2\/media?parent=11652"}],"wp:term":[{"taxonomy":"category","embeddable":true,"href":"http:\/\/www.eloriente.net\/home\/wp-json\/wp\/v2\/categories?post=11652"},{"taxonomy":"post_tag","embeddable":true,"href":"http:\/\/www.eloriente.net\/home\/wp-json\/wp\/v2\/tags?post=11652"}],"curies":[{"name":"wp","href":"https:\/\/api.w.org\/{rel}","templated":true}]}}