{"id":11702,"date":"2013-05-09T09:10:00","date_gmt":"2013-05-09T15:10:00","guid":{"rendered":"http:\/\/www.eloriente.net\/home\/?p=11702"},"modified":"2013-05-09T15:27:55","modified_gmt":"2013-05-09T21:27:55","slug":"madres-separadas-divorciadas-y-solteras-presentan-mayores-tasas-de-desocupacion-en-oaxaca-inegi","status":"publish","type":"post","link":"http:\/\/www.eloriente.net\/home\/2013\/05\/09\/madres-separadas-divorciadas-y-solteras-presentan-mayores-tasas-de-desocupacion-en-oaxaca-inegi\/","title":{"rendered":"Madres separadas, divorciadas y solteras presentan mayores tasas de desocupaci\u00f3n en Oaxaca: INEGI"},"content":{"rendered":"<p>eloriente.net\/<a href=\"http:\/\/www.inegi.org.mx\" target=\"_blank\"> INEGI<\/a><\/p>\n<p>9 de mayo de 2013<\/p>\n<p>eloriente.net (Oaxaca, Oax.) 9 de mayo de 2013.- En el estado de Oaxaca, las madres separadas, divorciadas y las que se encuentran solteras son las que presentan las mayores tasas de desocupaci\u00f3n laboral, inform\u00f3 el Instituto Nacional de Estad\u00edstica y Geograf\u00eda (INEGI) a prop\u00f3sito del D\u00eda de la Madre, que se celebra en M\u00e9xico ma\u00f1ana 10 de mayo.<\/p>\n<p>Seg\u00fan el reporte del INEGI, la composici\u00f3n de la poblaci\u00f3n econ\u00f3micamente activa de las mujeres con hijos indica que la mayor\u00eda (98.7%) participa en la producci\u00f3n de bienes y servicios (poblaci\u00f3n ocupada), en tanto que 1.3% restante est\u00e1n desocupadas. Dentro de este porcentaje, las madres separadas (4%), las\u00a0divorciadas (3.5%) y las que se encuentran solteras (2.6%) son las que presentan las mayores tasas de desocupaci\u00f3n.<\/p>\n<p>De acuerdo a las cifras presentadas, una gran proporci\u00f3n de mujeres con hijos que busca empleo perdi\u00f3 o termin\u00f3 su anterior trabajo (43%); una tercera parte (33.7%) renunci\u00f3; 13% cerr\u00f3 un negocio propio y 9.5% no cuenta con experiencia laboral. El 7.8% de mujeres con 1 a 2 hijos y que se encontraba disponible para trabajar al momento de la entrevista dej\u00f3 de buscar trabajo porque pens\u00f3 que no ten\u00eda oportunidad para ello, dicho porcentaje aumenta conforme el n\u00famero de hijos es mayor y llega a 9.9% cuando tienen entre 3 a 5 hijos y a 13.2% cuando su paridez es de 6 hijos o m\u00e1s.<\/p>\n<p>Cabe mencionar que en el caso de Oaxaca, la tasa global de fecundidad para 2009 es de 2.6 hijos. Con base en los resultados de la Encuesta Nacional de la Din\u00e1mica Demogr\u00e1fica 2009 (ENADID), el promedio de hijos nacidos vivos para las mujeres en edad f\u00e9rtil es de 1.9, mientras que su promedio de hijos sobrevivientes es de 2.8.<\/p>\n<p style=\"text-align: center;\"><a href=\"http:\/\/www.eloriente.net\/home\/wp-content\/uploads\/2013\/05\/Captura-de-pantalla-2013-05-09-a-las-09.13.53.png\"><img loading=\"lazy\" decoding=\"async\" class=\"aligncenter  wp-image-11704\" title=\"Captura de pantalla 2013-05-09 a la(s) 09.13.53\" src=\"http:\/\/www.eloriente.net\/home\/wp-content\/uploads\/2013\/05\/Captura-de-pantalla-2013-05-09-a-las-09.13.53.png\" alt=\"\" width=\"565\" height=\"211\" srcset=\"http:\/\/www.eloriente.net\/home\/wp-content\/uploads\/2013\/05\/Captura-de-pantalla-2013-05-09-a-las-09.13.53.png 941w, http:\/\/www.eloriente.net\/home\/wp-content\/uploads\/2013\/05\/Captura-de-pantalla-2013-05-09-a-las-09.13.53-300x112.png 300w\" sizes=\"(max-width: 565px) 100vw, 565px\" \/><\/a><\/p>\n<p>Con relaci\u00f3n a la unidad econ\u00f3mica donde laboran, el 54.7% de la poblaci\u00f3n femenina ocupada y con hijos trabaja en el sector informal, 15.5% en instituciones y 14.3% en empresas. Por tipo de ocupaci\u00f3n, la mayor\u00eda son comerciantes (26.5%) o trabajadoras industriales, artesanas y ayudantes (23.9 por ciento). Las mujeres que no tienen hijos cuentan con un perfil ocupacional similar, la mayor\u00eda trabaja en el sector informal (47.3%), en empresas (22.2%), y en instituciones (13.6 por ciento); aunque la principal ocupaci\u00f3n es la misma en ambos grupos, las mujeres que no tienen hijos se ocupan en segunda opci\u00f3n en los servicios personales (21.1 por ciento).<a title=\"\" href=\"#_ftn1\">[1]<\/a><\/p>\n<p style=\"text-align: center;\"><a href=\"http:\/\/www.eloriente.net\/home\/wp-content\/uploads\/2013\/05\/Captura-de-pantalla-2013-05-09-a-las-09.21.01.png\"><img loading=\"lazy\" decoding=\"async\" class=\"aligncenter  wp-image-11705\" title=\"Captura de pantalla 2013-05-09 a la(s) 09.21.01\" src=\"http:\/\/www.eloriente.net\/home\/wp-content\/uploads\/2013\/05\/Captura-de-pantalla-2013-05-09-a-las-09.21.01.png\" alt=\"\" width=\"556\" height=\"301\" srcset=\"http:\/\/www.eloriente.net\/home\/wp-content\/uploads\/2013\/05\/Captura-de-pantalla-2013-05-09-a-las-09.21.01.png 927w, http:\/\/www.eloriente.net\/home\/wp-content\/uploads\/2013\/05\/Captura-de-pantalla-2013-05-09-a-las-09.21.01-300x162.png 300w\" sizes=\"(max-width: 556px) 100vw, 556px\" \/><\/a><\/p>\n<p>En cu\u00e1nto a la violencia dom\u00e9stica, la Encuesta Nacional sobre la Din\u00e1mica de las Relaciones en los Hogares (ENDIREH) 2011 se\u00f1ala que 44% del total de mujeres unidas (casadas o en uni\u00f3n libre) de 15 a\u00f1os y m\u00e1s con hijos refiri\u00f3 haber padecido alg\u00fan tipo de violencia por parte de su \u00faltima pareja, siendo la violencia emocional \u2013que incluye insultos, amenazas, humillaciones y otras ofensas de tipo psicol\u00f3gico\u2013 la que prevalece, con un porcentaje de 86.9.<\/p>\n<p>A este tipo de violencia le sigue la econ\u00f3mica (49.8%); la violencia f\u00edsica (30.5%) que tiene que ver con empujones, jalones, golpes, agresi\u00f3n con armas, entre otras, y la violencia sexual (14.6%).<\/p>\n<div>\n<p style=\"text-align: center;\"><a href=\"http:\/\/www.eloriente.net\/home\/wp-content\/uploads\/2013\/05\/Captura-de-pantalla-2013-05-09-a-las-09.22.22.png\"><img loading=\"lazy\" decoding=\"async\" class=\"aligncenter  wp-image-11703\" title=\"Captura de pantalla 2013-05-09 a la(s) 09.22.22\" src=\"http:\/\/www.eloriente.net\/home\/wp-content\/uploads\/2013\/05\/Captura-de-pantalla-2013-05-09-a-las-09.22.22.png\" alt=\"\" width=\"555\" height=\"285\" srcset=\"http:\/\/www.eloriente.net\/home\/wp-content\/uploads\/2013\/05\/Captura-de-pantalla-2013-05-09-a-las-09.22.22.png 925w, http:\/\/www.eloriente.net\/home\/wp-content\/uploads\/2013\/05\/Captura-de-pantalla-2013-05-09-a-las-09.22.22-300x154.png 300w\" sizes=\"(max-width: 555px) 100vw, 555px\" \/><\/a><\/p>\n<p><strong>Un dato interesante que deriva de la encuesta es que las mujeres unidas que tienen a su primer hijo en la adolescencia (15 a 19 a\u00f1os), experimentan menor violencia de su \u00faltima \u00a0pareja (41.5%) que aquellas que lo tuvieron a mayor edad (44.1%). <\/strong>\u00abLos ni\u00f1os que crecen en familias en las que hay violencia de pareja, pueden sufrir una serie de trastornos conductuales y emocionales que tienden asociarse a la comisi\u00f3n o padecimiento de actos de violencia en fases posteriores de su vida\u00bb, se\u00f1ala el reporte.<\/p>\n<p>Informaci\u00f3n de la ENDIREH 2011 indica que <strong>36.9% de las mujeres 15 a\u00f1os y m\u00e1s, unidas o alguna vez unidas (separadas, divorciadas o viudas), ejerc\u00edan violencia f\u00edsica hac\u00eda sus hijos cuando ellas sufr\u00edan alg\u00fan tipo de violencia por parte de su pareja en los \u00faltimos 12 meses,<\/strong> en las mujeres sin incidentes de violencia dicho porcentaje disminuye a 25.1 por ciento.<\/p>\n<\/div>\n<p>Sobre el antecedente de la celebraci\u00f3n del \u00abD\u00eda de la madre\u00bb tenemos que durante el siglo XVII en Inglaterra se celebraba un d\u00eda llamado \u201cDomingo de servir a la madre\u201d; pero no fue sino hasta 1905 en Estados Unidos, cuando una joven llamada Ana Jarvis, decidi\u00f3 buscar ayuda para destinar una fecha espec\u00edfica para rendir tributo a su progenitora luego que \u00e9sta muri\u00f3, su propuesta iba encaminada a celebrar a las madres el segundo domingo de mayo, correspondiente al aniversario luctuoso de su madre.<\/p>\n<p>En M\u00e9xico, este festejo tiene su origen desde hace 90 a\u00f1os, cuando un periodista llamado Rafael Alducin que trabajaba para el peri\u00f3dico \u00abExc\u00e9lsior\u00bb invit\u00f3 un 13 de abril de 1922 a toda la gente para que celebrara el d\u00eda de las madres, festejo que por primera vez se realiz\u00f3 el 10 de mayo.<\/p>\n<div>\n<div>\n<p>Consulta el Reporte Completo <a href=\"http:\/\/www.inegi.org.mx\/inegi\/contenidos\/espanol\/prensa\/Contenidos\/estadisticas\/2013\/madre20.pdf\" target=\"_blank\">AQU\u00cd<\/a>.<\/p>\n<p><a href=\"http:\/\/www.eloriente.net\/home\/wp-content\/uploads\/2013\/05\/Algunos-derechos-reservados-por-GabrielaP93-mam\u00e1-e-hijo.jpg\"><img loading=\"lazy\" decoding=\"async\" class=\"aligncenter size-medium wp-image-11707\" title=\"Algunos derechos reservados por GabrielaP93-mam\u00e1 e hijo\" src=\"http:\/\/www.eloriente.net\/home\/wp-content\/uploads\/2013\/05\/Algunos-derechos-reservados-por-GabrielaP93-mam\u00e1-e-hijo-300x199.jpg\" alt=\"\" width=\"300\" height=\"199\" srcset=\"http:\/\/www.eloriente.net\/home\/wp-content\/uploads\/2013\/05\/Algunos-derechos-reservados-por-GabrielaP93-mam\u00e1-e-hijo-300x199.jpg 300w, http:\/\/www.eloriente.net\/home\/wp-content\/uploads\/2013\/05\/Algunos-derechos-reservados-por-GabrielaP93-mam\u00e1-e-hijo.jpg 1024w\" sizes=\"(max-width: 300px) 100vw, 300px\" \/><\/a><\/p>\n<p>Foto:\u00a0<a href=\"http:\/\/www.flickr.com\/photos\/gabrielap93\/\">GabrielaP93<\/a>,\u00a0<a title=\"Attribution License\" href=\"http:\/\/creativecommons.org\/licenses\/by\/2.0\/\">Algunos derechos reservados<\/a><\/p>\n<hr align=\"left\" size=\"1\" width=\"33%\" \/>\n<div>\n<p><a title=\"\" href=\"#_ftnref1\">[1]<\/a><sup>\u00a0\u00a0\u00a0\u00a0\u00a0\u00a0<\/sup>Los trabajadores clasificados en este grupo prestan servicios personales al p\u00fablico: atenci\u00f3n de clientes en restaurantes, cafeter\u00edas, hospedaje; los que realizan la limpieza y planchado de ropa, cortinas, s\u00e1banas, etc., en tintorer\u00edas y lavander\u00edas; los que abren y cierran puertas de acceso, los que controlan el funcionamiento de elevadores, y los que realizan los servicios de limpieza de oficinas, hospitales, escuelas y parques p\u00fablicos, entre otras ocupaciones.<\/p>\n<\/div>\n<p>&nbsp;<\/p>\n<p><a title=\"\" href=\"#_ftnref1\">[2]<\/a> Instituto Nacional de Salud P\u00fablica. <em>Encuesta Nacional de Salud. Resultados nacionales 2012.<\/em><\/p>\n<p><a href=\"http:\/\/ensanut.insp.mx\/informes\/ENSANUT2012ResultadosNacionales.pdf\">http:\/\/ensanut.insp.mx\/informes\/ENSANUT2012ResultadosNacionales.pdf<\/a>, abril de 2013.<\/p>\n<\/div>\n<div>\n<p><a title=\"\" href=\"#_ftnref2\">[3]<\/a> OMS. <em>Datos y cifras. Embarazos y partos prematuros.\u00a0\u00a0\u00a0 <\/em><\/p>\n<p><em>\u00a0\u00a0\u00a0 <\/em><a href=\"http:\/\/www.who.int\/features\/factfiles\/adolescent_health\/facts\/es\/index2.html\">http:\/\/www.who.int\/features\/factfiles\/adolescent_health\/facts\/es\/index2.html<\/a>, marzo de 2013.<\/p>\n<p>&nbsp;<\/p>\n<\/div>\n<\/div>\n<p>&nbsp;<\/p>\n\n\t\t\t  <div \n\t\t\t  \tclass = \"fb-comments\" \n\t\t\t  \tdata-href = \"http:\/\/www.eloriente.net\/home\/2013\/05\/09\/madres-separadas-divorciadas-y-solteras-presentan-mayores-tasas-de-desocupacion-en-oaxaca-inegi\/\"\n\t\t\t  \tdata-numposts = \"10\"\n\t\t\t\tdata-colorscheme = \"dark\"\n\t\t\t\tdata-order-by = \"social\"\n\t\t\t\tdata-mobile=true>\n\t\t\t  <\/div>\n\t\t  <style>\n\t\t\t.fb_iframe_widget_fluid_desktop iframe {\n\t\t\t    width: 100% !important;\n\t\t\t}\n\t\t  <\/style>\n\t\t  ","protected":false},"excerpt":{"rendered":"<p>eloriente.net\/ INEGI 9 de mayo de 2013 eloriente.net (Oaxaca, Oax.) 9 de mayo de 2013.- En el estado de Oaxaca, las madres separadas, divorciadas y las que se encuentran solteras son las que presentan las mayores tasas de desocupaci\u00f3n laboral, inform\u00f3 el Instituto Nacional de Estad\u00edstica y Geograf\u00eda (INEGI) a prop\u00f3sito del D\u00eda de la [&hellip;]<\/p>\n","protected":false},"author":1,"featured_media":11707,"comment_status":"open","ping_status":"open","sticky":false,"template":"","format":"standard","meta":{"_jetpack_memberships_contains_paid_content":false,"footnotes":""},"categories":[32,35,10,24,31],"tags":[],"class_list":["post-11702","post","type-post","status-publish","format-standard","has-post-thumbnail","hentry","category-entradas","category-secciones-oriente","category-lo-mas-reciente","category-mexico-y-el-mundo","category-principal"],"jetpack_featured_media_url":"http:\/\/www.eloriente.net\/home\/wp-content\/uploads\/2013\/05\/Algunos-derechos-reservados-por-GabrielaP93-mam\u00e1-e-hijo.jpg","jetpack_sharing_enabled":true,"_links":{"self":[{"href":"http:\/\/www.eloriente.net\/home\/wp-json\/wp\/v2\/posts\/11702"}],"collection":[{"href":"http:\/\/www.eloriente.net\/home\/wp-json\/wp\/v2\/posts"}],"about":[{"href":"http:\/\/www.eloriente.net\/home\/wp-json\/wp\/v2\/types\/post"}],"author":[{"embeddable":true,"href":"http:\/\/www.eloriente.net\/home\/wp-json\/wp\/v2\/users\/1"}],"replies":[{"embeddable":true,"href":"http:\/\/www.eloriente.net\/home\/wp-json\/wp\/v2\/comments?post=11702"}],"version-history":[{"count":7,"href":"http:\/\/www.eloriente.net\/home\/wp-json\/wp\/v2\/posts\/11702\/revisions"}],"predecessor-version":[{"id":11743,"href":"http:\/\/www.eloriente.net\/home\/wp-json\/wp\/v2\/posts\/11702\/revisions\/11743"}],"wp:featuredmedia":[{"embeddable":true,"href":"http:\/\/www.eloriente.net\/home\/wp-json\/wp\/v2\/media\/11707"}],"wp:attachment":[{"href":"http:\/\/www.eloriente.net\/home\/wp-json\/wp\/v2\/media?parent=11702"}],"wp:term":[{"taxonomy":"category","embeddable":true,"href":"http:\/\/www.eloriente.net\/home\/wp-json\/wp\/v2\/categories?post=11702"},{"taxonomy":"post_tag","embeddable":true,"href":"http:\/\/www.eloriente.net\/home\/wp-json\/wp\/v2\/tags?post=11702"}],"curies":[{"name":"wp","href":"https:\/\/api.w.org\/{rel}","templated":true}]}}