{"id":11718,"date":"2013-05-09T10:06:38","date_gmt":"2013-05-09T16:06:38","guid":{"rendered":"http:\/\/www.eloriente.net\/home\/?p=11718"},"modified":"2013-05-09T15:54:45","modified_gmt":"2013-05-09T21:54:45","slug":"el-joven-dr-freud-por-canal-4","status":"publish","type":"post","link":"http:\/\/www.eloriente.net\/home\/2013\/05\/09\/el-joven-dr-freud-por-canal-4\/","title":{"rendered":"Documental \u00abEl Joven Dr. Freud\u00bb, por canal 4"},"content":{"rendered":"<p>eloriente.net<\/p>\n<p>9 de mayo de 2013<\/p>\n<p>Esta semana se record\u00f3 el 157 aniversario del natalicio de una de las mayores figuras intelectuales del siglo XX: <strong>Sigmund Freud.\u00a0<\/strong>Este m\u00e9dico neur\u00f3logo naci\u00f3\u00a0el 6 de mayo de 1856 en Moravia, actual Rep\u00fablica Checa, en el seno de una familia jud\u00eda.<\/p>\n<p>Su aporte a la medicina y a la psicolog\u00eda con su metodolog\u00eda del psicoan\u00e1lisis y el estudio del \u00abinconsciente\u00bb, le vali\u00f3 ser una de los hombres de mayor trascendencia en la historia.<\/p>\n<p>El 28 de agosto de 1930, Freud fue galardonado con el Premio Goethe de la ciudad de Fr\u00e1ncfort del Meno, en reconocimiento a su actividad creativa.<\/p>\n<p>A prop\u00f3sito de esta efem\u00e9ride, @El_Oriente te comparte el cap\u00edtulo 1 \u00abLuchando contra el demonio\u00bb del Documental<em> El Joven Dr. Freud <\/em>realizado por History Channel, el cual nos habla sobre\u00a0los a\u00f1os de formaci\u00f3n del padre del psicoan\u00e1lisis.<\/p>\n<p><iframe loading=\"lazy\" src=\"http:\/\/www.youtube.com\/embed\/BEEeq3vPB8c\" frameborder=\"0\" width=\"480\" height=\"360\"><\/iframe><\/p>\n<p><iframe loading=\"lazy\" src=\"http:\/\/www.youtube.com\/embed\/WoGBXtjV3Qg\" frameborder=\"0\" width=\"480\" height=\"360\"><\/iframe><\/p>\n<p><iframe loading=\"lazy\" src=\"http:\/\/www.youtube.com\/embed\/XsgTs0PTeco\" frameborder=\"0\" width=\"480\" height=\"360\"><\/iframe><\/p>\n<p><iframe loading=\"lazy\" src=\"http:\/\/www.youtube.com\/embed\/oGO8yU7ilXk\" frameborder=\"0\" width=\"480\" height=\"360\"><\/iframe><\/p>\n<p>&nbsp;<\/p>\n<p>&nbsp;<\/p>\n\n\t\t\t  <div \n\t\t\t  \tclass = \"fb-comments\" \n\t\t\t  \tdata-href = \"http:\/\/www.eloriente.net\/home\/2013\/05\/09\/el-joven-dr-freud-por-canal-4\/\"\n\t\t\t  \tdata-numposts = \"10\"\n\t\t\t\tdata-colorscheme = \"dark\"\n\t\t\t\tdata-order-by = \"social\"\n\t\t\t\tdata-mobile=true>\n\t\t\t  <\/div>\n\t\t  <style>\n\t\t\t.fb_iframe_widget_fluid_desktop iframe {\n\t\t\t    width: 100% !important;\n\t\t\t}\n\t\t  <\/style>\n\t\t  ","protected":false},"excerpt":{"rendered":"<p>eloriente.net 9 de mayo de 2013 Esta semana se record\u00f3 el 157 aniversario del natalicio de una de las mayores figuras intelectuales del siglo XX: Sigmund Freud.\u00a0Este m\u00e9dico neur\u00f3logo naci\u00f3\u00a0el 6 de mayo de 1856 en Moravia, actual Rep\u00fablica Checa, en el seno de una familia jud\u00eda. Su aporte a la medicina y a la [&hellip;]<\/p>\n","protected":false},"author":1,"featured_media":11719,"comment_status":"open","ping_status":"open","sticky":false,"template":"","format":"standard","meta":{"_jetpack_memberships_contains_paid_content":false,"footnotes":""},"categories":[6,32,13],"tags":[],"class_list":["post-11718","post","type-post","status-publish","format-standard","has-post-thumbnail","hentry","category-canal-4-especiales","category-entradas","category-especiales"],"jetpack_featured_media_url":"http:\/\/www.eloriente.net\/home\/wp-content\/uploads\/2013\/05\/Captura-de-pantalla-2013-05-09-a-las-10.50.19.png","jetpack_sharing_enabled":true,"_links":{"self":[{"href":"http:\/\/www.eloriente.net\/home\/wp-json\/wp\/v2\/posts\/11718"}],"collection":[{"href":"http:\/\/www.eloriente.net\/home\/wp-json\/wp\/v2\/posts"}],"about":[{"href":"http:\/\/www.eloriente.net\/home\/wp-json\/wp\/v2\/types\/post"}],"author":[{"embeddable":true,"href":"http:\/\/www.eloriente.net\/home\/wp-json\/wp\/v2\/users\/1"}],"replies":[{"embeddable":true,"href":"http:\/\/www.eloriente.net\/home\/wp-json\/wp\/v2\/comments?post=11718"}],"version-history":[{"count":7,"href":"http:\/\/www.eloriente.net\/home\/wp-json\/wp\/v2\/posts\/11718\/revisions"}],"predecessor-version":[{"id":11721,"href":"http:\/\/www.eloriente.net\/home\/wp-json\/wp\/v2\/posts\/11718\/revisions\/11721"}],"wp:featuredmedia":[{"embeddable":true,"href":"http:\/\/www.eloriente.net\/home\/wp-json\/wp\/v2\/media\/11719"}],"wp:attachment":[{"href":"http:\/\/www.eloriente.net\/home\/wp-json\/wp\/v2\/media?parent=11718"}],"wp:term":[{"taxonomy":"category","embeddable":true,"href":"http:\/\/www.eloriente.net\/home\/wp-json\/wp\/v2\/categories?post=11718"},{"taxonomy":"post_tag","embeddable":true,"href":"http:\/\/www.eloriente.net\/home\/wp-json\/wp\/v2\/tags?post=11718"}],"curies":[{"name":"wp","href":"https:\/\/api.w.org\/{rel}","templated":true}]}}