{"id":12006,"date":"2013-05-17T08:21:34","date_gmt":"2013-05-17T14:21:34","guid":{"rendered":"http:\/\/www.eloriente.net\/home\/?p=12006"},"modified":"2013-05-17T10:32:17","modified_gmt":"2013-05-17T16:32:17","slug":"estigma-y-discriminacion-afectan-salud-de-homosexuales-y-trans-opsoms","status":"publish","type":"post","link":"http:\/\/www.eloriente.net\/home\/2013\/05\/17\/estigma-y-discriminacion-afectan-salud-de-homosexuales-y-trans-opsoms\/","title":{"rendered":"Estigma y discriminaci\u00f3n afectan salud de homosexuales y trans: OPS\/OMS"},"content":{"rendered":"<p>eloriente.net\/<a href=\"http:\/\/www.paho.org\" target=\"_blank\">OPS<\/a><\/p>\n<p>17 de mayo de 2013<\/p>\n<p>eloriente.net (Oaxaca, Oax.) 17 de mayo de 2013.- El prejuicio, la indiferencia, el odio y la discriminaci\u00f3n obstaculizan el acceso a los servicios de salud de lesbianas, gays, bisexuales y trans (LGBT) en el Continente Americano, as\u00ed lo se\u00f1alaron la Organizaci\u00f3n Panamericana de la Salud (OPS\/OMS) , en el marco del D\u00eda Internacional contra la Homofobia conmemorado cada 17 de mayo.<\/p>\n<p>El Asesor\u00a0 principal en VIH, enfermedades de transmisi\u00f3n sexual\u00a0 y hepatitis de la OPS\/OMS, Rafael Mazin, se\u00f1al\u00f3 que la homofobia y la transfobia son problemas de salud p\u00fablica que se tienen que enfrentar.<\/p>\n<p>Mazin enfatiz\u00f3 que adem\u00e1s del impacto que la intolerancia provoca en la salud emocional y mental, las personas LGBT tienen m\u00e1s riesgo de sufrir lesiones como consecuencia de la violencia f\u00edsica. \u00abHombres gay y mujeres trans son v\u00edctimas frecuentes de cr\u00edmenes de odio y homicidios, los que muchas veces son encubiertos al calificarlos como \u201ccr\u00edmenes de pasi\u00f3n\u201d en lugar de expresiones de intolerancia extrema\u00bb.<\/p>\n<p>Por su parte, la Alta Comisionada de la Organizaci\u00f3n de las Naciones Unidas para los Derechos Humanos, Navi Pillay, expres\u00f3 este d\u00eda que \u00abtodos los Estados est\u00e1n obligados por la legislaci\u00f3n internacional a proteger a lesbianas, gays, bisexuales y personas transg\u00e9nero de la tortura, la discriminaci\u00f3n y la violencia\u00bb.<\/p>\n<p>El D\u00eda Internacional contra la homofobia fue creado por las organizaciones de la sociedad civil para marcar el d\u00eda 17 de mayo de 1990. En esta fecha, la Asamblea General de la Organizaci\u00f3n Mundial de la Salud (OMS) aprob\u00f3 la 10a revisi\u00f3n de la Estad\u00edstica Internacional de Clasificaci\u00f3n de las Enfermedades y Problemas de Salud Relacionados (ICD-10). La 10a revisi\u00f3n reconoci\u00f3 que la \u201cOrientaci\u00f3n sexual\u201d (heterosexual, bisexual y homosexual) por s\u00ed misma no debe ser vista como un trastorno\u201d. Hasta ese entonces la homosexualidad era considerada un \u201ctrastorno sexual\u201d.<\/p>\n<p id=\"eow-description\">@El_Oriente te comparte un v\u00eddeo de la Campa\u00f1a \u00abIgual a ti\u00bb, contra la discriminaci\u00f3n de las personas trans elaborada por la Red Latinoamericana y del Caribe de Personas Trans (RedLactrans), con el apoyo del Programa Conjunto de Naciones Unidas sobre Sida (ONUSIDA) y la Organizaci\u00f3n Panamericana de la Salud (OPS\/OMS).<\/p>\n<p><iframe loading=\"lazy\" src=\"http:\/\/www.youtube.com\/embed\/kihTTsBvyI8\" frameborder=\"0\" width=\"560\" height=\"315\"><\/iframe><\/p>\n<p><iframe loading=\"lazy\" src=\"http:\/\/www.youtube.com\/embed\/Q7RK31lVjQc\" frameborder=\"0\" width=\"560\" height=\"315\"><\/iframe><\/p>\n<p><a href=\"http:\/\/www.eloriente.net\/home\/wp-content\/uploads\/2013\/05\/Algunos-derechos-reservados-por-ismael-villafranco-BANDERA-lgtb.jpg\"><img loading=\"lazy\" decoding=\"async\" class=\"aligncenter size-medium wp-image-12010\" title=\"Algunos derechos reservados por ismael villafranco-BANDERA lgtb\" src=\"http:\/\/www.eloriente.net\/home\/wp-content\/uploads\/2013\/05\/Algunos-derechos-reservados-por-ismael-villafranco-BANDERA-lgtb-300x200.jpg\" alt=\"\" width=\"300\" height=\"200\" srcset=\"http:\/\/www.eloriente.net\/home\/wp-content\/uploads\/2013\/05\/Algunos-derechos-reservados-por-ismael-villafranco-BANDERA-lgtb-300x200.jpg 300w, http:\/\/www.eloriente.net\/home\/wp-content\/uploads\/2013\/05\/Algunos-derechos-reservados-por-ismael-villafranco-BANDERA-lgtb.jpg 1024w\" sizes=\"(max-width: 300px) 100vw, 300px\" \/><\/a><\/p>\n<p>&nbsp;<\/p>\n<p>Foto: <a href=\"http:\/\/www.flickr.com\/photos\/maelvillafranco\/\">ismael villafranco,\u00a0<\/a><a title=\"Attribution License\" href=\"http:\/\/creativecommons.org\/licenses\/by\/2.0\/\">Algunos derechos reservados<\/a><\/p>\n<p>&nbsp;<\/p>\n\n\t\t\t  <div \n\t\t\t  \tclass = \"fb-comments\" \n\t\t\t  \tdata-href = \"http:\/\/www.eloriente.net\/home\/2013\/05\/17\/estigma-y-discriminacion-afectan-salud-de-homosexuales-y-trans-opsoms\/\"\n\t\t\t  \tdata-numposts = \"10\"\n\t\t\t\tdata-colorscheme = \"dark\"\n\t\t\t\tdata-order-by = \"social\"\n\t\t\t\tdata-mobile=true>\n\t\t\t  <\/div>\n\t\t  <style>\n\t\t\t.fb_iframe_widget_fluid_desktop iframe {\n\t\t\t    width: 100% !important;\n\t\t\t}\n\t\t  <\/style>\n\t\t  ","protected":false},"excerpt":{"rendered":"<p>eloriente.net\/OPS 17 de mayo de 2013 eloriente.net (Oaxaca, Oax.) 17 de mayo de 2013.- El prejuicio, la indiferencia, el odio y la discriminaci\u00f3n obstaculizan el acceso a los servicios de salud de lesbianas, gays, bisexuales y trans (LGBT) en el Continente Americano, as\u00ed lo se\u00f1alaron la Organizaci\u00f3n Panamericana de la Salud (OPS\/OMS) , en el [&hellip;]<\/p>\n","protected":false},"author":1,"featured_media":12010,"comment_status":"open","ping_status":"open","sticky":false,"template":"","format":"standard","meta":{"_jetpack_memberships_contains_paid_content":false,"footnotes":""},"categories":[32,10,24,30],"tags":[],"class_list":["post-12006","post","type-post","status-publish","format-standard","has-post-thumbnail","hentry","category-entradas","category-lo-mas-reciente","category-mexico-y-el-mundo","category-salud"],"jetpack_featured_media_url":"http:\/\/www.eloriente.net\/home\/wp-content\/uploads\/2013\/05\/Algunos-derechos-reservados-por-ismael-villafranco-BANDERA-lgtb.jpg","jetpack_sharing_enabled":true,"_links":{"self":[{"href":"http:\/\/www.eloriente.net\/home\/wp-json\/wp\/v2\/posts\/12006"}],"collection":[{"href":"http:\/\/www.eloriente.net\/home\/wp-json\/wp\/v2\/posts"}],"about":[{"href":"http:\/\/www.eloriente.net\/home\/wp-json\/wp\/v2\/types\/post"}],"author":[{"embeddable":true,"href":"http:\/\/www.eloriente.net\/home\/wp-json\/wp\/v2\/users\/1"}],"replies":[{"embeddable":true,"href":"http:\/\/www.eloriente.net\/home\/wp-json\/wp\/v2\/comments?post=12006"}],"version-history":[{"count":5,"href":"http:\/\/www.eloriente.net\/home\/wp-json\/wp\/v2\/posts\/12006\/revisions"}],"predecessor-version":[{"id":12017,"href":"http:\/\/www.eloriente.net\/home\/wp-json\/wp\/v2\/posts\/12006\/revisions\/12017"}],"wp:featuredmedia":[{"embeddable":true,"href":"http:\/\/www.eloriente.net\/home\/wp-json\/wp\/v2\/media\/12010"}],"wp:attachment":[{"href":"http:\/\/www.eloriente.net\/home\/wp-json\/wp\/v2\/media?parent=12006"}],"wp:term":[{"taxonomy":"category","embeddable":true,"href":"http:\/\/www.eloriente.net\/home\/wp-json\/wp\/v2\/categories?post=12006"},{"taxonomy":"post_tag","embeddable":true,"href":"http:\/\/www.eloriente.net\/home\/wp-json\/wp\/v2\/tags?post=12006"}],"curies":[{"name":"wp","href":"https:\/\/api.w.org\/{rel}","templated":true}]}}