{"id":12065,"date":"2013-05-20T08:15:43","date_gmt":"2013-05-20T14:15:43","guid":{"rendered":"http:\/\/www.eloriente.net\/home\/?p=12065"},"modified":"2013-05-20T08:15:43","modified_gmt":"2013-05-20T14:15:43","slug":"el-pri-en-oaxaca-inaugura-nuevos-tiempos","status":"publish","type":"post","link":"http:\/\/www.eloriente.net\/home\/2013\/05\/20\/el-pri-en-oaxaca-inaugura-nuevos-tiempos\/","title":{"rendered":"El PRI en Oaxaca inaugura nuevos tiempos"},"content":{"rendered":"<div>\n<p style=\"text-align: right\">Por: Adri\u00e1n Ortiz Romero<\/p>\n<p><em>+ Maestros y plagiarios; \u00bfla 22 los defiende?<\/em><\/p>\n<p>El PRI de Oaxaca vive nuevos tiempos, en los que la hegemon\u00eda del ex gobernador Ulises Ruiz Ortiz qued\u00f3 pr\u00e1cticamente liquidada. Era claro que ante la p\u00e9rdida de la gubernatura en 2010 el tricolor necesitar\u00eda nuevos liderazgos, basados ya no en el solo poder del Mandatario en turno, sino en la verdadera construcci\u00f3n de nuevas estructuras que permitieran incidir en el PRI a todos los niveles. Eso nunca lo comprendi\u00f3 el ulisismo. Y por eso la noche del pasado jueves qued\u00f3 constatado que ese partido en Oaxaca ya no est\u00e1 en sus manos.<\/p>\n<p>En efecto, la noche del jueves se dio a conocer la lista definitiva de candidatos del PRI a las diputaciones por la v\u00eda de la representaci\u00f3n proporcional. Esa lista estuvo llena de sorpresas, no s\u00f3lo porque en ella fueron borrados nombres que se ve\u00edan como seguros dentro de la lista y porque aparecieron otros que nunca hab\u00edan figurado, sino sobre todo porque en ese conjunto de candidatos qued\u00f3 claro que hoy, ni todo el peso pol\u00edtico del ex gobernador Ruiz fue capaz de mantener a sus personas leales en los cargos legislativos. Esa fue una medici\u00f3n de fuerzas fundamental, que a partir de ahora marcar\u00e1 nuevos derroteros en el priismo oaxaque\u00f1o.<\/p>\n<p>Y es que la lista de plurinominales fue resultado de una combinaci\u00f3n de fuerzas que, al parecer, se alinearon para marginar al ex gobernador Ruiz. Acaso las \u00fanicas dos posiciones seguras eran la de Juan Jos\u00e9 Moreno Sada y Alejandro Avil\u00e9s (en posiciones uno y tres de la lista) por ser delegados con funciones de Presidente y Secretario General del Comit\u00e9 Estatal. Pero queda claro que todas las dem\u00e1s posiciones fueron producto de negociaciones en las que, en ninguna, pudo ganar el grupo de Ruiz. Veamos por qu\u00e9.<\/p>\n<p>Lilia Mendoza entr\u00f3 en el n\u00famero dos de la lista no s\u00f3lo porque fuera una posici\u00f3n del ex gobernador Jos\u00e9 Murat, sino porque el conjunto de maniobras que permitieron su inclusi\u00f3n ten\u00edan como objetivo descarrilar la candidatura de Beatriz Rodr\u00edguez Casasnovas. \u00c9sta, que ya se sent\u00eda segura diputada, no pudo ser sostenida por su mentor, el ex gobernador Ruiz. La cuarta posici\u00f3n fue cedida, en una h\u00e1bil maniobra, al Secretario de Hacienda, Luis Videgaray, que tiene gran cercan\u00eda con el ex gobernador Murat, y que finalmente habr\u00eda de respaldarlo en la medici\u00f3n de fuerzas con su sucesor (Ruiz) en el Gobierno de Oaxaca.<\/p>\n<p>La quinta posici\u00f3n fue, tambi\u00e9n sorpresivamente, para el ex senador Adolfo Toledo. En el caso de \u00e9l, por su cercan\u00eda con Manlio Fabio Beltrones, coordinador de la fracci\u00f3n priista en la c\u00e1mara baja, hace unos meses fue designado director del Centro de Estudios para el Desarrollo Rural Sustentable y Soberan\u00eda Alimentaria de la C\u00e1mara de Diputados. \u00a0Y en este caso, entr\u00f3 a las plurinominales locales a trav\u00e9s de la llamada \u201ccuota campesina\u201d.<\/p>\n<p>Qui\u00e9n sabe si el dirigente nacional de la CNC, el senador Gerardo S\u00e1nchez Garc\u00eda, lo empuj\u00f3 con toda la fuerza del sector para ayudarlo, para resarcirlo en el acuerdo no cumplido de que Toledo ser\u00eda diputado federal plurinominal en la presente Legislatura a cambio de declinar a su favor cuando compiti\u00f3 por la dirigencia nacional de la CNC, o simplemente para que dejara libre el nada despreciable cargo que hoy ostenta en el Congreso federal.<\/p>\n<p>En la sexta posici\u00f3n finalmente fue incluida Mar\u00eda del Carmen Ric\u00e1rdez Vela. Sobre esta posici\u00f3n no parece haber tantos entuertos. Pues en realidad, lo que ocurri\u00f3 es que cuando se tom\u00f3 el acuerdo de eliminar de la lista a la regidora Rodr\u00edguez Casasnovas y subir a Lilia Mendoza de la posici\u00f3n sexta en que se encontraba a la segunda, tambi\u00e9n se recorri\u00f3 el nombre de Ric\u00e1rdez, que s\u00ed se encontraba en la lista pero en uno de los espacios sin posibilidades de acceder a una curul.<\/p>\n<p>Finalmente, en el n\u00famero siete qued\u00f3 ubicado Jorge Abraham Gonz\u00e1lez Illescas, que es el \u00fanico cuadro de la juventud priista que aparece bien ubicado en la lista, que es adem\u00e1s el \u00faltimo de los que s\u00ed tiene posibilidades de llegar al Congreso, y que fue tomado en cuenta en medio de los interminables jaloneos por la ubicaci\u00f3n de las posiciones en la lista de los plurinominales.<\/p>\n<p>ULISISMO, LIQUIDADO<\/p>\n<p>\u00bfQu\u00e9 queda de todo esto? Que el grupo del ex gobernador Ruiz est\u00e1 liquidado. No fue capaz de sostener su intenci\u00f3n de que Jos\u00e9 Escobar fuera candidato a alcalde por la capital oaxaque\u00f1a. Tampoco fue capaz de sostener el espacio en la lista de plurinominales para Jos\u00e9 Luis Calvo Ziga, que tambi\u00e9n intent\u00f3 negociar. No tuvo fuerza para mantener en la lista a Rodr\u00edguez. E incluso su margen de maniobra en la incidencia para el nombramiento de delegados federales, hoy se ve m\u00e1s disminuido de lo que ya estaba hasta la semana anterior.<\/p>\n<p>\u00bfQu\u00e9 resta ver? Lo \u00fanico son las traiciones. S\u00ed, porque a partir de ahora los poqu\u00edsimos espacios que quedan en el \u00e1mbito pol\u00edtico estar\u00e1n en manos de otras fuerzas que no son las ulisistas. En ese sentido, no parece faltar mucho tiempo antes de que, al considerar las condiciones, Avil\u00e9s comience a cuestionar el liderazgo para el que ha servido, y comience a buscar cobijo en los grupos que ahora tienen el control del partido.<\/p>\n<p>Algo parecido ocurrir\u00e1 cuando, sobre la marcha, comiencen a operar los pocos operadores del ulisismo que podr\u00edan llegar a espacios negociados en alcald\u00edas o diputaciones locales. Si ellos, en sus tiempos de bonanza, estaban acostumbrados a comprar a sus adversarios, \u00bfcu\u00e1nto tiempo restar\u00e1 antes de que alguien, por el solo hecho de constatar lo disminuido de su fuerza, intente poner a prueba la endeble lealtad al grupo, a trav\u00e9s de alimentar la codicia que siempre los ha caracterizado? Muy poco. S\u00f3lo es cosa de esperar.<\/p>\n<p>PROFESORES SECUESTRADORES<\/p>\n<p>El s\u00e1bado, integrantes de la Secci\u00f3n 22 bloquearon su edificio sindical por varias horas, demandando la b\u00fasqueda y presentaci\u00f3n de tres de sus integrantes que, a decir de ellos, estaban desaparecidos. Los inconformes eran encabezados por Gustavo L\u00f3pez, dirigente del Frente de Izquierda Revolucionaria. Los \u201cextraviados\u201d eran Sara Altamirano, candidata a la alcald\u00eda de Jalapa del Marqu\u00e9s; Mario Olivera, secretario particular del director de Educaci\u00f3n Primaria del IEEPO y Lauro Atilano Grijalva, dirigente del FACMEO. La sorpresa es que esos tres nombres aparecen en un comunicado oficial, en el que la Secretar\u00eda de Gobernaci\u00f3n informa de la desarticulaci\u00f3n de una banda de secuestradores que tuvo cautivos a dos menores, hijos de una conocida familia oaxaque\u00f1a, desde enero pasado. \u00bfCasualidad? \u00bfActividades \u201cextra laborales\u201d? \u00bfDefender\u00e1 a sus \u201cangelitos\u201d la Secci\u00f3n 22 del SNTE?<\/p>\n<div><\/div>\n<div><\/div>\n<\/div>\n<div><\/div>\n\n\t\t\t  <div \n\t\t\t  \tclass = \"fb-comments\" \n\t\t\t  \tdata-href = \"http:\/\/www.eloriente.net\/home\/2013\/05\/20\/el-pri-en-oaxaca-inaugura-nuevos-tiempos\/\"\n\t\t\t  \tdata-numposts = \"10\"\n\t\t\t\tdata-colorscheme = \"dark\"\n\t\t\t\tdata-order-by = \"social\"\n\t\t\t\tdata-mobile=true>\n\t\t\t  <\/div>\n\t\t  <style>\n\t\t\t.fb_iframe_widget_fluid_desktop iframe {\n\t\t\t    width: 100% !important;\n\t\t\t}\n\t\t  <\/style>\n\t\t  ","protected":false},"excerpt":{"rendered":"<p>Por: Adri\u00e1n Ortiz Romero + Maestros y plagiarios; \u00bfla 22 los defiende? El PRI de Oaxaca vive nuevos tiempos, en los que la hegemon\u00eda del ex gobernador Ulises Ruiz Ortiz qued\u00f3 pr\u00e1cticamente liquidada. Era claro que ante la p\u00e9rdida de la gubernatura en 2010 el tricolor necesitar\u00eda nuevos liderazgos, basados ya no en el solo [&hellip;]<\/p>\n","protected":false},"author":2,"featured_media":0,"comment_status":"open","ping_status":"open","sticky":false,"template":"","format":"standard","meta":{"_jetpack_memberships_contains_paid_content":false,"footnotes":""},"categories":[38,32,10],"tags":[],"class_list":["post-12065","post","type-post","status-publish","format-standard","hentry","category-adrian-ortiz-romero","category-entradas","category-lo-mas-reciente"],"jetpack_featured_media_url":"","jetpack_sharing_enabled":true,"_links":{"self":[{"href":"http:\/\/www.eloriente.net\/home\/wp-json\/wp\/v2\/posts\/12065"}],"collection":[{"href":"http:\/\/www.eloriente.net\/home\/wp-json\/wp\/v2\/posts"}],"about":[{"href":"http:\/\/www.eloriente.net\/home\/wp-json\/wp\/v2\/types\/post"}],"author":[{"embeddable":true,"href":"http:\/\/www.eloriente.net\/home\/wp-json\/wp\/v2\/users\/2"}],"replies":[{"embeddable":true,"href":"http:\/\/www.eloriente.net\/home\/wp-json\/wp\/v2\/comments?post=12065"}],"version-history":[{"count":1,"href":"http:\/\/www.eloriente.net\/home\/wp-json\/wp\/v2\/posts\/12065\/revisions"}],"predecessor-version":[{"id":12066,"href":"http:\/\/www.eloriente.net\/home\/wp-json\/wp\/v2\/posts\/12065\/revisions\/12066"}],"wp:attachment":[{"href":"http:\/\/www.eloriente.net\/home\/wp-json\/wp\/v2\/media?parent=12065"}],"wp:term":[{"taxonomy":"category","embeddable":true,"href":"http:\/\/www.eloriente.net\/home\/wp-json\/wp\/v2\/categories?post=12065"},{"taxonomy":"post_tag","embeddable":true,"href":"http:\/\/www.eloriente.net\/home\/wp-json\/wp\/v2\/tags?post=12065"}],"curies":[{"name":"wp","href":"https:\/\/api.w.org\/{rel}","templated":true}]}}