{"id":12077,"date":"2013-05-20T09:42:39","date_gmt":"2013-05-20T15:42:39","guid":{"rendered":"http:\/\/www.eloriente.net\/home\/?p=12077"},"modified":"2013-05-21T12:50:01","modified_gmt":"2013-05-21T18:50:01","slug":"se-publica-en-dof-el-plan-nacional-de-desarrollo-2013-2018","status":"publish","type":"post","link":"http:\/\/www.eloriente.net\/home\/2013\/05\/20\/se-publica-en-dof-el-plan-nacional-de-desarrollo-2013-2018\/","title":{"rendered":"Se publica en DOF el Plan Nacional de Desarrollo 2013-2018"},"content":{"rendered":"<p>eloriente.net\/ <a href=\"http:\/\/dof.gob.mx\" target=\"_blank\">DOF<\/a><\/p>\n<p>20 de mayo de 2013<\/p>\n<p>elorient.net (Oaxaca, Oax.) 20 de mayo de 2013.-\u00a0Este lunes, se public\u00f3 en el Diario Oficial de la Federaci\u00f3n\u00a0(DOF) \u00a0el decreto por el que se aprueba el <strong>Plan Nacional de Desarrollo (PND) 2013-2018<\/strong>, con las 5 metas nacionales as\u00ed como la\u00a0serie de estrategias y l\u00edneas de\u00a0acci\u00f3n para alcanzar cada objetivo.<\/p>\n<p>A las 12:00 horas en Palacio Nacional, el presidente Enrique Pe\u00f1a Nieto present\u00f3 el PND, el cual tiene como metas:\u00a0M\u00e9xico en paz, M\u00e9xico incluyente, M\u00e9xico con educaci\u00f3n de calidad, M\u00e9xico pr\u00f3spero y M\u00e9xico con responsabilidad social, bajo tres ejes transversales: Democratizar la productividad, Gobierno cercano y moderno y Perspectiva de G\u00e9nero.<\/p>\n<p>Para la elaboraci\u00f3n de este documento rector de las pol\u00edticas p\u00fablicas que impulsar\u00e1 el Ejecutivo Federal, del\u00a028 de febrero al 9 de mayo de 2013 se llev\u00f3 a cabo un proceso de consultas ciudadanas; se realizaron mesas sectoriales, foros de consulta y se recibieron propuestas f\u00edsicas y v\u00eda internet.<\/p>\n<p>Cabe destacar que el\u00a0Plan Nacional de Desarrollo\u00a0es un documento de trabajo que rige la programaci\u00f3n y\u00a0presupuestaci\u00f3n de toda la Administraci\u00f3n P\u00fablica Federal.\u00a0De\u00a0acuerdo\u00a0con\u00a0la\u00a0Ley\u00a0de\u00a0Planeaci\u00f3n, todos los\u00a0Programas Sectoriales, Especiales, Institucionales y Regionales que definen las acciones del gobierno,\u00a0deber\u00e1n elaborarse en congruencia con el Plan.<\/p>\n<p>El Plan incluye por primera vez indicadores para medir el avance del cumplimiento de las grandes metas nacionales, estos indicadores pueden consultarse en la p\u00e1gina de internet www.pnd.gob.mx<\/p>\n<p>&nbsp;<\/p>\n<p style=\"text-align: center;\"><a href=\"http:\/\/www.eloriente.net\/home\/wp-content\/uploads\/2013\/05\/Captura-de-pantalla-2013-05-20-a-las-10.31.22.png\"><img loading=\"lazy\" decoding=\"async\" class=\"aligncenter  wp-image-12078\" title=\"Captura de pantalla 2013-05-20 a la(s) 10.31.22\" src=\"http:\/\/www.eloriente.net\/home\/wp-content\/uploads\/2013\/05\/Captura-de-pantalla-2013-05-20-a-las-10.31.22.png\" alt=\"\" width=\"464\" height=\"297\" srcset=\"http:\/\/www.eloriente.net\/home\/wp-content\/uploads\/2013\/05\/Captura-de-pantalla-2013-05-20-a-las-10.31.22.png 580w, http:\/\/www.eloriente.net\/home\/wp-content\/uploads\/2013\/05\/Captura-de-pantalla-2013-05-20-a-las-10.31.22-300x191.png 300w\" sizes=\"(max-width: 464px) 100vw, 464px\" \/><\/a><\/p>\n<p>\u00abEl Plan es una gu\u00eda para convertir las mejores ideas de los mexicanos en beneficios concretos para toda la sociedad\u00bb expres\u00f3 Pe\u00f1a Nieto en la presentaci\u00f3n del documento. Convoc\u00f3 a todos los ciudadanos a sumarse a este proyecto, \u00abAvancemos en la construcci\u00f3n de una naci\u00f3n exitosa que se posiciona ya como una potencia emergente\u00bb.<\/p>\n<p>En materia de seguridad de seguridad p\u00fablica se indica que la prioridad con este Plan\u00a0ser\u00e1 abatir los delitos que m\u00e1s afectan a la ciudadan\u00eda mediante la <strong>prevenci\u00f3n del delito y la transformaci\u00f3n institucional de las fuerzas de seguridad.<\/strong> Para la construcci\u00f3n de M\u00e9xico en paz, tambi\u00e9n se plantea\u00a0consolidar la transici\u00f3n hacia un <strong>Nuevo Modelo de Justicia Penal Acusatorio y Adversarial,<\/strong> de tal forma que el Estado garantice\u00a0un Sistema de Justicia Penal eficaz, expedito, imparcial y transparente.<\/p>\n<p>Sobre el ejercicio efectivo de los derechos sociales para toda la poblaci\u00f3n (M\u00e9xico incluyente), se destaca que esta administraci\u00f3n\u00a0pondr\u00e1\u00a0especial \u00e9nfasis en proveer una red de protecci\u00f3n social que garantice el\u00a0acceso al derecho a la salud a todos los mexicanos y evite que problemas inesperados de\u00a0salud\u00a0o\u00a0movimientos\u00a0de\u00a0la\u00a0econom\u00eda,\u00a0sean un factor determinante en su desarrollo.<\/p>\n<p>En cu\u00e1nto a la educaci\u00f3n, se indica que se promover\u00e1n\u00a0pol\u00edticas que\u00a0cierren la brecha entre lo que se ense\u00f1a en las escuelas y las habilidades que el mundo de hoy demanda as\u00ed como\u00a0incentivar una mayor y\u00a0m\u00e1s efectiva inversi\u00f3n en ciencia y tecnolog\u00eda. \u00a0Algunas de las l\u00edneas de acci\u00f3n para este objetivo se\u00f1alan la\u00a0<strong>constituci\u00f3n de\u00a0<\/strong><strong>Servicio de Asistencia T\u00e9cnica a la Escuela,\u00a0<\/strong>para acompa\u00f1ar y asesorar a cada plantel educativo de acuerdo con sus necesidades espec\u00edficas; Incentivar el establecimiento de escuelas de tiempo completo y fomentar este modelo pedag\u00f3gico como un factor de innovaci\u00f3n educativa; Ampliar la operaci\u00f3n de los sistemas de apoyo tutorial con el fin de reducir los niveles de deserci\u00f3n de los estudiantes y favorecer la conclusi\u00f3n oportuna de sus estudios.<\/p>\n<p>Una estrategia importante para esta meta nacional es <strong>situar a la cultura entre los servicios b\u00e1sicos brindados a la poblaci\u00f3n como forma de favorecer la cohesi\u00f3n social<\/strong>; para ello se vincular\u00e1n las acciones culturales con el programa de rescate de espacios p\u00fablicos, se organizar\u00e1 un programa nacional de grupos art\u00edsticos comunitarios para la inclusi\u00f3n de ni\u00f1os y j\u00f3venes, entre otras acciones.<\/p>\n<p>Asimismo se marcan l\u00edneas de acci\u00f3n\u00a0para el uso de las nuevas tecnolog\u00edas de la informaci\u00f3n en la difusi\u00f3n de arte y la cultura, se contempla por ejemplo, una pol\u00edtica nacional de digitalizaci\u00f3n, preservaci\u00f3n digital y accesibilidad en l\u00ednea del patrimonio cultural de M\u00e9xico.<\/p>\n<p>En la meta del M\u00e9xico pr\u00f3spero, algunas l\u00edneas de acci\u00f3n destacadas se refieren al dise\u00f1o de\u00a0una\u00a0pol\u00edtica\u00a0hacendaria\u00a0integral\u00a0que\u00a0permita\u00a0al\u00a0gobierno\u00a0mantener\u00a0un\u00a0nivel\u00a0adecuado\u00a0de gasto ante diversos escenarios macroecon\u00f3micos, el fortalecimiento de ejecuci\u00f3n de Petr\u00f3leos Mexicanos, el impulso de trabajos dignos y bien remunerados, as\u00ed como el apoyo de la\u00a0inserci\u00f3n\u00a0exitosa\u00a0de\u00a0las\u00a0micro,\u00a0peque\u00f1as\u00a0y\u00a0medianas\u00a0empresas\u00a0a\u00a0las\u00a0cadenas\u00a0de valor de los sectores estrat\u00e9gicos de mayor dinamismo.<\/p>\n<p>El documento se\u00f1ala que\u00a0la tarea del desarrollo y el crecimiento de M\u00e9xico le\u00a0corresponde a todos los actores, todos los sectores y todas las personas de nuestro pa\u00eds. \u00abEl papel\u00a0fundamental del gobierno debe ser el de rector del desarrollo nacional (en atenci\u00f3n a su facultad constitucional) y, sobre todo, facilitador de la actividad productiva de nuestro pa\u00eds.<\/p>\n<p>Los mexicanos debemos entender el presente\u00a0Plan Nacional de Desarrollo no como \u00fanica v\u00eda para el desarrollo, sino como la ruta que la presente Administraci\u00f3n se ha trazado para contribuir de manera eficaz a que todos juntos podamos alcanzar nuestro m\u00e1ximo potencial\u00bb.<\/p>\n<p>Consulta el decreto publicado en el DOF\u00a0<a href=\"http:\/\/dof.gob.mx\" target=\"_blank\">AQU\u00cd.<\/a><\/p>\n\n\t\t\t  <div \n\t\t\t  \tclass = \"fb-comments\" \n\t\t\t  \tdata-href = \"http:\/\/www.eloriente.net\/home\/2013\/05\/20\/se-publica-en-dof-el-plan-nacional-de-desarrollo-2013-2018\/\"\n\t\t\t  \tdata-numposts = \"10\"\n\t\t\t\tdata-colorscheme = \"dark\"\n\t\t\t\tdata-order-by = \"social\"\n\t\t\t\tdata-mobile=true>\n\t\t\t  <\/div>\n\t\t  <style>\n\t\t\t.fb_iframe_widget_fluid_desktop iframe {\n\t\t\t    width: 100% !important;\n\t\t\t}\n\t\t  <\/style>\n\t\t  ","protected":false},"excerpt":{"rendered":"<p>eloriente.net\/ DOF 20 de mayo de 2013 elorient.net (Oaxaca, Oax.) 20 de mayo de 2013.-\u00a0Este lunes, se public\u00f3 en el Diario Oficial de la Federaci\u00f3n\u00a0(DOF) \u00a0el decreto por el que se aprueba el Plan Nacional de Desarrollo (PND) 2013-2018, con las 5 metas nacionales as\u00ed como la\u00a0serie de estrategias y l\u00edneas de\u00a0acci\u00f3n para alcanzar cada [&hellip;]<\/p>\n","protected":false},"author":1,"featured_media":12142,"comment_status":"open","ping_status":"open","sticky":false,"template":"","format":"standard","meta":{"_jetpack_memberships_contains_paid_content":false,"footnotes":""},"categories":[32,10,24,21],"tags":[],"class_list":["post-12077","post","type-post","status-publish","format-standard","has-post-thumbnail","hentry","category-entradas","category-lo-mas-reciente","category-mexico-y-el-mundo","category-politica-y-gobierno"],"jetpack_featured_media_url":"http:\/\/www.eloriente.net\/home\/wp-content\/uploads\/2013\/05\/Captura-de-pantalla-2013-05-20-a-las-12.19.20.png","jetpack_sharing_enabled":true,"_links":{"self":[{"href":"http:\/\/www.eloriente.net\/home\/wp-json\/wp\/v2\/posts\/12077"}],"collection":[{"href":"http:\/\/www.eloriente.net\/home\/wp-json\/wp\/v2\/posts"}],"about":[{"href":"http:\/\/www.eloriente.net\/home\/wp-json\/wp\/v2\/types\/post"}],"author":[{"embeddable":true,"href":"http:\/\/www.eloriente.net\/home\/wp-json\/wp\/v2\/users\/1"}],"replies":[{"embeddable":true,"href":"http:\/\/www.eloriente.net\/home\/wp-json\/wp\/v2\/comments?post=12077"}],"version-history":[{"count":14,"href":"http:\/\/www.eloriente.net\/home\/wp-json\/wp\/v2\/posts\/12077\/revisions"}],"predecessor-version":[{"id":12088,"href":"http:\/\/www.eloriente.net\/home\/wp-json\/wp\/v2\/posts\/12077\/revisions\/12088"}],"wp:featuredmedia":[{"embeddable":true,"href":"http:\/\/www.eloriente.net\/home\/wp-json\/wp\/v2\/media\/12142"}],"wp:attachment":[{"href":"http:\/\/www.eloriente.net\/home\/wp-json\/wp\/v2\/media?parent=12077"}],"wp:term":[{"taxonomy":"category","embeddable":true,"href":"http:\/\/www.eloriente.net\/home\/wp-json\/wp\/v2\/categories?post=12077"},{"taxonomy":"post_tag","embeddable":true,"href":"http:\/\/www.eloriente.net\/home\/wp-json\/wp\/v2\/tags?post=12077"}],"curies":[{"name":"wp","href":"https:\/\/api.w.org\/{rel}","templated":true}]}}