{"id":12080,"date":"2013-05-20T10:00:35","date_gmt":"2013-05-20T16:00:35","guid":{"rendered":"http:\/\/www.eloriente.net\/home\/?p=12080"},"modified":"2013-05-20T10:16:59","modified_gmt":"2013-05-20T16:16:59","slug":"seleccion-mexicana-dio-a-conocer-lista-de-convocados-para-eliminatorias-y-copa-confederaciones","status":"publish","type":"post","link":"http:\/\/www.eloriente.net\/home\/2013\/05\/20\/seleccion-mexicana-dio-a-conocer-lista-de-convocados-para-eliminatorias-y-copa-confederaciones\/","title":{"rendered":"Selecci\u00f3n Mexicana dio a conocer lista de convocados para eliminatorias y Copa Confederaciones"},"content":{"rendered":"<p>eloriente.net\/ <a href=\"http:\/\/www.femexfut.org.mx\" target=\"_blank\">FEMEXFUT<\/a><\/p>\n<p>20 de mayo de 2013<\/p>\n<p>eloriente.net (Oaxaca, Oax.) 20 de mayo de 2013.- Javier Aquino (Villareal), Javier Hern\u00e1ndez (Manchester United), Carlos Salcido (Tigres), Diego Reyes (Am\u00e9rica) y Gerardo Torrado (Cruz Azul) son algunos de los jugadores mexicanos\u00a0convocados para los pr\u00f3ximos encuentros de la Selecci\u00f3n Nacional para el partido amistoso ante el Nigeria, los eliminatorios ante Jamaica, Panam\u00e1 y Costa Rica, as\u00ed como la Copa FIFA Confederaciones.<\/p>\n<p>La Direcci\u00f3n General de Selecciones Nacionales public\u00f3 la noche del domingo 19 de mayo de 2013, la lista de los 23 jugadores mexicanos convocados para estos encuentros, de los cuales 6 militan en ligas europeas.<\/p>\n<p>La Federaci\u00f3n Mexicana de F\u00fatbol Asociaci\u00f3n, dio a conocer que la concentraci\u00f3n del Tricolor \u00a0iniciar\u00e1 el pr\u00f3ximo jueves 23 de mayo para los jugadores que participen en la Liga LX, a excepci\u00f3n de los que disputen la Final del Torneo de Clausura 2013, quienes reportar\u00e1n el d\u00eda lunes 27 de mayo en las instalaciones del Centro de Alto Rendimiento de dicha Federaci\u00f3n.<\/p>\n<p>Por otra parte, los jugadores que militan en clubes europeos, Ochoa, Dos Santos, Aquino, Hern\u00e1ndez, Moreno y Guardado, se integrar\u00e1n durante la estancia del equipo mexicano en Houston.<\/p>\n<p>En la lista de convocados por el t\u00e9cnico de la escuadra mexicana,\u00a0Jos\u00e9 Manuel de la Torre, destaca la ausencia del delantero Carlos Vela. Cabe recordar desde febrero del a\u00f1o pasado, Vela se ha negado en 3 ocasiones a ser llamado para vestir la playera del Tri, por lo que esta vez el \u00abChepo\u00bb ha decidido no convocarlo.<\/p>\n<p><span style=\"font-family: Verdana; font-size: small;\">\u00a0<\/span><\/p>\n<p><a href=\"http:\/\/www.eloriente.net\/home\/wp-content\/uploads\/2013\/05\/Captura-de-pantalla-2013-05-20-a-las-10.49.07.png\"><img loading=\"lazy\" decoding=\"async\" class=\"aligncenter size-full wp-image-12081\" title=\"Captura de pantalla 2013-05-20 a la(s) 10.49.07\" src=\"http:\/\/www.eloriente.net\/home\/wp-content\/uploads\/2013\/05\/Captura-de-pantalla-2013-05-20-a-las-10.49.07.png\" alt=\"\" width=\"661\" height=\"776\" srcset=\"http:\/\/www.eloriente.net\/home\/wp-content\/uploads\/2013\/05\/Captura-de-pantalla-2013-05-20-a-las-10.49.07.png 661w, http:\/\/www.eloriente.net\/home\/wp-content\/uploads\/2013\/05\/Captura-de-pantalla-2013-05-20-a-las-10.49.07-255x300.png 255w\" sizes=\"(max-width: 661px) 100vw, 661px\" \/><\/a><\/p>\n<p>&nbsp;<\/p>\n<p><a href=\"http:\/\/www.eloriente.net\/home\/wp-content\/uploads\/2013\/05\/Selecci\u00f3n-F\u00fatbol.jpg\"><img loading=\"lazy\" decoding=\"async\" class=\"aligncenter size-medium wp-image-12082\" title=\"Selecci\u00f3n F\u00fatbol\" src=\"http:\/\/www.eloriente.net\/home\/wp-content\/uploads\/2013\/05\/Selecci\u00f3n-F\u00fatbol-300x184.jpg\" alt=\"\" width=\"300\" height=\"184\" srcset=\"http:\/\/www.eloriente.net\/home\/wp-content\/uploads\/2013\/05\/Selecci\u00f3n-F\u00fatbol-300x184.jpg 300w, http:\/\/www.eloriente.net\/home\/wp-content\/uploads\/2013\/05\/Selecci\u00f3n-F\u00fatbol.jpg 650w\" sizes=\"(max-width: 300px) 100vw, 300px\" \/><\/a><\/p>\n<p>Foto: <a href=\"http:\/\/www.femexfut.org.mx\" target=\"_blank\">FEMEXFUT<\/a><\/p>\n\n\t\t\t  <div \n\t\t\t  \tclass = \"fb-comments\" \n\t\t\t  \tdata-href = \"http:\/\/www.eloriente.net\/home\/2013\/05\/20\/seleccion-mexicana-dio-a-conocer-lista-de-convocados-para-eliminatorias-y-copa-confederaciones\/\"\n\t\t\t  \tdata-numposts = \"10\"\n\t\t\t\tdata-colorscheme = \"dark\"\n\t\t\t\tdata-order-by = \"social\"\n\t\t\t\tdata-mobile=true>\n\t\t\t  <\/div>\n\t\t  <style>\n\t\t\t.fb_iframe_widget_fluid_desktop iframe {\n\t\t\t    width: 100% !important;\n\t\t\t}\n\t\t  <\/style>\n\t\t  ","protected":false},"excerpt":{"rendered":"<p>eloriente.net\/ FEMEXFUT 20 de mayo de 2013 eloriente.net (Oaxaca, Oax.) 20 de mayo de 2013.- Javier Aquino (Villareal), Javier Hern\u00e1ndez (Manchester United), Carlos Salcido (Tigres), Diego Reyes (Am\u00e9rica) y Gerardo Torrado (Cruz Azul) son algunos de los jugadores mexicanos\u00a0convocados para los pr\u00f3ximos encuentros de la Selecci\u00f3n Nacional para el partido amistoso ante el Nigeria, los [&hellip;]<\/p>\n","protected":false},"author":1,"featured_media":12082,"comment_status":"open","ping_status":"open","sticky":false,"template":"","format":"standard","meta":{"_jetpack_memberships_contains_paid_content":false,"footnotes":""},"categories":[15,32,10,24],"tags":[],"class_list":["post-12080","post","type-post","status-publish","format-standard","has-post-thumbnail","hentry","category-deportes","category-entradas","category-lo-mas-reciente","category-mexico-y-el-mundo"],"jetpack_featured_media_url":"http:\/\/www.eloriente.net\/home\/wp-content\/uploads\/2013\/05\/Selecci\u00f3n-F\u00fatbol.jpg","jetpack_sharing_enabled":true,"_links":{"self":[{"href":"http:\/\/www.eloriente.net\/home\/wp-json\/wp\/v2\/posts\/12080"}],"collection":[{"href":"http:\/\/www.eloriente.net\/home\/wp-json\/wp\/v2\/posts"}],"about":[{"href":"http:\/\/www.eloriente.net\/home\/wp-json\/wp\/v2\/types\/post"}],"author":[{"embeddable":true,"href":"http:\/\/www.eloriente.net\/home\/wp-json\/wp\/v2\/users\/1"}],"replies":[{"embeddable":true,"href":"http:\/\/www.eloriente.net\/home\/wp-json\/wp\/v2\/comments?post=12080"}],"version-history":[{"count":3,"href":"http:\/\/www.eloriente.net\/home\/wp-json\/wp\/v2\/posts\/12080\/revisions"}],"predecessor-version":[{"id":12085,"href":"http:\/\/www.eloriente.net\/home\/wp-json\/wp\/v2\/posts\/12080\/revisions\/12085"}],"wp:featuredmedia":[{"embeddable":true,"href":"http:\/\/www.eloriente.net\/home\/wp-json\/wp\/v2\/media\/12082"}],"wp:attachment":[{"href":"http:\/\/www.eloriente.net\/home\/wp-json\/wp\/v2\/media?parent=12080"}],"wp:term":[{"taxonomy":"category","embeddable":true,"href":"http:\/\/www.eloriente.net\/home\/wp-json\/wp\/v2\/categories?post=12080"},{"taxonomy":"post_tag","embeddable":true,"href":"http:\/\/www.eloriente.net\/home\/wp-json\/wp\/v2\/tags?post=12080"}],"curies":[{"name":"wp","href":"https:\/\/api.w.org\/{rel}","templated":true}]}}