{"id":12156,"date":"2013-05-22T09:51:51","date_gmt":"2013-05-22T15:51:51","guid":{"rendered":"http:\/\/www.eloriente.net\/home\/?p=12156"},"modified":"2013-05-31T08:24:04","modified_gmt":"2013-05-31T14:24:04","slug":"mexico-pais-invitado-de-honor-en-book-expo-america-bea-2013","status":"publish","type":"post","link":"http:\/\/www.eloriente.net\/home\/2013\/05\/22\/mexico-pais-invitado-de-honor-en-book-expo-america-bea-2013\/","title":{"rendered":"M\u00e9xico, pa\u00eds invitado de honor en Book Expo America (BEA) 2013"},"content":{"rendered":"<p>eloriente.net \/ <a href=\"http:\/\/agencian22.blogspot.mx\">Agencia de Noticias de Canal 22<\/a><\/p>\n<p>22 de mayo de 2013<\/p>\n<p>Por Huemanzin Rodr\u00edguez (@Huemanzin)<\/p>\n<p>M\u00e9xico es el pa\u00eds invitado de honor en el Book Expo America (BEA) 2013, feria del libro celebrada en Nueva York, la segunda m\u00e1s importante en el mundo en materia de negocios y s\u00f3lo despu\u00e9s de Frankfurt.<\/p>\n<p>\u00abEn el 2012 participaron en la feria 19 editoriales y se enviaron cerca de 150 t\u00edtulos. Este a\u00f1o van 38 editoriales y m\u00e1s de 1600 t\u00edtulos, el entusiasmo frente a esta oportunidad que nos brinda Conaculta es muy grande, y lo sentimos como un desembarco por primera vez, institucionalizada y organizada\u00bb, dijo Ignacio Echeverr\u00eda, presidente de la C\u00e1mara Nacional de la Industria Editorial Mexicana (Caniem).<\/p>\n<p>Adem\u00e1s, la delegaci\u00f3n mexicana contar\u00e1 con exposiciones como\u00a0<em>Retratos de M\u00e9xico<\/em>, una selecci\u00f3n de 35 fotograf\u00edas de Manuel \u00c1lvarez Bravo, seleccionadas por la fundaci\u00f3n que lleva su nombre y que ser\u00e1 inaugurada en el Instituto Cervantes de Nueva York.<\/p>\n<p>\u00abPodr\u00e1 extenderse no s\u00f3lo al \u00e1mbito de la misma feria, sino a otros lugares culturales importantes de Nueva York como la American Sociaty, MoMA, en distintas bibliotecas p\u00fablicas, de tal manera que la presencia mexicana ser\u00e1 muy amplia\u00bb, explic\u00f3 el presidente del Conaculta, Rafael Tovar y de Teresa.<\/p>\n<p>En el MoMA artistas como Felipe Ehrenberg, Pablo Helguera, Zanna Gilbert y Mauricio Marc\u00edn discutir\u00e1n sobre los libros de artista en los a\u00f1os 70 dentro y fuera de M\u00e9xico.<\/p>\n<p>Carlos Manuel Sada,\u00a0c\u00f3nsul general de M\u00e9xico en New York, platic\u00f3 v\u00eda Skype que a<em>\u00a0<\/em>esta feria asisten ya confirmados 59 pa\u00edses de cinco continentes, cinco estados de la uni\u00f3n americana, 20 mil profesionales de manera directa. Compradores, editores, etc\u00e9tera, de manera que es una interacci\u00f3n permanente en donde M\u00e9xico va a ser el v\u00e9rtice, el eje de esta feria.<\/p>\n<p>Entre las diversas actividades destacan las conversaciones que tendr\u00e1n uno de los destacados periodistas estadounidenses Pete Hamil, con el historiador Enrique Krauze, as\u00ed como la pl\u00e1tica en torno al periodismo entre Juan Villoro con Alma Guillermoprieto.<\/p>\n<p>\u00abSe han pensado algunas lecturas con los escritores m\u00e1s relevantes que van de M\u00e9xico a NY, y algunos que viven en NY que son primeras espadas de las letras como Carmen Boullosa, \u00c1lvaro Enrigue, Naief Yehya y otros autores mexicanos que radican all\u00e1<em>\u00ab,\u00a0<\/em>expres\u00f3 Ricardo Cayuela, director general de Publicaciones del Conaculta.<\/p>\n<p>Otros escritores que participar\u00e1n en la delegaci\u00f3n mexicana en Nueva York son Ezequiel Zeidenwerg, Marcelo Uribe, Sara Schulz, Abraham Cruzvillegas, Valeria Luiselli, Elisa Corona y Jos\u00e9 Manuel Prieto. Se repartir\u00e1n 1000 ejemplares de una antolog\u00eda con lo m\u00e1s representativo de los escritores mexicanos, hecha por \u00c1lvaro Uribe.<\/p>\n<p>\u00abEstamos seguros que va a rendir frutos en que esto se traduzca en los pr\u00f3ximos a\u00f1os, no es inmediato, es a largo plazo con los editores, que la presencia de p\u00fablico mexicano en las bibliotecas p\u00fablicas de EU, donde hay comunidades mexicanas importantes, sea cada vez m\u00e1s fuerte la presencia del libro mexicano\u00bb, dijo el comisario de BEA NY, Ra\u00fal Zorrila.<\/p>\n<p>En la Gran Manzana el 80% de los libros que se venden en espa\u00f1ol vienen de Espa\u00f1a, este encuentro busca posicionar mejor al libro y a\u00a0los escritores mexicanos, la cita ser\u00e1 del 29 de mayo al 1 de junio en Nueva York.<\/p>\n<p>&nbsp;<\/p>\n<div><\/div>\n<div><a href=\"http:\/\/www.eloriente.net\/home\/wp-content\/uploads\/2013\/05\/Book-Expo-America-2010.jpg\"><img loading=\"lazy\" decoding=\"async\" class=\"aligncenter  wp-image-12157\" title=\"Book Expo America 2010\" src=\"http:\/\/www.eloriente.net\/home\/wp-content\/uploads\/2013\/05\/Book-Expo-America-2010.jpg\" alt=\"\" width=\"504\" height=\"335\" srcset=\"http:\/\/www.eloriente.net\/home\/wp-content\/uploads\/2013\/05\/Book-Expo-America-2010.jpg 720w, http:\/\/www.eloriente.net\/home\/wp-content\/uploads\/2013\/05\/Book-Expo-America-2010-300x199.jpg 300w\" sizes=\"(max-width: 504px) 100vw, 504px\" \/><\/a><\/div>\n<div><\/div>\n<div>Foto: <a href=\"https:\/\/www.facebook.com\/bookexpoamerica\" target=\"_blank\">@Book Expo America<\/a><\/div>\n<div><\/div>\n\n\t\t\t  <div \n\t\t\t  \tclass = \"fb-comments\" \n\t\t\t  \tdata-href = \"http:\/\/www.eloriente.net\/home\/2013\/05\/22\/mexico-pais-invitado-de-honor-en-book-expo-america-bea-2013\/\"\n\t\t\t  \tdata-numposts = \"10\"\n\t\t\t\tdata-colorscheme = \"dark\"\n\t\t\t\tdata-order-by = \"social\"\n\t\t\t\tdata-mobile=true>\n\t\t\t  <\/div>\n\t\t  <style>\n\t\t\t.fb_iframe_widget_fluid_desktop iframe {\n\t\t\t    width: 100% !important;\n\t\t\t}\n\t\t  <\/style>\n\t\t  ","protected":false},"excerpt":{"rendered":"<p>eloriente.net \/ Agencia de Noticias de Canal 22 22 de mayo de 2013 Por Huemanzin Rodr\u00edguez (@Huemanzin) M\u00e9xico es el pa\u00eds invitado de honor en el Book Expo America (BEA) 2013, feria del libro celebrada en Nueva York, la segunda m\u00e1s importante en el mundo en materia de negocios y s\u00f3lo despu\u00e9s de Frankfurt. \u00abEn [&hellip;]<\/p>\n","protected":false},"author":1,"featured_media":12157,"comment_status":"open","ping_status":"open","sticky":false,"template":"","format":"standard","meta":{"_jetpack_memberships_contains_paid_content":false,"footnotes":""},"categories":[18,32,10,24],"tags":[],"class_list":["post-12156","post","type-post","status-publish","format-standard","has-post-thumbnail","hentry","category-educacion-y-cultura","category-entradas","category-lo-mas-reciente","category-mexico-y-el-mundo"],"jetpack_featured_media_url":"http:\/\/www.eloriente.net\/home\/wp-content\/uploads\/2013\/05\/Book-Expo-America-2010.jpg","jetpack_sharing_enabled":true,"_links":{"self":[{"href":"http:\/\/www.eloriente.net\/home\/wp-json\/wp\/v2\/posts\/12156"}],"collection":[{"href":"http:\/\/www.eloriente.net\/home\/wp-json\/wp\/v2\/posts"}],"about":[{"href":"http:\/\/www.eloriente.net\/home\/wp-json\/wp\/v2\/types\/post"}],"author":[{"embeddable":true,"href":"http:\/\/www.eloriente.net\/home\/wp-json\/wp\/v2\/users\/1"}],"replies":[{"embeddable":true,"href":"http:\/\/www.eloriente.net\/home\/wp-json\/wp\/v2\/comments?post=12156"}],"version-history":[{"count":3,"href":"http:\/\/www.eloriente.net\/home\/wp-json\/wp\/v2\/posts\/12156\/revisions"}],"predecessor-version":[{"id":12475,"href":"http:\/\/www.eloriente.net\/home\/wp-json\/wp\/v2\/posts\/12156\/revisions\/12475"}],"wp:featuredmedia":[{"embeddable":true,"href":"http:\/\/www.eloriente.net\/home\/wp-json\/wp\/v2\/media\/12157"}],"wp:attachment":[{"href":"http:\/\/www.eloriente.net\/home\/wp-json\/wp\/v2\/media?parent=12156"}],"wp:term":[{"taxonomy":"category","embeddable":true,"href":"http:\/\/www.eloriente.net\/home\/wp-json\/wp\/v2\/categories?post=12156"},{"taxonomy":"post_tag","embeddable":true,"href":"http:\/\/www.eloriente.net\/home\/wp-json\/wp\/v2\/tags?post=12156"}],"curies":[{"name":"wp","href":"https:\/\/api.w.org\/{rel}","templated":true}]}}