{"id":1233,"date":"2012-07-26T10:06:42","date_gmt":"2012-07-26T16:06:42","guid":{"rendered":"http:\/\/www.eloriente.net\/home\/?p=1233"},"modified":"2015-11-10T15:16:40","modified_gmt":"2015-11-10T21:16:40","slug":"argentina-conmemora-a-60-anos-de-eva-peron","status":"publish","type":"post","link":"http:\/\/www.eloriente.net\/home\/2012\/07\/26\/argentina-conmemora-a-60-anos-de-eva-peron\/","title":{"rendered":"Argentina conmemora: a 60 a\u00f1os de Eva Per\u00f3n"},"content":{"rendered":"<p><script src=\"\/\/pagead2.googlesyndication.com\/pagead\/js\/adsbygoogle.js\" async=\"\"><\/script><!-- BANNER ELORIENTE INCRUSTADO NOTAS --> <ins class=\"adsbygoogle\" style=\"display: inline-block; width: 300px; height: 250px;\" data-ad-client=\"ca-pub-1136171134853753\" data-ad-slot=\"7974633627\"><\/ins><script>\/\/ <![CDATA[\n(adsbygoogle = window.adsbygoogle || []).push({});\n\/\/ ]]><\/script><\/p>\n<p>&nbsp;<\/p>\n<p>eloriente.net\/<a href=\"http:\/\/www.me.gov.ar\/\" target=\"_blank\">Efem\u00e9rides Culturales Argentinas<\/a><\/p>\n<p>26 de julio\/2012<\/p>\n<p>eloriente.net (Oaxaca, Oax) 26 de julio de 2012.- El 26 de julio se conmemora en Argentina 60 a\u00f1os de la muerte de Eva Per\u00f3n, una mujer fundamental en la historia de su pa\u00eds. Maria Eva Duarte, conocida como \u00abEvita\u00bb naci\u00f3 el\u00a0\u00a07 de mayo de 1919 en\u00a0Los Toldos, provincia de Buenos Aires, Argentina.<\/p>\n<p>Eva Per\u00f3n, siendo esposa del Presidente Juan Domingo Per\u00f3n particip\u00f3 activamente en la vida pol\u00edtica de u pa\u00eds, favoreciendo a mujeres y a los sectores pobres y vulnerables de su pa\u00eds. Desde la\u00a0Secretar\u00eda de Trabajo y Previsi\u00f3n\u00a0encar\u00f3 la\u00a0<em>\u00abayuda social directa\u00bb<\/em>: un trabajo, una medicina, una vivienda. Esta instancia continuar\u00eda a lo largo de todos sus a\u00f1os de acci\u00f3n.<\/p>\n<p><script src=\"\/\/pagead2.googlesyndication.com\/pagead\/js\/adsbygoogle.js\" async=\"\"><\/script><!-- BANNER PEQUE\u00d1O PARA ENTRENOTAS EL ORIENTE --> <ins class=\"adsbygoogle\" style=\"display: inline-block; width: 468px; height: 60px;\" data-ad-client=\"ca-pub-1136171134853753\" data-ad-slot=\"4953536424\"><\/ins><script>\/\/ <![CDATA[\n(adsbygoogle = window.adsbygoogle || []).push({});\n\/\/ ]]><\/script><\/p>\n<p>Asumi\u00f3 tambi\u00e9n, desde el triunfo del peronismo en 1946, cuando el Coronel Per\u00f3n lleg\u00f3 a la Presidencia, el compromiso de luchar a favor del sufragio femenino. Es por lo tanto, un \u00edcono en la historia de su naci\u00f3n.<\/p>\n<p>En el marco de esta conmemoraci\u00f3n, la presidenta de Argentina, Cristina Fern\u00e1ndez present\u00f3 el nuevo billete de cien pesos que lleva el rostro de Eva Duarte.<\/p>\n<p>A continuaci\u00f3n, un video de la Serie Encuentro (XIII) \u00abEva Per\u00f3n y la Cultura Peronista\u00bb.<\/p>\n<p><span class=\"embed-youtube\" style=\"text-align:center; display: block;\"><iframe loading=\"lazy\" class=\"youtube-player\" width=\"640\" height=\"360\" src=\"https:\/\/www.youtube.com\/embed\/0jTpOZ9Ck_A?version=3&#038;rel=1&#038;showsearch=0&#038;showinfo=1&#038;iv_load_policy=1&#038;fs=1&#038;hl=es-ES&#038;autohide=2&#038;wmode=transparent\" allowfullscreen=\"true\" style=\"border:0;\" sandbox=\"allow-scripts allow-same-origin allow-popups allow-presentation allow-popups-to-escape-sandbox\"><\/iframe><\/span><\/p>\n<p><em>\u00abLos \u00abhombres comunes\u00bb son los eternos enemigos de toda cosa nueva, de todo progreso, de toda idea extraordinaria y por lo tanto de toda revoluci\u00f3n.\u00bb\u00a0<\/em><em>Eva Per\u00f3n<\/em><\/p>\n<p><a href=\"http:\/\/www.eloriente.net\/home\/wp-content\/uploads\/2012\/07\/EVA-PERON-ACTO-CGT-1952.jpeg\"><img loading=\"lazy\" decoding=\"async\" class=\"size-medium wp-image-1247 alignleft\" title=\"EVA PERON ACTO CGT 1952\" src=\"http:\/\/www.eloriente.net\/home\/wp-content\/uploads\/2012\/07\/EVA-PERON-ACTO-CGT-1952-300x225.jpeg\" alt=\"\" width=\"300\" height=\"225\" srcset=\"http:\/\/www.eloriente.net\/home\/wp-content\/uploads\/2012\/07\/EVA-PERON-ACTO-CGT-1952-300x225.jpeg 300w, http:\/\/www.eloriente.net\/home\/wp-content\/uploads\/2012\/07\/EVA-PERON-ACTO-CGT-1952.jpeg 640w\" sizes=\"(max-width: 300px) 100vw, 300px\" \/><\/a><\/p>\n<p>&nbsp;<\/p>\n<p>&nbsp;<\/p>\n<p>&nbsp;<\/p>\n<p>&nbsp;<\/p>\n<p>&nbsp;<\/p>\n<p>&nbsp;<\/p>\n<p>&nbsp;<\/p>\n<p>&nbsp;<\/p>\n<p><a href=\"http:\/\/www.eloriente.net\/home\/wp-content\/uploads\/2012\/07\/casa-rosada-flickr.jpg\"><img loading=\"lazy\" decoding=\"async\" class=\"size-medium wp-image-1254 alignleft\" title=\"casa rosada flickr\" src=\"http:\/\/www.eloriente.net\/home\/wp-content\/uploads\/2012\/07\/casa-rosada-flickr-300x168.jpg\" alt=\"\" width=\"300\" height=\"168\" srcset=\"http:\/\/www.eloriente.net\/home\/wp-content\/uploads\/2012\/07\/casa-rosada-flickr-300x168.jpg 300w, http:\/\/www.eloriente.net\/home\/wp-content\/uploads\/2012\/07\/casa-rosada-flickr.jpg 1024w\" sizes=\"(max-width: 300px) 100vw, 300px\" \/><\/a><\/p>\n<p>&nbsp;<\/p>\n<p>&nbsp;<\/p>\n<p>&nbsp;<\/p>\n<p>&nbsp;<\/p>\n<p>&nbsp;<\/p>\n<p>&nbsp;<\/p>\n<p><em>Foto:\u00a0<a title=\"Attribution-ShareAlike License\" href=\"http:\/\/creativecommons.org\/licenses\/by-sa\/2.0\/\">Algunos derechos reservados<\/a>\u00a0por\u00a0<a href=\"http:\/\/www.flickr.com\/photos\/geoliv\/\">Geoff Livingston<\/a><\/em><\/p>\n\n\t\t\t  <div \n\t\t\t  \tclass = \"fb-comments\" \n\t\t\t  \tdata-href = \"http:\/\/www.eloriente.net\/home\/2012\/07\/26\/argentina-conmemora-a-60-anos-de-eva-peron\/\"\n\t\t\t  \tdata-numposts = \"10\"\n\t\t\t\tdata-colorscheme = \"dark\"\n\t\t\t\tdata-order-by = \"social\"\n\t\t\t\tdata-mobile=true>\n\t\t\t  <\/div>\n\t\t  <style>\n\t\t\t.fb_iframe_widget_fluid_desktop iframe {\n\t\t\t    width: 100% !important;\n\t\t\t}\n\t\t  <\/style>\n\t\t  ","protected":false},"excerpt":{"rendered":"<p>&nbsp; eloriente.net\/Efem\u00e9rides Culturales Argentinas 26 de julio\/2012 eloriente.net (Oaxaca, Oax) 26 de julio de 2012.- El 26 de julio se conmemora en Argentina 60 a\u00f1os de la muerte de Eva Per\u00f3n, una mujer fundamental en la historia de su pa\u00eds. Maria Eva Duarte, conocida como \u00abEvita\u00bb naci\u00f3 el\u00a0\u00a07 de mayo de 1919 en\u00a0Los Toldos, provincia [&hellip;]<\/p>\n","protected":false},"author":1,"featured_media":1254,"comment_status":"open","ping_status":"open","sticky":false,"template":"","format":"standard","meta":{"_jetpack_memberships_contains_paid_content":false,"footnotes":""},"categories":[32,10,24,31],"tags":[],"class_list":["post-1233","post","type-post","status-publish","format-standard","has-post-thumbnail","hentry","category-entradas","category-lo-mas-reciente","category-mexico-y-el-mundo","category-principal"],"jetpack_featured_media_url":"http:\/\/www.eloriente.net\/home\/wp-content\/uploads\/2012\/07\/casa-rosada-flickr.jpg","jetpack_sharing_enabled":true,"_links":{"self":[{"href":"http:\/\/www.eloriente.net\/home\/wp-json\/wp\/v2\/posts\/1233"}],"collection":[{"href":"http:\/\/www.eloriente.net\/home\/wp-json\/wp\/v2\/posts"}],"about":[{"href":"http:\/\/www.eloriente.net\/home\/wp-json\/wp\/v2\/types\/post"}],"author":[{"embeddable":true,"href":"http:\/\/www.eloriente.net\/home\/wp-json\/wp\/v2\/users\/1"}],"replies":[{"embeddable":true,"href":"http:\/\/www.eloriente.net\/home\/wp-json\/wp\/v2\/comments?post=1233"}],"version-history":[{"count":8,"href":"http:\/\/www.eloriente.net\/home\/wp-json\/wp\/v2\/posts\/1233\/revisions"}],"predecessor-version":[{"id":40506,"href":"http:\/\/www.eloriente.net\/home\/wp-json\/wp\/v2\/posts\/1233\/revisions\/40506"}],"wp:featuredmedia":[{"embeddable":true,"href":"http:\/\/www.eloriente.net\/home\/wp-json\/wp\/v2\/media\/1254"}],"wp:attachment":[{"href":"http:\/\/www.eloriente.net\/home\/wp-json\/wp\/v2\/media?parent=1233"}],"wp:term":[{"taxonomy":"category","embeddable":true,"href":"http:\/\/www.eloriente.net\/home\/wp-json\/wp\/v2\/categories?post=1233"},{"taxonomy":"post_tag","embeddable":true,"href":"http:\/\/www.eloriente.net\/home\/wp-json\/wp\/v2\/tags?post=1233"}],"curies":[{"name":"wp","href":"https:\/\/api.w.org\/{rel}","templated":true}]}}