{"id":12527,"date":"2013-06-01T13:50:00","date_gmt":"2013-06-01T19:50:00","guid":{"rendered":"http:\/\/www.eloriente.net\/home\/?p=12527"},"modified":"2013-06-02T11:12:14","modified_gmt":"2013-06-02T17:12:14","slug":"los-70-comunicadores-con-mayor-impacto-en-twitter-de-oaxaca-junio2013","status":"publish","type":"post","link":"http:\/\/www.eloriente.net\/home\/2013\/06\/01\/los-70-comunicadores-con-mayor-impacto-en-twitter-de-oaxaca-junio2013\/","title":{"rendered":"Los 70 Comunicadores con mayor impacto en Twitter de Oaxaca (Junio\/2013)"},"content":{"rendered":"<p>eloriente.net<\/p>\n<p>1 de junio de 2013<\/p>\n<p>Como cada dos meses a partir de este 2013, @El_Oriente te comparte <strong>La lista de los 70 Comunicadores con mayor impacto en Twitter de Oaxaca<\/strong>; ejercicio que iniciamos en octubre del a\u00f1o pasado con el fin de dar a conocer a nuestros usuarios las cuentas y perfiles de las personas que comunican la informaci\u00f3n en nuestro estado (editores, columnistas, locutores, reporteros y fot\u00f3grafos), y el impacto que tienen en la red social Twitter.<\/p>\n<p>La lista se mantiene desde su inicio liderada por @Sofyvaldivia, @Betillocruz y @jorgeoropezaoax. En esta entrega, Nadia Sanabia (NADASANABIA) subi\u00f3 1 pelda\u00f1o para ubicarse en el 4\u00ba sitio y Rubel Salinas (@RUBELSV) baj\u00f3 al quinto lugar.<\/p>\n<p>En el ranking del 1 de abril de 2013, la cuenta de Omar Aguilar (@Omar_Aguilar212) fue la que subi\u00f3 m\u00e1s pelda\u00f1os al pasar del lugar 39 al 30 de la lista. A \u00e9sta le siguieron las de Jaime Vel\u00e1zquez (@jaimelabc) y Felipe S\u00e1nchez (@escaparate_oax), las cuales escalaron 8 posiciones.<\/p>\n<p>En el ejercicio de este s\u00e1bado, la cuenta de Ra\u00fal Franco (@raulfrancov) tuvo un movimiento importante, al subir 13 lugares respecto al ranking pasado. Jorge Mar\u00edn (@JorgeMarinMVM) tambi\u00e9n tuvo un ascenso significativo al pasar de la posici\u00f3n 64 a la 52.<\/p>\n<p>En general, se regist\u00f3 un mayor movimiento de las cuentas que se encontraban rezagadas, las que se ubicaban en posiciones estables desde hace varios meses fueron quienes descendieron en esta ocasi\u00f3n.<\/p>\n<p>Cabe mencionar que se eligieron 70 comunicadores como un n\u00famero arbitrario pero consideramos suficiente para dar una idea al lector sobre la labor de este importante sector de actividad y cu\u00e1les son las voces que la comunidad escucha y valora.<\/p>\n<p>El grado de influencia est\u00e1 basado en un algoritmo que combina diversos factores de c\u00e1lculo:<\/p>\n<p>1. N\u00famero de seguidores<\/p>\n<p>2. Fuerza de los seguidores, es decir que los propios seguidores de una cuenta tengan tambi\u00e9n un grado de impacto y cu\u00e1l es \u00e9ste.<\/p>\n<p>3. Actualizaciones<\/p>\n<p>4. Frecuencia de Actualizaciones<\/p>\n<p>5. Relaci\u00f3n entre los seguidores y las cuentas que se siguen.<\/p>\n<p>6. Interacci\u00f3n, es decir, los retweets, citas, menciones y recibidas, y qui\u00e9n o qu\u00e9 cuenta lo ha hecho.<\/p>\n<p>El c\u00e1lculo general est\u00e1 basado y consultado en el \u00edndice: TWEET GRADER, cuyo c\u00e1lculo hasta este 1 de junio de 2013 es sobre\u00a013,703,253 de cuentas, as\u00ed que mientras m\u00e1s cerca al 1, es mayor el impacto. Como se podr\u00e1 notar algunos de los enlistados tienen un mismo c\u00e1lculo y as\u00ed se ha respetado. Seguramente en la siguiente medici\u00f3n \u00e9ste cambiar\u00e1.<\/p>\n<p>LA LISTA DEL IMPACTO DE LOS 70 COMUNICADORES SELECCIONADOS AL <strong>1 DE JUNIO DE 2013<\/strong> ES:<\/p>\n<p style=\"text-align: center;\"><a href=\"http:\/\/www.eloriente.net\/home\/wp-content\/uploads\/2013\/06\/LISTA.jpg\"><img loading=\"lazy\" decoding=\"async\" class=\"aligncenter  wp-image-12552\" title=\"LISTA\" src=\"http:\/\/www.eloriente.net\/home\/wp-content\/uploads\/2013\/06\/LISTA.jpg\" alt=\"\" width=\"512\" height=\"1486\" srcset=\"http:\/\/www.eloriente.net\/home\/wp-content\/uploads\/2013\/06\/LISTA.jpg 640w, http:\/\/www.eloriente.net\/home\/wp-content\/uploads\/2013\/06\/LISTA-103x300.jpg 103w\" sizes=\"(max-width: 512px) 100vw, 512px\" \/><\/a><\/p>\n<p>&nbsp;<\/p>\n<p>*Cuenta agregada por solicitud de usuarios.<\/p>\n<p>A\u00fan te presentamos los datos a esta misma fecha de las cuentas que fueron excluidas en entregas anteriores por no mejorar posiciones, otras que consideramos de impacto y dos que nos fueron propuestas por los usuarios y que podr\u00e1n incluirse en la siguiente entrega.<\/p>\n<p style=\"text-align: center;\"><a href=\"http:\/\/www.eloriente.net\/home\/wp-content\/uploads\/2013\/06\/Captura-de-pantalla-2013-06-01-a-las-14.51.12.png\"><img loading=\"lazy\" decoding=\"async\" class=\"aligncenter  wp-image-12547\" title=\"Captura de pantalla 2013-06-01 a la(s) 14.51.12\" src=\"http:\/\/www.eloriente.net\/home\/wp-content\/uploads\/2013\/06\/Captura-de-pantalla-2013-06-01-a-las-14.51.12.png\" alt=\"\" width=\"437\" height=\"85\" srcset=\"http:\/\/www.eloriente.net\/home\/wp-content\/uploads\/2013\/06\/Captura-de-pantalla-2013-06-01-a-las-14.51.12.png 624w, http:\/\/www.eloriente.net\/home\/wp-content\/uploads\/2013\/06\/Captura-de-pantalla-2013-06-01-a-las-14.51.12-300x58.png 300w\" sizes=\"(max-width: 437px) 100vw, 437px\" \/><\/a><\/p>\n<p>Si t\u00fa tienes sugerencias sobre personas o cuentas que consideras deben incluirse en estas listas , deja la referencia en el formato de abajo.<\/p>\n<p>[cp_designer template=\u00bbAGREGAR A LISTA\u00bb]<\/p>\n<p>&nbsp;<\/p>\n<p><a title=\"Permalink to Los 70 Comunicadores con mayor impacto en Twitter de Oaxaca (Abril\/2013)\" href=\"http:\/\/www.eloriente.net\/home\/2013\/04\/01\/los-70-comunicadores-con-mayor-impacto-en-twitter-de-oaxaca-abril2013\/\" rel=\"bookmark\">Los 70 Comunicadores con mayor impacto en Twitter de Oaxaca (Abril\/2013)<\/a><\/p>\n<p><a href=\"http:\/\/www.eloriente.net\/home\/wp-content\/uploads\/2012\/10\/Algunos-derechos-reservados-por-Rosaura-Ochoa-Twitter.jpg\"><img loading=\"lazy\" decoding=\"async\" class=\"aligncenter size-medium wp-image-3548\" title=\"Algunos derechos reservados por Rosaura Ochoa Twitter\" src=\"http:\/\/www.eloriente.net\/home\/wp-content\/uploads\/2012\/10\/Algunos-derechos-reservados-por-Rosaura-Ochoa-Twitter-300x225.jpg\" alt=\"\" width=\"300\" height=\"225\" srcset=\"http:\/\/www.eloriente.net\/home\/wp-content\/uploads\/2012\/10\/Algunos-derechos-reservados-por-Rosaura-Ochoa-Twitter-300x225.jpg 300w, http:\/\/www.eloriente.net\/home\/wp-content\/uploads\/2012\/10\/Algunos-derechos-reservados-por-Rosaura-Ochoa-Twitter.jpg 640w\" sizes=\"(max-width: 300px) 100vw, 300px\" \/><\/a><\/p>\n<p>Imagen: <a href=\"http:\/\/www.flickr.com\/photos\/rosauraochoa\/\" target=\"_blank\">Rosaura Ochoa<\/a>, <a href=\"http:\/\/creativecommons.org\/licenses\/by\/2.0\/\" target=\"_blank\">Algunos derechos reservados.<\/a><\/p>\n<p>&nbsp;<\/p>\n<p>ANTERIORES:<\/p>\n<p><a title=\"Permalink to Los 70 Comunicadores con mayor impacto en Twitter de Oaxaca (Enero\/2013)\" href=\"http:\/\/www.eloriente.net\/home\/2013\/02\/01\/los-70-comunicadores-con-mayor-impacto-en-twitter-de-oaxaca-enero2013\/\" rel=\"bookmark\">Los 70 Comunicadores con mayor impacto en Twitter de Oaxaca (Enero\/2013)<\/a><\/p>\n<p><a href=\"http:\/\/www.eloriente.net\/home\/2013\/02\/01\/los-70-comunicadores-con-mayor-impacto-en-twitter-de-oaxaca-enero2013\/\" rel=\"bookmark\"><img decoding=\"async\" title=\"Los 70 Comunicadores con mayor impacto en Twitter de Oaxaca (Enero\/2013)\" src=\"http:\/\/www.eloriente.net\/home\/wp-content\/themes\/city-desk\/timthumb.php?src=http%3A%2F%2Fwww.eloriente.net%2Fhome%2Fwp-content%2Fuploads%2F2012%2F10%2FAlgunos-derechos-reservados-por-Rosaura-Ochoa-Twitter.jpg&amp;q=90&amp;w=160&amp;h=106&amp;zc=1\" alt=\"Los 70 Comunicadores con mayor impacto en Twitter de Oaxaca (Enero\/2013)\" \/><\/a><\/p>\n<p>eloriente.net 1 de febrero de 2013 En octubre del 2012 iniciamos un ejercicio con la configuraci\u00f3n de una lista sobre el Grado de Impacto que tienen los comunicadores de Oaxaca (editores, columnistas, locutores, reporteros y fot\u00f3grafos) en sus cuentas de Twitter, el cual fuimos desarrollando mensualmente. Este ejercicio se realiz\u00f3 con\u00a0 el objeto de que [&#8230;]<\/p>\n<p>February 1, 2013<\/p>\n\n\t\t\t  <div \n\t\t\t  \tclass = \"fb-comments\" \n\t\t\t  \tdata-href = \"http:\/\/www.eloriente.net\/home\/2013\/06\/01\/los-70-comunicadores-con-mayor-impacto-en-twitter-de-oaxaca-junio2013\/\"\n\t\t\t  \tdata-numposts = \"10\"\n\t\t\t\tdata-colorscheme = \"dark\"\n\t\t\t\tdata-order-by = \"social\"\n\t\t\t\tdata-mobile=true>\n\t\t\t  <\/div>\n\t\t  <style>\n\t\t\t.fb_iframe_widget_fluid_desktop iframe {\n\t\t\t    width: 100% !important;\n\t\t\t}\n\t\t  <\/style>\n\t\t  ","protected":false},"excerpt":{"rendered":"<p>eloriente.net 1 de junio de 2013 Como cada dos meses a partir de este 2013, @El_Oriente te comparte La lista de los 70 Comunicadores con mayor impacto en Twitter de Oaxaca; ejercicio que iniciamos en octubre del a\u00f1o pasado con el fin de dar a conocer a nuestros usuarios las cuentas y perfiles de las [&hellip;]<\/p>\n","protected":false},"author":1,"featured_media":3548,"comment_status":"open","ping_status":"open","sticky":false,"template":"","format":"standard","meta":{"_jetpack_memberships_contains_paid_content":false,"footnotes":""},"categories":[29,32,10,24,31],"tags":[],"class_list":["post-12527","post","type-post","status-publish","format-standard","has-post-thumbnail","hentry","category-capital","category-entradas","category-lo-mas-reciente","category-mexico-y-el-mundo","category-principal"],"jetpack_featured_media_url":"http:\/\/www.eloriente.net\/home\/wp-content\/uploads\/2012\/10\/Algunos-derechos-reservados-por-Rosaura-Ochoa-Twitter.jpg","jetpack_sharing_enabled":true,"_links":{"self":[{"href":"http:\/\/www.eloriente.net\/home\/wp-json\/wp\/v2\/posts\/12527"}],"collection":[{"href":"http:\/\/www.eloriente.net\/home\/wp-json\/wp\/v2\/posts"}],"about":[{"href":"http:\/\/www.eloriente.net\/home\/wp-json\/wp\/v2\/types\/post"}],"author":[{"embeddable":true,"href":"http:\/\/www.eloriente.net\/home\/wp-json\/wp\/v2\/users\/1"}],"replies":[{"embeddable":true,"href":"http:\/\/www.eloriente.net\/home\/wp-json\/wp\/v2\/comments?post=12527"}],"version-history":[{"count":14,"href":"http:\/\/www.eloriente.net\/home\/wp-json\/wp\/v2\/posts\/12527\/revisions"}],"predecessor-version":[{"id":12545,"href":"http:\/\/www.eloriente.net\/home\/wp-json\/wp\/v2\/posts\/12527\/revisions\/12545"}],"wp:featuredmedia":[{"embeddable":true,"href":"http:\/\/www.eloriente.net\/home\/wp-json\/wp\/v2\/media\/3548"}],"wp:attachment":[{"href":"http:\/\/www.eloriente.net\/home\/wp-json\/wp\/v2\/media?parent=12527"}],"wp:term":[{"taxonomy":"category","embeddable":true,"href":"http:\/\/www.eloriente.net\/home\/wp-json\/wp\/v2\/categories?post=12527"},{"taxonomy":"post_tag","embeddable":true,"href":"http:\/\/www.eloriente.net\/home\/wp-json\/wp\/v2\/tags?post=12527"}],"curies":[{"name":"wp","href":"https:\/\/api.w.org\/{rel}","templated":true}]}}