{"id":12567,"date":"2013-06-03T08:52:32","date_gmt":"2013-06-03T14:52:32","guid":{"rendered":"http:\/\/www.eloriente.net\/home\/?p=12567"},"modified":"2013-06-03T16:46:40","modified_gmt":"2013-06-03T22:46:40","slug":"inicia-ii-foro-de-gestion-cultural-en-oaxaca","status":"publish","type":"post","link":"http:\/\/www.eloriente.net\/home\/2013\/06\/03\/inicia-ii-foro-de-gestion-cultural-en-oaxaca\/","title":{"rendered":"Inicia II Foro de Gesti\u00f3n Cultural en Oaxaca"},"content":{"rendered":"<p>eloriente.net<\/p>\n<p>3 de junio de 2013<\/p>\n<p>eloriente.net (Oaxaca, Oax.) 3 de junio de 2013.- Con tres talleres y tres conferencias magistrales, inicia este lunes en el\u00a0ex convento de San Pablo de la ciudad de Oaxaca, el II Foro de Gesti\u00f3n Cultural convocado por la Feria Internacional del Libro de Oaxaca (FILO) 2013 y la Fundaci\u00f3n Alfredo Harp Hel\u00fa.<\/p>\n<p>En la segunda edici\u00f3n de este Foro se contar\u00e1 con la participaci\u00f3n\u00a0del ex director del Festival Internacional Cervantino y actual director del Teatro Mayor de Bogot\u00e1, Ramiro Osorio; del recientemente nombrado director de la Biblioteca Vasconcelos, Daniel Goldin; y los promotores culturales Carlos J. Villase\u00f1or y Alejandro Ram\u00edrez.<\/p>\n<p>De acuerdo a informaci\u00f3n difundida por la FILO, Osorio ha desarrollado importantes proyectos internacionales en materia de gesti\u00f3n cultural, como el Festival\u00a0Internacional de Teatro de Bogot\u00e1 y el Festival Sevilla Entre Culturas. \u00abComo\u00a0director del Festival Internacional Cervantino entre 2001 y 2006 logr\u00f3 cambios trascendentales en el desarrollo de este evento como su comercializaci\u00f3n en el extranjero y el inicio del proceso para su reconocimiento jur\u00eddico por parte de autoridades federales y estatales. Subi\u00f3 adem\u00e1s la asistencia promedio de espectadores por actividad de 38 a 90 por ciento.\u00bb<\/p>\n<p>Otro de los participantes en este encuentro, Carlos J. Villase\u00f1or, es promotor especializado en pol\u00edticas culturales y el marco legal de la cultura. Preside actualmente el Consejo Acad\u00e9mico de Interactividad Cultural y Desarrollo A.C., ONG reconocida por la UNESCO como coadyuvante en la Convenci\u00f3n para la Salvaguarda del Patrimonio Inmaterial.<\/p>\n<p>Alejandro Ram\u00edrez es doctor en Ciencias Administrativas por el Instituto Polit\u00e9cnico Nacional (IPN), particip\u00f3 en la XXV Feria Internacional del Libro de Bogot\u00e1 2012 en el \u00e1rea de gesti\u00f3n cultural y se desempe\u00f1a actualmente como gerente de Planeaci\u00f3n y Operaci\u00f3n de Librer\u00edas de Grupo Proveedora Escolar.<\/p>\n<p>Por su parte, Daniel Goldin, editor y ensayista que cre\u00f3 y dirigi\u00f3 el proyecto de libros para ni\u00f1os y j\u00f3venes del FCE hasta febrero de 2004, a\u00f1o en el que fund\u00f3 Abrapalabra Editores SA de CV, filial mexicana de la editorial Serres. Desde enero de 2007 trabaja en la editorial Oc\u00e9ano de M\u00e9xico, donde tiene a su cargo la direcci\u00f3n editorial del proyecto Oc\u00e9ano Traves\u00eda. Recientemente fue designado director de la Biblioteca Vasconcelos.<\/p>\n<p>Sobre los talleres que ser\u00e1n impartidos a los interesados que cumplieron los requisitos en las fechas acordadas, Ramiro Osorio impartir\u00e1 el de <em>Gesti\u00f3n Cultural Contempor\u00e1nea<\/em>, Carlos J. Villase\u00f1or, ofrecer\u00e1 el de <em>Bases para la gesti\u00f3n de recursos a proyectos culturales y <\/em>Alejandro Ram\u00edrez Flores impartir\u00e1 el <em>el taller seminario <em>Introducci\u00f3n a la gesti\u00f3n de proyectos culturales.<\/em><br \/>\n<\/em><\/p>\n<p>En cu\u00e1nto a las conferencias, el <strong>mi\u00e9rcoles 5 de junio a las 19:00 horas, Osorio ofrecer\u00e1 la conferencia magistral \u201cLa gesti\u00f3n contempor\u00e1nea de las artes esc\u00e9nicas\u201d. <\/strong>En tanto que, <strong>Villase\u00f1or impartir\u00e1 el viernes 7 de junio a las 19:00 horas,<\/strong> su conferencia magistral.<\/p>\n<p><strong>El s\u00e1bado 8 de junio a las 12:30 horas, Goldin ser\u00e1 el encargado de dictar la conferencia magistral de clausura<\/strong> del II Foro de Gesti\u00f3n Cultural 2013, referente a la formaci\u00f3n de lectores.<\/p>\n<p style=\"text-align: center;\"><a href=\"http:\/\/www.eloriente.net\/home\/wp-content\/uploads\/2013\/06\/Segundo-Foro-de-Gestio\u0301n-Cultural.jpg\"><img loading=\"lazy\" decoding=\"async\" class=\"aligncenter  wp-image-12570\" title=\"Segundo Foro de Gestio\u0301n Cultural\" src=\"http:\/\/www.eloriente.net\/home\/wp-content\/uploads\/2013\/06\/Segundo-Foro-de-Gestio\u0301n-Cultural.jpg\" alt=\"\" width=\"448\" height=\"672\" srcset=\"http:\/\/www.eloriente.net\/home\/wp-content\/uploads\/2013\/06\/Segundo-Foro-de-Gestio\u0301n-Cultural.jpg 640w, http:\/\/www.eloriente.net\/home\/wp-content\/uploads\/2013\/06\/Segundo-Foro-de-Gestio\u0301n-Cultural-200x300.jpg 200w\" sizes=\"(max-width: 448px) 100vw, 448px\" \/><\/a><\/p>\n<p>&nbsp;<\/p>\n<p>&nbsp;<\/p>\n\n\t\t\t  <div \n\t\t\t  \tclass = \"fb-comments\" \n\t\t\t  \tdata-href = \"http:\/\/www.eloriente.net\/home\/2013\/06\/03\/inicia-ii-foro-de-gestion-cultural-en-oaxaca\/\"\n\t\t\t  \tdata-numposts = \"10\"\n\t\t\t\tdata-colorscheme = \"dark\"\n\t\t\t\tdata-order-by = \"social\"\n\t\t\t\tdata-mobile=true>\n\t\t\t  <\/div>\n\t\t  <style>\n\t\t\t.fb_iframe_widget_fluid_desktop iframe {\n\t\t\t    width: 100% !important;\n\t\t\t}\n\t\t  <\/style>\n\t\t  ","protected":false},"excerpt":{"rendered":"<p>eloriente.net 3 de junio de 2013 eloriente.net (Oaxaca, Oax.) 3 de junio de 2013.- Con tres talleres y tres conferencias magistrales, inicia este lunes en el\u00a0ex convento de San Pablo de la ciudad de Oaxaca, el II Foro de Gesti\u00f3n Cultural convocado por la Feria Internacional del Libro de Oaxaca (FILO) 2013 y la Fundaci\u00f3n [&hellip;]<\/p>\n","protected":false},"author":1,"featured_media":12570,"comment_status":"open","ping_status":"open","sticky":false,"template":"","format":"standard","meta":{"_jetpack_memberships_contains_paid_content":false,"footnotes":""},"categories":[29,49,18,32,10],"tags":[],"class_list":["post-12567","post","type-post","status-publish","format-standard","has-post-thumbnail","hentry","category-capital","category-destacadas","category-educacion-y-cultura","category-entradas","category-lo-mas-reciente"],"jetpack_featured_media_url":"http:\/\/www.eloriente.net\/home\/wp-content\/uploads\/2013\/06\/Segundo-Foro-de-Gestio\u0301n-Cultural.jpg","jetpack_sharing_enabled":true,"_links":{"self":[{"href":"http:\/\/www.eloriente.net\/home\/wp-json\/wp\/v2\/posts\/12567"}],"collection":[{"href":"http:\/\/www.eloriente.net\/home\/wp-json\/wp\/v2\/posts"}],"about":[{"href":"http:\/\/www.eloriente.net\/home\/wp-json\/wp\/v2\/types\/post"}],"author":[{"embeddable":true,"href":"http:\/\/www.eloriente.net\/home\/wp-json\/wp\/v2\/users\/1"}],"replies":[{"embeddable":true,"href":"http:\/\/www.eloriente.net\/home\/wp-json\/wp\/v2\/comments?post=12567"}],"version-history":[{"count":8,"href":"http:\/\/www.eloriente.net\/home\/wp-json\/wp\/v2\/posts\/12567\/revisions"}],"predecessor-version":[{"id":12572,"href":"http:\/\/www.eloriente.net\/home\/wp-json\/wp\/v2\/posts\/12567\/revisions\/12572"}],"wp:featuredmedia":[{"embeddable":true,"href":"http:\/\/www.eloriente.net\/home\/wp-json\/wp\/v2\/media\/12570"}],"wp:attachment":[{"href":"http:\/\/www.eloriente.net\/home\/wp-json\/wp\/v2\/media?parent=12567"}],"wp:term":[{"taxonomy":"category","embeddable":true,"href":"http:\/\/www.eloriente.net\/home\/wp-json\/wp\/v2\/categories?post=12567"},{"taxonomy":"post_tag","embeddable":true,"href":"http:\/\/www.eloriente.net\/home\/wp-json\/wp\/v2\/tags?post=12567"}],"curies":[{"name":"wp","href":"https:\/\/api.w.org\/{rel}","templated":true}]}}