{"id":12584,"date":"2013-06-03T09:34:05","date_gmt":"2013-06-03T15:34:05","guid":{"rendered":"http:\/\/www.eloriente.net\/home\/?p=12584"},"modified":"2013-06-03T09:38:06","modified_gmt":"2013-06-03T15:38:06","slug":"natalia-lafourcade-la-nomada-sonora","status":"publish","type":"post","link":"http:\/\/www.eloriente.net\/home\/2013\/06\/03\/natalia-lafourcade-la-nomada-sonora\/","title":{"rendered":"Natalia Lafourcade, la n\u00f3mada sonora"},"content":{"rendered":"<p style=\"text-align: left;\">eloriente.net\/<a href=\"http:\/\/agencian22.blogspot.mx\" target=\"_blank\">N22<\/a><\/p>\n<p style=\"text-align: right;\"><strong>Por: <a href=\"http:\/\/agencian22.blogspot.mx\/2013\/05\/natalia-lafourcade-la-nomada-sonora.html\" target=\"_blank\">Perla Vel\u00e1zquez<\/a><\/strong><\/p>\n<div style=\"text-align: right;\"><strong>Fotograf\u00eda: Karen Rivera\u00a0<\/strong><\/div>\n<div style=\"text-align: right;\"><\/div>\n<div><a href=\"http:\/\/www.eloriente.net\/home\/wp-content\/uploads\/2013\/06\/natalia-laforcade_N22.jpg\"><img loading=\"lazy\" decoding=\"async\" class=\"aligncenter  wp-image-12587\" title=\"natalia laforcade_N22\" src=\"http:\/\/www.eloriente.net\/home\/wp-content\/uploads\/2013\/06\/natalia-laforcade_N22.jpg\" alt=\"\" width=\"420\" height=\"238\" srcset=\"http:\/\/www.eloriente.net\/home\/wp-content\/uploads\/2013\/06\/natalia-laforcade_N22.jpg 600w, http:\/\/www.eloriente.net\/home\/wp-content\/uploads\/2013\/06\/natalia-laforcade_N22-300x170.jpg 300w\" sizes=\"(max-width: 420px) 100vw, 420px\" \/><\/a><\/div>\n<div><\/div>\n<p><strong>CIUDAD DE M\u00c9XICO, M\u00e9xico, (N22).-<\/strong> La industria musical que hay en M\u00e9xico, de cinco a\u00f1os para ac\u00e1, ha pasado por algo maravilloso: ha logrado que quiten las barreras y fronteras entre g\u00e9neros. \u201cSiento que antes estaba muy dividido, hab\u00eda prejuicios entre el pop, el rock, lo grupero, etc\u00e9tera. Se pensaba que si eras de all\u00e1, entonces no pod\u00edas estar ac\u00e1. Es decir, si eras rockero no pod\u00edas trabajar con lo grupero\u201d, asegur\u00f3 en entrevista Natalia Lafourcade.<\/p>\n<p>Con cuatro \u00e1lbumes de estudio, un EP y el tributo a Agust\u00edn Lara, Natalia dijo para la Agencia N22 que la m\u00fasica independiente, la versatilidad de g\u00e9neros y los trabajos que est\u00e1n realizando bandas en conjunto con proyectos nuevos rompieron la manera con la que se ve\u00eda a la m\u00fasica mexicana.<\/p>\n<p>\u201cEs como un intercambio cultural, son nuestras ra\u00edces, es lo que somos. Estas colaboraciones son lo que se ve como hecho en M\u00e9xico. Cada proyecto que se va mezclando con otro g\u00e9nero y todas las bandas que est\u00e1n haciendo <em>covers <\/em>de proyectos antiguos est\u00e1n trayendo al espectro musical de la actualidad la m\u00fasica de nuestro pasado. Esto ayuda a que la conciencia tome dimensiones de lo que nuestro pa\u00eds tiene que ofrecer\u201d, expres\u00f3 la int\u00e9rprete.<\/p>\n<p>Una de las cosas que marc\u00f3 la carrera art\u00edstica de Lafourcade fue haber participado con Alondra de la Parra durante el festejo del Bicentenario en el \u00c1ngel de la Independencia, \u201cesa noche entend\u00ed que amo demasiado lo que hago\u201d. Este suceso, logr\u00f3 crear en la cantante de \u201cBusca un problema\u201d una persona m\u00e1s disciplinada y guerrera.<\/p>\n<p>\u201cAlondra es una mujer ejemplo para m\u00ed. Me hizo cambiar muchas tuercas en la cabeza, ahora soy m\u00e1s luchona y enfocada. Esto fue gracias a trabajar con ella. Le tengo mucho cari\u00f1o. Me gustar\u00eda ser como Eugenia Le\u00f3n, Guadalupe Pineda, como todas estas cantantes que han dejado una huella y una historia. <strong>Me estoy dando cuenta que me encantar\u00eda poder dejar algo lindo tambi\u00e9n para M\u00e9xico\u00bb<\/strong>.<\/p>\n<p>Natalia recibi\u00f3 recientemente un disco de platino debido a las altas ventas de <em>Mujer divina<\/em> y acaba de regresar de una gira en Espa\u00f1a y Dinamarca en donde present\u00f3 su material. La cantante afirm\u00f3 que no sab\u00eda c\u00f3mo iba a funcionar este proyecto y pas\u00f3 por diversas etapas: la alegr\u00eda, la incertidumbre, el miedo, pero \u201cahora que lo toco y lo disfruto tanto con la gente estoy feliz. Me hace sentir afortunada de haber podido lograr este proyecto y que la gente lo disfrute.\u201d<\/p>\n<p><strong>Natalia en el Plaza Condesa<\/strong><\/p>\n<p><em>Mujer divina. Homenaje a Agust\u00edn Lara<\/em> tendr\u00e1 una segunda presentaci\u00f3n oficial este 31 de mayo en el Plaza Condesa, lugar en el que, afirm\u00f3 la cantante, siempre ha querido tocar. Con este \u00e1lbum homenaje a uno de los grandes de la m\u00fasica mexicana, Natalia descubri\u00f3 la belleza femenina: \u201cpara m\u00ed la mujer es divina, no hay mujer que no lo sea y eso incluye mi persona tambi\u00e9n\u201d.<\/p>\n<p>En este concierto, Natalia, a diferencia de la presentaci\u00f3n en el Teatro de la Ciudad, contar\u00e1 con su banda completa, originalmente participan siete personas; sin embargo, en esta ocasi\u00f3n incluir\u00e1 los metales, los que conforman nueve integrantes, adem\u00e1s de los invitados especiales, entre los que se encuentran Ximena Sari\u00f1ana, Eugenia Le\u00f3n, Juan Manuel Torreblanca y otros que la cantante no quiso revelar.<\/p>\n<p>\u201cNo hay planes de grabar un DVD pero si llegamos hacer otro concierto tal vez consideremos la grabaci\u00f3n. A m\u00ed me encantar\u00eda concluir la vida de este ciclo grabando un DVD con\u00a0 invitados y a lo mejor con un escenario m\u00e1s grande, pero por ahora no\u201d, anunci\u00f3.<\/p>\n<p>La int\u00e9rprete dijo que se sent\u00eda agradecida por cada una de las oportunidades que le ha dejado este disco: <strong>\u201cme ha dado desde la parte de conocer la m\u00fasica de Agust\u00edn y sacarla en la guitarra, en el piano, as\u00ed como abrir toda una serie de cosas musicales que no sab\u00eda<\/strong> y que a trav\u00e9s de hacer este proyecto lo he aprendido. He tenido la oportunidad de presentar esta m\u00fasica en lugares que no hab\u00eda imaginado\u201d.<\/p>\n<p>Natalia Lafourcade trabaj\u00f3 con Eugenia Le\u00f3n en su disco <em>Burbujas<\/em>, tambi\u00e9n colabor\u00f3 con la Sonora Santanera y Guadalupe Pineda. <em>Mujer Divina <\/em>saldr\u00e1 a la venta en Estados Unidos el pr\u00f3ximo julio y posteriormente estar\u00e1 haciendo promoci\u00f3n en Nueva York.<\/p>\n<div><\/div>\n\n\t\t\t  <div \n\t\t\t  \tclass = \"fb-comments\" \n\t\t\t  \tdata-href = \"http:\/\/www.eloriente.net\/home\/2013\/06\/03\/natalia-lafourcade-la-nomada-sonora\/\"\n\t\t\t  \tdata-numposts = \"10\"\n\t\t\t\tdata-colorscheme = \"dark\"\n\t\t\t\tdata-order-by = \"social\"\n\t\t\t\tdata-mobile=true>\n\t\t\t  <\/div>\n\t\t  <style>\n\t\t\t.fb_iframe_widget_fluid_desktop iframe {\n\t\t\t    width: 100% !important;\n\t\t\t}\n\t\t  <\/style>\n\t\t  ","protected":false},"excerpt":{"rendered":"<p>eloriente.net\/N22 Por: Perla Vel\u00e1zquez Fotograf\u00eda: Karen Rivera\u00a0 CIUDAD DE M\u00c9XICO, M\u00e9xico, (N22).- La industria musical que hay en M\u00e9xico, de cinco a\u00f1os para ac\u00e1, ha pasado por algo maravilloso: ha logrado que quiten las barreras y fronteras entre g\u00e9neros. \u201cSiento que antes estaba muy dividido, hab\u00eda prejuicios entre el pop, el rock, lo grupero, etc\u00e9tera. [&hellip;]<\/p>\n","protected":false},"author":1,"featured_media":12587,"comment_status":"open","ping_status":"open","sticky":false,"template":"","format":"standard","meta":{"_jetpack_memberships_contains_paid_content":false,"footnotes":""},"categories":[18,32,10],"tags":[],"class_list":["post-12584","post","type-post","status-publish","format-standard","has-post-thumbnail","hentry","category-educacion-y-cultura","category-entradas","category-lo-mas-reciente"],"jetpack_featured_media_url":"http:\/\/www.eloriente.net\/home\/wp-content\/uploads\/2013\/06\/natalia-laforcade_N22.jpg","jetpack_sharing_enabled":true,"_links":{"self":[{"href":"http:\/\/www.eloriente.net\/home\/wp-json\/wp\/v2\/posts\/12584"}],"collection":[{"href":"http:\/\/www.eloriente.net\/home\/wp-json\/wp\/v2\/posts"}],"about":[{"href":"http:\/\/www.eloriente.net\/home\/wp-json\/wp\/v2\/types\/post"}],"author":[{"embeddable":true,"href":"http:\/\/www.eloriente.net\/home\/wp-json\/wp\/v2\/users\/1"}],"replies":[{"embeddable":true,"href":"http:\/\/www.eloriente.net\/home\/wp-json\/wp\/v2\/comments?post=12584"}],"version-history":[{"count":3,"href":"http:\/\/www.eloriente.net\/home\/wp-json\/wp\/v2\/posts\/12584\/revisions"}],"predecessor-version":[{"id":12590,"href":"http:\/\/www.eloriente.net\/home\/wp-json\/wp\/v2\/posts\/12584\/revisions\/12590"}],"wp:featuredmedia":[{"embeddable":true,"href":"http:\/\/www.eloriente.net\/home\/wp-json\/wp\/v2\/media\/12587"}],"wp:attachment":[{"href":"http:\/\/www.eloriente.net\/home\/wp-json\/wp\/v2\/media?parent=12584"}],"wp:term":[{"taxonomy":"category","embeddable":true,"href":"http:\/\/www.eloriente.net\/home\/wp-json\/wp\/v2\/categories?post=12584"},{"taxonomy":"post_tag","embeddable":true,"href":"http:\/\/www.eloriente.net\/home\/wp-json\/wp\/v2\/tags?post=12584"}],"curies":[{"name":"wp","href":"https:\/\/api.w.org\/{rel}","templated":true}]}}