{"id":12585,"date":"2013-06-03T09:35:58","date_gmt":"2013-06-03T15:35:58","guid":{"rendered":"http:\/\/www.eloriente.net\/home\/?p=12585"},"modified":"2013-06-03T09:35:58","modified_gmt":"2013-06-03T15:35:58","slug":"corte-debe-desarrollar-instrumentos-de-proteccion-de-dh-fix-fierro-en-oaxaca","status":"publish","type":"post","link":"http:\/\/www.eloriente.net\/home\/2013\/06\/03\/corte-debe-desarrollar-instrumentos-de-proteccion-de-dh-fix-fierro-en-oaxaca\/","title":{"rendered":"Corte debe desarrollar instrumentos de protecci\u00f3n de DH: Fix Fierro en Oaxaca"},"content":{"rendered":"<p>eloriente.net \/ TSJEO<\/p>\n<p>3 de junio de 2013<\/p>\n<p>El director del IIJ-UNAM, H\u00e9ctor Fix Fierro imparti\u00f3 la conferencia \u201cLa protecci\u00f3n de los derechos humanos de fuente internacional por los jueces locales\u201d<\/p>\n<p>Con la ponencia magistral \u201cLa protecci\u00f3n de los Derechos Humanos de fuente internacional por los jueces locales\u201d, dictada por el doctor H\u00e9ctor Fix Fierro, director del Instituto de Investigaciones Jur\u00eddicas de la UNAM y especialista en sociolog\u00eda jur\u00eddica, este fin de semana dio inicio el diplomado en Derechos Humanos, organizado por el Poder Judicial del Estado.<\/p>\n<p>El destacado jurista se\u00f1al\u00f3 que los jueces tienen un papel fundamental para garantizar la eficacia jur\u00eddica de los contenidos de las garant\u00edas individuales para respetarlas, promoverlas, garantizarlas y protegerlas, tal como se encuentra establecidos en la Constituci\u00f3n Mexicana y en los tratados internacionales.<\/p>\n<p>Ante\u00a0\u00a0el titular del Poder Judicial, Alfredo Lagunas Rivera, magistrados del Tribunal Superior de Justicia, as\u00ed como personal del Consejo de la Judicatura, profesionistas, comunidad acad\u00e9mica y jur\u00eddica; Fix Fierro indic\u00f3 que los jueces deben de ponderar el\u00a0<em>principio de interpretaci\u00f3n conforme<\/em>, que obliga a las autoridades, en especial a las judiciales a armonizar las leyes locales, federales\u00a0\u00a0as\u00ed como las normas contenidas en tratados internacionales para\u00a0\u00a0incorporarlos en las resoluciones que\u00a0\u00a0emiten.<\/p>\n<p>Por otra parte abund\u00f3 en el tema del\u00a0<em>control difuso de constitucionalidad y convencionalidad<\/em>, que confiere poder a los jueces para determinar qu\u00e9 derecho es aplicable a una controversia, pero teniendo en cuenta que no transgreda los derechos humanos.<\/p>\n<p>El tambi\u00e9n doctor en Derecho, Fix Fierro precis\u00f3 que todas las autoridades de un Estado est\u00e1n sujetas y obligadas por la Convenci\u00f3n Americana sobre Derechos Humanos, as\u00ed como por la\u00a0\u00a0Corte Interamericana a respetar las garant\u00edas, as\u00ed como tomar las medidas para protegerlas.<\/p>\n<p>Se\u00f1al\u00f3 que es urgente que la Suprema Corte de Justicia de la Naci\u00f3n (SCJN) desarrolle instrumentos locales en materia de derechos humanos con la apertura de espacios, como la Sala Constitucional en cada estado para una mejor\u00a0\u00a0atenci\u00f3n y resoluci\u00f3n de los procedimientos.<\/p>\n<p>El acto inaugural del diplomado sobre Derechos Humanos, estuvo a cargo del titular del Poder Judicial del estado, magistrado Alfredo Lagunas Rivera,\u00a0\u00a0quien destac\u00f3 que los derechos humanos se han convertido en un referente inexcusable de la civilizaci\u00f3n.<\/p>\n<p>Dio a concoer que en Oaxaca pr\u00f3ximamente iniciar\u00e1 actividades una Sala Constitucional, \u00f3rgano competente para conocer y resolver juicios en esta materia.<\/p>\n<p>El Diplomado en Derechos Humanos concluir\u00e1 en septiembre pr\u00f3ximo y entre los temas que se abordar\u00e1n se encuentra la cultura de los derechos humanos, su teor\u00eda y fundamentaci\u00f3n; la perspectiva de g\u00e9nero, violencia contra la mujer y familia; as\u00ed como el respeto a las garant\u00edas individuales y colectivas de los pueblos y comunidades ind\u00edgenas.<\/p>\n<p>&nbsp;<\/p>\n\n\t\t\t  <div \n\t\t\t  \tclass = \"fb-comments\" \n\t\t\t  \tdata-href = \"http:\/\/www.eloriente.net\/home\/2013\/06\/03\/corte-debe-desarrollar-instrumentos-de-proteccion-de-dh-fix-fierro-en-oaxaca\/\"\n\t\t\t  \tdata-numposts = \"10\"\n\t\t\t\tdata-colorscheme = \"dark\"\n\t\t\t\tdata-order-by = \"social\"\n\t\t\t\tdata-mobile=true>\n\t\t\t  <\/div>\n\t\t  <style>\n\t\t\t.fb_iframe_widget_fluid_desktop iframe {\n\t\t\t    width: 100% !important;\n\t\t\t}\n\t\t  <\/style>\n\t\t  ","protected":false},"excerpt":{"rendered":"<p>eloriente.net \/ TSJEO 3 de junio de 2013 El director del IIJ-UNAM, H\u00e9ctor Fix Fierro imparti\u00f3 la conferencia \u201cLa protecci\u00f3n de los derechos humanos de fuente internacional por los jueces locales\u201d Con la ponencia magistral \u201cLa protecci\u00f3n de los Derechos Humanos de fuente internacional por los jueces locales\u201d, dictada por el doctor H\u00e9ctor Fix Fierro, [&hellip;]<\/p>\n","protected":false},"author":1,"featured_media":12586,"comment_status":"open","ping_status":"open","sticky":false,"template":"","format":"standard","meta":{"_jetpack_memberships_contains_paid_content":false,"footnotes":""},"categories":[22,49,32,10,31],"tags":[],"class_list":["post-12585","post","type-post","status-publish","format-standard","has-post-thumbnail","hentry","category-derechos-humanos","category-destacadas","category-entradas","category-lo-mas-reciente","category-principal"],"jetpack_featured_media_url":"http:\/\/www.eloriente.net\/home\/wp-content\/uploads\/2013\/06\/Dr.-Hector-Fix-Fierro-e1370273532147.jpg","jetpack_sharing_enabled":true,"_links":{"self":[{"href":"http:\/\/www.eloriente.net\/home\/wp-json\/wp\/v2\/posts\/12585"}],"collection":[{"href":"http:\/\/www.eloriente.net\/home\/wp-json\/wp\/v2\/posts"}],"about":[{"href":"http:\/\/www.eloriente.net\/home\/wp-json\/wp\/v2\/types\/post"}],"author":[{"embeddable":true,"href":"http:\/\/www.eloriente.net\/home\/wp-json\/wp\/v2\/users\/1"}],"replies":[{"embeddable":true,"href":"http:\/\/www.eloriente.net\/home\/wp-json\/wp\/v2\/comments?post=12585"}],"version-history":[{"count":1,"href":"http:\/\/www.eloriente.net\/home\/wp-json\/wp\/v2\/posts\/12585\/revisions"}],"predecessor-version":[{"id":12589,"href":"http:\/\/www.eloriente.net\/home\/wp-json\/wp\/v2\/posts\/12585\/revisions\/12589"}],"wp:featuredmedia":[{"embeddable":true,"href":"http:\/\/www.eloriente.net\/home\/wp-json\/wp\/v2\/media\/12586"}],"wp:attachment":[{"href":"http:\/\/www.eloriente.net\/home\/wp-json\/wp\/v2\/media?parent=12585"}],"wp:term":[{"taxonomy":"category","embeddable":true,"href":"http:\/\/www.eloriente.net\/home\/wp-json\/wp\/v2\/categories?post=12585"},{"taxonomy":"post_tag","embeddable":true,"href":"http:\/\/www.eloriente.net\/home\/wp-json\/wp\/v2\/tags?post=12585"}],"curies":[{"name":"wp","href":"https:\/\/api.w.org\/{rel}","templated":true}]}}