{"id":12633,"date":"2013-06-04T08:54:35","date_gmt":"2013-06-04T14:54:35","guid":{"rendered":"http:\/\/www.eloriente.net\/home\/?p=12633"},"modified":"2013-06-04T08:55:28","modified_gmt":"2013-06-04T14:55:28","slug":"convocatoria-abierta-para-album-ilustrado-y-narrativa-infantil-y-juvenil","status":"publish","type":"post","link":"http:\/\/www.eloriente.net\/home\/2013\/06\/04\/convocatoria-abierta-para-album-ilustrado-y-narrativa-infantil-y-juvenil\/","title":{"rendered":"Convocatoria abierta para \u00c1lbum ilustrado y narrativa infantil y juvenil"},"content":{"rendered":"<p>eloriente.net<\/p>\n<p>4 de junio de 2013<\/p>\n<p>eloriente.net (Oaxaca, Oax.) 4 de junio de 2013.- El 5\u00ba Concurso Internacional Invenciones 2013 convoca a escritores e ilustradores\u00a0 mayores de edad de cualquier nacionalidad o residencia, a participar con una o m\u00e1s obras en idioma espa\u00f1ol, en dos categor\u00edas:<strong> \u00e1lbum ilustrado o narrativa, <\/strong>y as\u00ed poder obtener los premios que en esta edici\u00f3n son: US$20,000.00 (veinte mil d\u00f3lares), publicaci\u00f3n del material e invitaci\u00f3n a la Feria Internacional del Libro de Guadalajara.<\/p>\n<p>De acuerdo a la informaci\u00f3n de la convocatoria, el objetivo de este concurso es fomentar la creaci\u00f3n literaria y pl\u00e1stica de obras para ni\u00f1os y j\u00f3venes lectores.<\/p>\n<p>En la categor\u00eda de \u00c1lbum ilustrado, el tema, el formato de la obra y la t\u00e9cnica de ilustraci\u00f3n ser\u00e1n libres. Las obras dirigidas a lectores entre 4 y 8 a\u00f1os de edad deber\u00e1n ser originales e in\u00e9ditas.<\/p>\n<p>En la categor\u00eda de Narrativa infantil y juvenil, las obras deber\u00e1n dirigirse a lectores entre 9 y 14 a\u00f1os. El tema ser\u00e1 libre con una extensi\u00f3n m\u00ednima de 60 cuartillas y la m\u00e1xima de 140.<\/p>\n<p>Es importante que los participantes no presenten obras que est\u00e9n en otro concurso, hayan sido seleccionadas, mencionadas o ganadoras o que se encuentren en dictamen editorial.<\/p>\n<p>Los trabajos ser\u00e1n recibidos hasta las 16:00 hrs., del <strong>jueves 19 de septiembre de 2013<\/strong>. Los resultados del concurso se dar\u00e1n a conocer el jueves 14 de noviembre, en la p\u00e1gina web (www.nostraediciones.com) y los ganadores ser\u00e1n notificados directamente.<\/p>\n<p>Cabe mencionar que la premiaci\u00f3n del concurso se llevar\u00e1 a cabo dentro del marco de la FIL de Guadalajara 2013, que se celebrar\u00e1 del 30 de noviembre al 8 de diciembre.<\/p>\n<p>Para descargar la convocatoria da click <a href=\"http:\/\/www.fil.com.mx\/multimedia\/convocatorias\/CARTEL_INVENCIONES_13.pdf\" target=\"_blank\">AQU\u00cd.<\/a><\/p>\n<p><a href=\"http:\/\/www.eloriente.net\/home\/wp-content\/uploads\/2013\/06\/Concurso-Internacional-Invenciones-2013.jpg\"><img loading=\"lazy\" decoding=\"async\" class=\"aligncenter size-medium wp-image-12635\" title=\"Concurso Internacional Invenciones 2013\" src=\"http:\/\/www.eloriente.net\/home\/wp-content\/uploads\/2013\/06\/Concurso-Internacional-Invenciones-2013-300x300.jpg\" alt=\"\" width=\"300\" height=\"300\" srcset=\"http:\/\/www.eloriente.net\/home\/wp-content\/uploads\/2013\/06\/Concurso-Internacional-Invenciones-2013-300x300.jpg 300w, http:\/\/www.eloriente.net\/home\/wp-content\/uploads\/2013\/06\/Concurso-Internacional-Invenciones-2013-150x150.jpg 150w, http:\/\/www.eloriente.net\/home\/wp-content\/uploads\/2013\/06\/Concurso-Internacional-Invenciones-2013-50x50.jpg 50w, http:\/\/www.eloriente.net\/home\/wp-content\/uploads\/2013\/06\/Concurso-Internacional-Invenciones-2013.jpg 960w\" sizes=\"(max-width: 300px) 100vw, 300px\" \/><\/a><\/p>\n\n\t\t\t  <div \n\t\t\t  \tclass = \"fb-comments\" \n\t\t\t  \tdata-href = \"http:\/\/www.eloriente.net\/home\/2013\/06\/04\/convocatoria-abierta-para-album-ilustrado-y-narrativa-infantil-y-juvenil\/\"\n\t\t\t  \tdata-numposts = \"10\"\n\t\t\t\tdata-colorscheme = \"dark\"\n\t\t\t\tdata-order-by = \"social\"\n\t\t\t\tdata-mobile=true>\n\t\t\t  <\/div>\n\t\t  <style>\n\t\t\t.fb_iframe_widget_fluid_desktop iframe {\n\t\t\t    width: 100% !important;\n\t\t\t}\n\t\t  <\/style>\n\t\t  ","protected":false},"excerpt":{"rendered":"<p>eloriente.net 4 de junio de 2013 eloriente.net (Oaxaca, Oax.) 4 de junio de 2013.- El 5\u00ba Concurso Internacional Invenciones 2013 convoca a escritores e ilustradores\u00a0 mayores de edad de cualquier nacionalidad o residencia, a participar con una o m\u00e1s obras en idioma espa\u00f1ol, en dos categor\u00edas: \u00e1lbum ilustrado o narrativa, y as\u00ed poder obtener los [&hellip;]<\/p>\n","protected":false},"author":1,"featured_media":12635,"comment_status":"open","ping_status":"open","sticky":false,"template":"","format":"standard","meta":{"_jetpack_memberships_contains_paid_content":false,"footnotes":""},"categories":[26,18,32,10],"tags":[],"class_list":["post-12633","post","type-post","status-publish","format-standard","has-post-thumbnail","hentry","category-convocatorias","category-educacion-y-cultura","category-entradas","category-lo-mas-reciente"],"jetpack_featured_media_url":"http:\/\/www.eloriente.net\/home\/wp-content\/uploads\/2013\/06\/Concurso-Internacional-Invenciones-2013.jpg","jetpack_sharing_enabled":true,"_links":{"self":[{"href":"http:\/\/www.eloriente.net\/home\/wp-json\/wp\/v2\/posts\/12633"}],"collection":[{"href":"http:\/\/www.eloriente.net\/home\/wp-json\/wp\/v2\/posts"}],"about":[{"href":"http:\/\/www.eloriente.net\/home\/wp-json\/wp\/v2\/types\/post"}],"author":[{"embeddable":true,"href":"http:\/\/www.eloriente.net\/home\/wp-json\/wp\/v2\/users\/1"}],"replies":[{"embeddable":true,"href":"http:\/\/www.eloriente.net\/home\/wp-json\/wp\/v2\/comments?post=12633"}],"version-history":[{"count":4,"href":"http:\/\/www.eloriente.net\/home\/wp-json\/wp\/v2\/posts\/12633\/revisions"}],"predecessor-version":[{"id":12655,"href":"http:\/\/www.eloriente.net\/home\/wp-json\/wp\/v2\/posts\/12633\/revisions\/12655"}],"wp:featuredmedia":[{"embeddable":true,"href":"http:\/\/www.eloriente.net\/home\/wp-json\/wp\/v2\/media\/12635"}],"wp:attachment":[{"href":"http:\/\/www.eloriente.net\/home\/wp-json\/wp\/v2\/media?parent=12633"}],"wp:term":[{"taxonomy":"category","embeddable":true,"href":"http:\/\/www.eloriente.net\/home\/wp-json\/wp\/v2\/categories?post=12633"},{"taxonomy":"post_tag","embeddable":true,"href":"http:\/\/www.eloriente.net\/home\/wp-json\/wp\/v2\/tags?post=12633"}],"curies":[{"name":"wp","href":"https:\/\/api.w.org\/{rel}","templated":true}]}}