{"id":12638,"date":"2013-06-04T09:02:52","date_gmt":"2013-06-04T15:02:52","guid":{"rendered":"http:\/\/www.eloriente.net\/home\/?p=12638"},"modified":"2013-06-04T09:48:24","modified_gmt":"2013-06-04T15:48:24","slug":"ultimos-dias-de-inscripciones-para-2o-campamento-audiovisual-itinerante","status":"publish","type":"post","link":"http:\/\/www.eloriente.net\/home\/2013\/06\/04\/ultimos-dias-de-inscripciones-para-2o-campamento-audiovisual-itinerante\/","title":{"rendered":"\u00daltimos d\u00edas de inscripciones para 2\u00ba Campamento Audiovisual Itinerante"},"content":{"rendered":"<p>eloriente.net\/ todooaxacaradio.com<\/p>\n<p>4 de junio de 2013<\/p>\n<p>Hasta el 15 de junio de 2013 estar\u00e1 abierta la convocatoria para participar en el 2\u00ba Campamento Audiovisual Itinerante \u2013encuentro organizado por OaxacaCine y la Calenda Audiovisual\u2013 que se llevar\u00e1 a cabo del 14 de julio al 4 de agosto de este a\u00f1o en San Miguel Amatl\u00e1n, Oaxaca.<\/p>\n<p>\u00abEl\u00a0<strong>Campamento Audiovisual Itinerante<\/strong>\u00a0es un espacio de formaci\u00f3n, encuentro, producci\u00f3n, y desarrollo de proyectos audiovisuales que se llevar\u00e1 a cabo verano a verano en una comunidad distintadel estado de Oaxaca para fomentar la producci\u00f3n de cine deficci\u00f3n desde las diversas comunidades\u00bb, se indica en el portal de este encuentro.<\/p>\n<p>Los participantes conviven durante tres semanas en la sede del campamento para compartir su conocimiento, as\u00ed como recibir talleres y clases magistrales de profesionales del medio con reconocimiento nacional e internacional.<\/p>\n<p>Podr\u00e1n participar hombres y mujeres mexicanos de 16 a\u00f1os \u00a0a 30 a\u00f1os, en uno de los dos grupos abiertos:<\/p>\n<div>&#8211; El grupo \u201cA\u201d tiene como objetivo iniciar en el arte audiovisual aj\u00f3venes que tengan inter\u00e9s en ello.<\/div>\n<div>&#8211; El grupo \u201cB\u201d ser\u00e1 para desarrollar\u00a0proyectos audiovisuales de j\u00f3venes que quieran hacer carrera en el medioaudiovisual. Podr\u00e1n participar alumnos del CAI 2012 que cumplan con los requisitos.<\/div>\n<div><\/div>\n<div>El material solicitado para poder ingresar al campamento deber\u00e1 enviarse al correo electr\u00f3nico<strong> cai.informacion@gmail.com<\/strong>. Un comit\u00e9 seleccionar\u00e1 25 participantes para el grupo A y 15 participantes para el B.<\/div>\n<div><\/div>\n<div>Cabe mencionar que los talleres son totalmente gratuitos. A los seleccionados se les otorgar\u00e1 alimentaci\u00f3n\u00a0 y hospedaje durante las 3 semanas del Campamento y se les entregar\u00e1 un reconocimiento.<\/div>\n<div><\/div>\n<div>Consulta los requisitos en el siguiente enlace:<a href=\"http:\/\/campamentoaudiovisualitinerante.blogspot.mx\/\" target=\"_blank\"> http:\/\/campamentoaudiovisualitinerante.blogspot.mx\/<\/a><\/div>\n<p><iframe loading=\"lazy\" src=\"http:\/\/www.youtube.com\/embed\/cTIC0kbEJ-k\" frameborder=\"0\" width=\"560\" height=\"315\"><\/iframe><\/p>\n<p style=\"text-align: center;\"><a href=\"http:\/\/www.eloriente.net\/home\/wp-content\/uploads\/2013\/06\/Campamento-Audiovisual-Itinerante.png\"><img loading=\"lazy\" decoding=\"async\" class=\"aligncenter  wp-image-12639\" title=\"Campamento Audiovisual Itinerante\" src=\"http:\/\/www.eloriente.net\/home\/wp-content\/uploads\/2013\/06\/Campamento-Audiovisual-Itinerante-1024x512.png\" alt=\"\" width=\"491\" height=\"246\" srcset=\"http:\/\/www.eloriente.net\/home\/wp-content\/uploads\/2013\/06\/Campamento-Audiovisual-Itinerante-1024x512.png 1024w, http:\/\/www.eloriente.net\/home\/wp-content\/uploads\/2013\/06\/Campamento-Audiovisual-Itinerante-300x150.png 300w, http:\/\/www.eloriente.net\/home\/wp-content\/uploads\/2013\/06\/Campamento-Audiovisual-Itinerante.png 1102w\" sizes=\"(max-width: 491px) 100vw, 491px\" \/><\/a><\/p>\n<div><\/div>\n<div><\/div>\n<div><\/div>\n<div><\/div>\n<div><\/div>\n<p>&nbsp;<\/p>\n<div><\/div>\n\n\t\t\t  <div \n\t\t\t  \tclass = \"fb-comments\" \n\t\t\t  \tdata-href = \"http:\/\/www.eloriente.net\/home\/2013\/06\/04\/ultimos-dias-de-inscripciones-para-2o-campamento-audiovisual-itinerante\/\"\n\t\t\t  \tdata-numposts = \"10\"\n\t\t\t\tdata-colorscheme = \"dark\"\n\t\t\t\tdata-order-by = \"social\"\n\t\t\t\tdata-mobile=true>\n\t\t\t  <\/div>\n\t\t  <style>\n\t\t\t.fb_iframe_widget_fluid_desktop iframe {\n\t\t\t    width: 100% !important;\n\t\t\t}\n\t\t  <\/style>\n\t\t  ","protected":false},"excerpt":{"rendered":"<p>eloriente.net\/ todooaxacaradio.com 4 de junio de 2013 Hasta el 15 de junio de 2013 estar\u00e1 abierta la convocatoria para participar en el 2\u00ba Campamento Audiovisual Itinerante \u2013encuentro organizado por OaxacaCine y la Calenda Audiovisual\u2013 que se llevar\u00e1 a cabo del 14 de julio al 4 de agosto de este a\u00f1o en San Miguel Amatl\u00e1n, Oaxaca. [&hellip;]<\/p>\n","protected":false},"author":1,"featured_media":12639,"comment_status":"open","ping_status":"open","sticky":false,"template":"","format":"standard","meta":{"_jetpack_memberships_contains_paid_content":false,"footnotes":""},"categories":[56,49,18,32,10,31],"tags":[],"class_list":["post-12638","post","type-post","status-publish","format-standard","has-post-thumbnail","hentry","category-cine","category-destacadas","category-educacion-y-cultura","category-entradas","category-lo-mas-reciente","category-principal"],"jetpack_featured_media_url":"http:\/\/www.eloriente.net\/home\/wp-content\/uploads\/2013\/06\/Campamento-Audiovisual-Itinerante.png","jetpack_sharing_enabled":true,"_links":{"self":[{"href":"http:\/\/www.eloriente.net\/home\/wp-json\/wp\/v2\/posts\/12638"}],"collection":[{"href":"http:\/\/www.eloriente.net\/home\/wp-json\/wp\/v2\/posts"}],"about":[{"href":"http:\/\/www.eloriente.net\/home\/wp-json\/wp\/v2\/types\/post"}],"author":[{"embeddable":true,"href":"http:\/\/www.eloriente.net\/home\/wp-json\/wp\/v2\/users\/1"}],"replies":[{"embeddable":true,"href":"http:\/\/www.eloriente.net\/home\/wp-json\/wp\/v2\/comments?post=12638"}],"version-history":[{"count":2,"href":"http:\/\/www.eloriente.net\/home\/wp-json\/wp\/v2\/posts\/12638\/revisions"}],"predecessor-version":[{"id":12647,"href":"http:\/\/www.eloriente.net\/home\/wp-json\/wp\/v2\/posts\/12638\/revisions\/12647"}],"wp:featuredmedia":[{"embeddable":true,"href":"http:\/\/www.eloriente.net\/home\/wp-json\/wp\/v2\/media\/12639"}],"wp:attachment":[{"href":"http:\/\/www.eloriente.net\/home\/wp-json\/wp\/v2\/media?parent=12638"}],"wp:term":[{"taxonomy":"category","embeddable":true,"href":"http:\/\/www.eloriente.net\/home\/wp-json\/wp\/v2\/categories?post=12638"},{"taxonomy":"post_tag","embeddable":true,"href":"http:\/\/www.eloriente.net\/home\/wp-json\/wp\/v2\/tags?post=12638"}],"curies":[{"name":"wp","href":"https:\/\/api.w.org\/{rel}","templated":true}]}}