{"id":1265,"date":"2012-07-27T09:21:08","date_gmt":"2012-07-27T15:21:08","guid":{"rendered":"http:\/\/www.eloriente.net\/home\/?p=1265"},"modified":"2023-08-11T14:59:06","modified_gmt":"2023-08-11T20:59:06","slug":"natalia-lafourcade-y-banda-de-musica-de-oaxaca-en-concierto","status":"publish","type":"post","link":"http:\/\/www.eloriente.net\/home\/2012\/07\/27\/natalia-lafourcade-y-banda-de-musica-de-oaxaca-en-concierto\/","title":{"rendered":"Natalia Lafourcade y Banda de M\u00fasica de Oaxaca en Concierto"},"content":{"rendered":"<p><script src=\"\/\/pagead2.googlesyndication.com\/pagead\/js\/adsbygoogle.js\" async=\"\"><\/script><!-- BANNER ELORIENTE INCRUSTADO NOTAS --> <ins class=\"adsbygoogle\" style=\"display: inline-block; width: 300px; height: 250px;\" data-ad-client=\"ca-pub-1136171134853753\" data-ad-slot=\"7974633627\"><\/ins><script>\/\/ <![CDATA[ (adsbygoogle = window.adsbygoogle || []).push({}); \/\/ ]]><\/script><\/p>\n<p>eloriente.net (Oaxaca, Oax) 27 de julio de 2012.- La cantante mexicana Natalia Lafourcade, acompa\u00f1ada por la Banda de M\u00fasica del Estado de Oaxaca, ofrecer\u00e1 un concierto este viernes 27 de julio a las 8 de la noche \u00a0en la Plaza de la Danza del Centro Hist\u00f3rico de Oaxaca.<\/p>\n<p>Mar\u00eda Natalia Lafourcade Silva\u00a0es una cantante, compositora, productora musical, dise\u00f1adora de moda, y actriz mexicana, nacida en la Ciudad de Coatepec, en el estado de Veracruz, M\u00e9xico.<\/p>\n<p>A lo largo de su carrera ha lanzado 4 discos. Sus sencillos como \u00abEn el 2000\u00bb, se han colocado\u00a0en los primeros puestos de las listas de popularidad en distintas radios latinoamericanas.\u00a0Ha colaborado con artistas de la talla de Ely Guerra, Julieta Venegas, Juan Son, Alondra de la Parra y Ximena Sari\u00f1ana, entre otros.<\/p>\n<p>La entrada al evento es gratuita.<\/p>\n<p>A continuaci\u00f3n, el video de Derecho de Nacimiento, intepretado por Lafourcade y grabado en la explanada el Monumento a la Revoluci\u00f3n en la Ciudad de M\u00e9xico:<\/p>\n<p><span class=\"embed-youtube\" style=\"text-align:center; display: block;\"><iframe loading=\"lazy\" class=\"youtube-player\" width=\"640\" height=\"360\" src=\"https:\/\/www.youtube.com\/embed\/JCWGOUlqq4k?version=3&#038;rel=1&#038;showsearch=0&#038;showinfo=1&#038;iv_load_policy=1&#038;fs=1&#038;hl=es-ES&#038;autohide=2&#038;wmode=transparent\" allowfullscreen=\"true\" style=\"border:0;\" sandbox=\"allow-scripts allow-same-origin allow-popups allow-presentation allow-popups-to-escape-sandbox\"><\/iframe><\/span><\/p>\n<div><script async src=\"https:\/\/pagead2.googlesyndication.com\/pagead\/js\/adsbygoogle.js\"><\/script><br \/>\n<ins class=\"adsbygoogle\" style=\"display: block; text-align: center;\" data-ad-layout=\"in-article\" data-ad-format=\"fluid\" data-ad-client=\"ca-pub-1136171134853753\" data-ad-slot=\"4724569608\"><\/ins><br \/>\n<script>\n     (adsbygoogle = window.adsbygoogle || []).push({});\n<\/script><\/div>\n<div><\/div>\n<div><strong>UN DERECHO DE NACIMIENTO<\/strong><\/div>\n<div class=\"PZPZlf\" data-lyricid=\"Musixmatch80440739\">\n<div class=\"bbVIQb\">\n<div><\/div>\n<div class=\"ujudUb\">Voy a crear un canto para poder existir<br \/>\nPara mover la tierra a los hombres y sobrevivir<br \/>\nPara curar mi coraz\u00f3n y a la mente dejarla fluir<br \/>\nPara el esp\u00edritu elevar y dejarlo llegar al fin<\/div>\n<div><\/div>\n<div class=\"ujudUb\">Yo no nac\u00ed<br \/>\nSin causa<br \/>\nYo no nac\u00ed<br \/>\nSin fe<\/div>\n<div><\/div>\n<div class=\"ujudUb\">Mi coraz\u00f3n pega fuerte<br \/>\nPara gritar a los que no sienten<br \/>\nY as\u00ed perseguir a la felicidad<\/div>\n<div><\/div>\n<div class=\"ujudUb\">Voy a crear un canto para el cielo respetar<br \/>\nPara mover las ra\u00edces de este campo y hacerlo brotar<br \/>\nPara mover las aguas y el veneno verde que hay por ah\u00ed<br \/>\nPara el esp\u00edritu elevar y dejarlo vivir en paz<\/div>\n<div><\/div>\n<div class=\"ujudUb\">Yo no nac\u00ed<br \/>\nSin causa<br \/>\nYo no nac\u00ed<br \/>\nSin fe<\/div>\n<div><\/div>\n<div class=\"ujudUb\">Mi coraz\u00f3n pega fuerte<br \/>\nPara gritar a los que nos mienten<br \/>\nY as\u00ed perseguir a la felicidad<br \/>\nY as\u00ed perseguir a la felicidad<\/div>\n<\/div>\n<div class=\"bbVIQb\">\n<div data-mh=\"-1\"><\/div>\n<div class=\"ujudUb u7wWjf\" data-mh=\"-1\">Es un derecho de nacimiento<br \/>\nEs el motor de nuestro movimiento<br \/>\nPorque reclamo libertad de pensamiento<\/div>\n<div data-mh=\"-1\"><\/div>\n<div class=\"ujudUb u7wWjf\" data-mh=\"-1\">Si no lo pido es porque estoy muriendo<\/div>\n<div class=\"ujudUb xpdxpnd\" data-mh=\"87\" data-mhc=\"1\">Es un derecho de nacimiento<br \/>\nComer los frutos que dejan los sue\u00f1os<\/div>\n<div data-mh=\"87\" data-mhc=\"1\"><\/div>\n<div class=\"ujudUb xpdxpnd\" data-mh=\"87\" data-mhc=\"1\">En una sola vos y sentimiento<br \/>\nY que este grito limpie nuestro viento<\/div>\n<div class=\"ujudUb xpdxpnd\" data-mh=\"87\" data-mhc=\"1\">Voy a crear un canto para poder exigir<br \/>\nQue no le quiten a los pobres lo que tanto les cost\u00f3 construir<\/div>\n<div data-mh=\"87\" data-mhc=\"1\"><\/div>\n<div class=\"ujudUb xpdxpnd\" data-mh=\"87\" data-mhc=\"1\">Para que el oro robado no aplaste nuestro porvenir<br \/>\nY a los que tienen de sobra nos les cueste tanto repartir<\/div>\n<div class=\"ujudUb xpdxpnd\" data-mh=\"87\" data-mhc=\"1\">Voy a elevar mi canto para hacerlos despertar<br \/>\nA los que van dormidos por la vida sin querer mirar<\/div>\n<div data-mh=\"87\" data-mhc=\"1\"><\/div>\n<div class=\"ujudUb xpdxpnd\" data-mh=\"87\" data-mhc=\"1\">Para que el r\u00edo no lleve sangre, lleve flores y el mal sanar<br \/>\nPara el esp\u00edritu elevar y dejarlo vivir en paz<\/div>\n<div data-mh=\"87\" data-mhc=\"1\"><\/div>\n<div class=\"ujudUb xpdxpnd\" data-mh=\"87\" data-mhc=\"1\">Yo no nac\u00ed<br \/>\nSin causa<br \/>\nYo no nac\u00ed<br \/>\nSin fe<\/div>\n<div data-mh=\"65\" data-mhc=\"1\"><\/div>\n<div class=\"ujudUb xpdxpnd\" data-mh=\"65\" data-mhc=\"1\">Mi coraz\u00f3n pega fuerte<br \/>\nPara gritar a los que no sienten<br \/>\nY as\u00ed perseguir a la felicidad<\/div>\n<div data-mh=\"87\" data-mhc=\"1\"><\/div>\n<div class=\"ujudUb xpdxpnd\" data-mh=\"87\" data-mhc=\"1\">Es un derecho de nacimiento<br \/>\nEs el motor de nuestro movimiento<br \/>\nPorque reclamo libertad de pensamiento<\/div>\n<div data-mh=\"87\" data-mhc=\"1\"><\/div>\n<div class=\"ujudUb xpdxpnd\" data-mh=\"87\" data-mhc=\"1\">Si no la pido es porque estoy muriendo<\/div>\n<div class=\"ujudUb xpdxpnd\" data-mh=\"87\" data-mhc=\"1\">Es un derecho de nacimiento<br \/>\nMirar los frutos que dejan los sue\u00f1os<\/div>\n<div data-mh=\"87\" data-mhc=\"1\"><\/div>\n<div class=\"ujudUb xpdxpnd\" data-mh=\"87\" data-mhc=\"1\">En una sola vos un sentimiento<br \/>\nY que este grito limpie nuestro viento<\/div>\n<div class=\"ujudUb xpdxpnd\" data-mh=\"87\" data-mhc=\"1\">Es un derecho de nacimiento<\/div>\n<div data-mh=\"87\" data-mhc=\"1\"><\/div>\n<div class=\"ujudUb xpdxpnd\" data-mh=\"87\" data-mhc=\"1\">Es el motor de nuestro movimiento<br \/>\nPorque reclamo libertad de pensamiento<br \/>\nSi no la pido es porque estoy muriendo<\/div>\n<div data-mh=\"87\" data-mhc=\"1\"><\/div>\n<div class=\"ujudUb xpdxpnd\" data-mh=\"87\" data-mhc=\"1\">Es un derecho de nacimiento<br \/>\nMirar los frutos que dejan los sue\u00f1os<br \/>\nEn una sola vos un sentimiento<\/div>\n<div class=\"ujudUb xpdxpnd\" data-mh=\"87\" data-mhc=\"1\">Y que este grito limpie nuestro viento<\/div>\n<div data-mh=\"87\" data-mhc=\"1\"><\/div>\n<div class=\"ujudUb WRZytc xpdxpnd\" data-mh=\"87\" data-mhc=\"1\">Es un derecho de nacimiento<br \/>\nPorque reclamo libertad de pensamiento<br \/>\nSi no la pido es porque estoy muriendo<\/div>\n<div data-mh=\"87\" data-mhc=\"1\"><\/div>\n<div class=\"ujudUb WRZytc xpdxpnd\" data-mh=\"87\" data-mhc=\"1\">Es un derecho de nacimiento<\/div>\n<\/div>\n<\/div>\n<div class=\"j04ED\">Fuente:\u00a0<a href=\"https:\/\/www.musixmatch.com\/\" data-ved=\"2ahUKEwjNuL_vxJ7uAhVLXK0KHc37AD4Q5s4FKAAwAXoECAIQAQ\">Musixmatch<\/a><\/div>\n<div class=\"xpdxpnd PZPZlf\" data-lyricid=\"Musixmatch80440739\" data-mh=\"57\" data-ved=\"2ahUKEwjNuL_vxJ7uAhVLXK0KHc37AD4QycMBKAEwAXoECAIQAg\" data-mhc=\"1\">\n<div><\/div>\n<div class=\"auw0zb\">Compositores: Maria Natalia Lafourcade Silva<\/div>\n<div class=\"auw0zb\">Letra de Derecho de Nacimiento \u00a9 Universal Music Publishing Mgb S.a. De C<\/div>\n<div><\/div>\n<\/div>\n<p><script src=\"\/\/pagead2.googlesyndication.com\/pagead\/js\/adsbygoogle.js\" async=\"\"><\/script><!-- BANNER PEQUE\u00d1O PARA ENTRENOTAS EL ORIENTE --> <ins class=\"adsbygoogle\" style=\"display: inline-block; width: 468px; height: 60px;\" data-ad-client=\"ca-pub-1136171134853753\" data-ad-slot=\"4953536424\"><\/ins><script>\/\/ <![CDATA[ (adsbygoogle = window.adsbygoogle || []).push({}); \/\/ ]]><\/script><\/p>\n<p><a href=\"http:\/\/www.eloriente.net\/home\/wp-content\/uploads\/2012\/07\/natalia-lafourcade.jpeg\"><img loading=\"lazy\" decoding=\"async\" class=\"aligncenter size-full wp-image-1266\" src=\"http:\/\/www.eloriente.net\/home\/wp-content\/uploads\/2012\/07\/natalia-lafourcade.jpeg\" alt=\"\" width=\"1024\" height=\"683\" srcset=\"http:\/\/www.eloriente.net\/home\/wp-content\/uploads\/2012\/07\/natalia-lafourcade.jpeg 1024w, http:\/\/www.eloriente.net\/home\/wp-content\/uploads\/2012\/07\/natalia-lafourcade-300x200.jpeg 300w\" sizes=\"(max-width: 1024px) 100vw, 1024px\" \/><\/a><\/p>\n\n\t\t\t  <div \n\t\t\t  \tclass = \"fb-comments\" \n\t\t\t  \tdata-href = \"http:\/\/www.eloriente.net\/home\/2012\/07\/27\/natalia-lafourcade-y-banda-de-musica-de-oaxaca-en-concierto\/\"\n\t\t\t  \tdata-numposts = \"10\"\n\t\t\t\tdata-colorscheme = \"dark\"\n\t\t\t\tdata-order-by = \"social\"\n\t\t\t\tdata-mobile=true>\n\t\t\t  <\/div>\n\t\t  <style>\n\t\t\t.fb_iframe_widget_fluid_desktop iframe {\n\t\t\t    width: 100% !important;\n\t\t\t}\n\t\t  <\/style>\n\t\t  ","protected":false},"excerpt":{"rendered":"<p>eloriente.net (Oaxaca, Oax) 27 de julio de 2012.- La cantante mexicana Natalia Lafourcade, acompa\u00f1ada por la Banda de M\u00fasica del Estado de Oaxaca, ofrecer\u00e1 un concierto este viernes 27 de julio a las 8 de la noche \u00a0en la Plaza de la Danza del Centro Hist\u00f3rico de Oaxaca. Mar\u00eda Natalia Lafourcade Silva\u00a0es una cantante, compositora, [&hellip;]<\/p>\n","protected":false},"author":1,"featured_media":1272,"comment_status":"open","ping_status":"open","sticky":false,"template":"","format":"standard","meta":{"_jetpack_memberships_contains_paid_content":false,"footnotes":""},"categories":[8,49,18,32,10],"tags":[11965,11966],"class_list":["post-1265","post","type-post","status-publish","format-standard","has-post-thumbnail","hentry","category-agenda","category-destacadas","category-educacion-y-cultura","category-entradas","category-lo-mas-reciente","tag-lafourcade","tag-lafourcade-en-oaxaca"],"jetpack_featured_media_url":"http:\/\/www.eloriente.net\/home\/wp-content\/uploads\/2012\/07\/Natalia-Lafourcade.jpg","jetpack_sharing_enabled":true,"_links":{"self":[{"href":"http:\/\/www.eloriente.net\/home\/wp-json\/wp\/v2\/posts\/1265"}],"collection":[{"href":"http:\/\/www.eloriente.net\/home\/wp-json\/wp\/v2\/posts"}],"about":[{"href":"http:\/\/www.eloriente.net\/home\/wp-json\/wp\/v2\/types\/post"}],"author":[{"embeddable":true,"href":"http:\/\/www.eloriente.net\/home\/wp-json\/wp\/v2\/users\/1"}],"replies":[{"embeddable":true,"href":"http:\/\/www.eloriente.net\/home\/wp-json\/wp\/v2\/comments?post=1265"}],"version-history":[{"count":5,"href":"http:\/\/www.eloriente.net\/home\/wp-json\/wp\/v2\/posts\/1265\/revisions"}],"predecessor-version":[{"id":66377,"href":"http:\/\/www.eloriente.net\/home\/wp-json\/wp\/v2\/posts\/1265\/revisions\/66377"}],"wp:featuredmedia":[{"embeddable":true,"href":"http:\/\/www.eloriente.net\/home\/wp-json\/wp\/v2\/media\/1272"}],"wp:attachment":[{"href":"http:\/\/www.eloriente.net\/home\/wp-json\/wp\/v2\/media?parent=1265"}],"wp:term":[{"taxonomy":"category","embeddable":true,"href":"http:\/\/www.eloriente.net\/home\/wp-json\/wp\/v2\/categories?post=1265"},{"taxonomy":"post_tag","embeddable":true,"href":"http:\/\/www.eloriente.net\/home\/wp-json\/wp\/v2\/tags?post=1265"}],"curies":[{"name":"wp","href":"https:\/\/api.w.org\/{rel}","templated":true}]}}