{"id":12657,"date":"2013-06-05T07:54:15","date_gmt":"2013-06-05T13:54:15","guid":{"rendered":"http:\/\/www.eloriente.net\/home\/?p=12657"},"modified":"2013-06-05T07:54:15","modified_gmt":"2013-06-05T13:54:15","slug":"otorgan-a-antonio-munoz-molina-principe-de-asturias-de-las-letras-2013","status":"publish","type":"post","link":"http:\/\/www.eloriente.net\/home\/2013\/06\/05\/otorgan-a-antonio-munoz-molina-principe-de-asturias-de-las-letras-2013\/","title":{"rendered":"Otorgan a Antonio Mu\u00f1oz Molina, Pr\u00edncipe de Asturias de las Letras 2013"},"content":{"rendered":"<p>eloriente.net \/ <a href=\"http:\/\/www.fpa.es\/es\/\" target=\"_blank\">Fundaci\u00f3n Pr\u00edncipe de Asturias<\/a><\/p>\n<p>5 de junio de 2013<\/p>\n<p>El escritor espa\u00f1ol Antonio Mu\u00f1oz Molina ha sido galardonado con el Premio Pr\u00edncipe de Asturias de las Letras 2013, seg\u00fan hizo p\u00fablico hoy en Oviedo el Jurado encargado de su concesi\u00f3n.<\/p>\n<p>El Jurado de este Premio \u2013convocado por la Fundaci\u00f3n Pr\u00edncipe de Asturias\u2013 estuvo presidido por Jos\u00e9 Manuel Blecua Perdices e integrado por Andr\u00e9s Amor\u00f3s Guardiola, Luis Mar\u00eda Anson Oliart, Xuan Bello Fern\u00e1ndez, Amelia Castilla Alcolado, Juan Cruz Ruiz, Luis Alberto de Cuenca y Prado, Jos\u00e9 Luis Garc\u00eda Mart\u00edn, \u00c1lex Grijelmo Garc\u00eda, Rosa Navarro Dur\u00e1n, Carme Riera Guilera, Fernando Rodr\u00edguez Lafuente, Fernando S\u00e1nchez Drag\u00f3, Diana Sorensen, Sergio Vila-Sanju\u00e1n Robert y Jos\u00e9 Luis Garc\u00eda Delgado (secretario).<\/p>\n<div>\n<p>Nacido en \u00dabeda (Ja\u00e9n) en 1956, Antonio Mu\u00f1oz Molina empez\u00f3 a estudiar Periodismo en\u00a0Madrid y se traslad\u00f3 despu\u00e9s a Granada, en cuya Universidad se licenci\u00f3 en Historia del Arte y\u00a0donde vivi\u00f3 durante veinte a\u00f1os. All\u00ed trabaj\u00f3 como funcionario, mientras colaboraba como columnista en el ya desaparecido\u00a0<em>Diario de Granada.\u00a0<\/em>A lo largo de los a\u00f1os ha seguido colaborando como articulista en la prensa, publicando en\u00a0<em>ABC, El Pa\u00eds, Ideal\u00a0<\/em>o las revistas\u00a0<em>Muy Interesante\u00a0<\/em>y\u00a0<em>Scherzo.<\/em><\/p>\n<p>Intelectual comprometido y observador escrupuloso de la realidad, Mu\u00f1oz Molina concibe la escritura como un atesoramiento personal de experiencias compartidas, como \u201cuna persecuci\u00f3n del fugitivo momento en que el recuerdo se trueca en deslumbradora certeza est\u00e9tica\u201d. Periodismo y literatura se funden en su obra, de estilo sobrio, refinado y depurado, sin artificios innecesarios y cierto tono melanc\u00f3lico. En 1984 public\u00f3 su primer libro,\u00a0<em>El Robinson urbano,\u00a0<\/em>una recopilaci\u00f3n de los art\u00edculos aparecidos en el\u00a0<em>Diario de Granada<\/em>. En su primera novela,\u00a0<em>Beatus ille,\u00a0<\/em>publicada en 1986, aparece ya la ciudad imaginaria de M\u00e1gina, trasunto de \u00dabeda, que utilizar\u00e1 en obras posteriores. Con\u00a0<em>El invierno en Lisboa\u00a0<\/em>(1987) gan\u00f3 el Premio de la Cr\u00edtica y el Nacional de Narrativa y en 1991 el Premio Planeta por\u00a0<em>El jinete polaco,\u00a0<\/em>con el que obtuvo asimismo al a\u00f1o siguiente el Nacional de Narrativa. En 1989 hab\u00eda publicado\u00a0<em>Beltenebros.\u00a0<\/em>En 1992 se traslad\u00f3 a Madrid y al a\u00f1o siguiente viaj\u00f3 a Estados Unidos, donde imparti\u00f3 docencia durante un a\u00f1o en la Universidad de Virginia. Hab\u00eda viajado por vez primera a Nueva York en 1990 y volv\u00eda en a\u00f1os sucesivos cada vez con m\u00e1s frecuencia, hasta que en 2001 y 2002 dio clases en la City University. En 2004 fue nombrado director del Instituto Cervantes en esta ciudad, en la que escribi\u00f3\u00a0<em>La noche de los tiempos\u00a0<\/em>(2010). En la actualidad, vive entre Nueva York y Madrid.<\/p>\n<p>Para Mu\u00f1oz Molina \u201cel escritor contin\u00faa el oficio inmemorial de los narradores de cuentos, que daban forma mediante relatos orales a la experiencia compartida del mundo. Contar y escuchar historias no es un capricho, ni una sofisticaci\u00f3n intelectual: es un rasgo universal de la condici\u00f3n humana, que est\u00e1 en todas las sociedades y arranca en la primera edad de la vida\u201d. Es autor, adem\u00e1s de las obras ya citadas, de las novelas\u00a0<em>El due\u00f1o del secreto\u00a0<\/em>(1994)<em>, Ardor guerrero\u00a0<\/em>(1995)<em>, Plenilunio\u00a0<\/em>(1997)<em>, Carlota Fainberg\u00a0<\/em>(1999)<em>, En ausencia de Blanca\u00a0<\/em>(2001)<em>, Sefarad\u00a0<\/em>(2001)<em>, El viento de la luna\u00a0<\/em>(2006)<em>, D\u00edas de diario\u00a0<\/em>(2007) y\u00a0<em>La noche de los tiempos\u00a0<\/em>(2009)<em>.<\/em>\u00a0Adem\u00e1s de\u00a0<em>El Robinson urbano,\u00a0<\/em>ha publicado las recopilaciones de art\u00edculos\u00a0<em>Diario del Nautilus\u00a0<\/em>(1986),\u00a0<em>Las apariencias\u00a0<\/em>(1995),\u00a0<em>La huerta del Ed\u00e9n\u00a0<\/em>(1996) y\u00a0<em>La vida por delante\u00a0<\/em>(2002); los libros de relatos cortos\u00a0<em>Las otras vidas\u00a0<\/em>(1988) y\u00a0<em>Nada del otro mundo\u00a0<\/em>(1993) y los ensayos y libros de no ficci\u00f3n<em>La realidad de la ficci\u00f3n\u00a0<\/em>(1993),\u00a0<em>\u00bfPor qu\u00e9 no es \u00fatil la literatura?\u00a0<\/em>(1994, con Luis Garc\u00eda Montero),\u00a0<em>Pura alegr\u00eda\u00a0<\/em>(1998),\u00a0<em>Ventanas de Manhattan\u00a0<\/em>(2004) y\u00a0<em>Todo lo que era s\u00f3lido\u00a0<\/em>(2013).<\/p>\n<p>Traducido al alem\u00e1n, franc\u00e9s, ingl\u00e9s, italiano y portugu\u00e9s, Mu\u00f1oz Molina ha recibido entre otros, adem\u00e1s de los ya mencionados, el Premio Jean Monnet de Literatura Europea, el Prix M\u00e9diterran\u00e9e \u00c9tranger (Francia, 2012), el Premio Jerusal\u00e9n (2013) y el Premio Qu\u00e9 Leer, concedido por los lectores de la revista hom\u00f3nima. Desde 1995 es miembro de la Real Academia Espa\u00f1ola.<\/p>\n<p>Los Premios Pr\u00edncipe de Asturias est\u00e1n destinados, seg\u00fan los Estatutos de la Fundaci\u00f3n, a galardonar \u201cla labor cient\u00edfica, t\u00e9cnica, cultural, social y humanitaria realizada por personas, instituciones, grupos de personas o de instituciones en el \u00e1mbito internacional\u201d. Dentro de este esp\u00edritu, el Premio Pr\u00edncipe de Asturias de las Letras se conceder\u00e1 a aquellos \u201ccuya labor de creaci\u00f3n literaria represente una contribuci\u00f3n relevante a la literatura universal\u201d.<\/p>\n<p>En esta edici\u00f3n concurr\u00edan un total de 18 candidaturas procedentes de Bosnia, Cuba, China, Estados Unidos, Irlanda, Jap\u00f3n, Nicaragua, Pa\u00edses Bajos, Reino Unido, Uruguay y Espa\u00f1a.<\/p>\n<p>Este ha sido el quinto de los ocho Premios Pr\u00edncipe de Asturias\u00a0que se conceden este a\u00f1o, en que cumplen su trig\u00e9simo tercera edici\u00f3n. Anteriormente fueron otorgados el Premio Pr\u00edncipe de Asturias de las Artes al cineasta y dramaturgo austriaco Michael Haneke, el Premio Pr\u00edncipe de Asturias de Ciencias Sociales a la soci\u00f3loga neerlandesa Saskia Sassen, el Premio Pr\u00edncipe de Asturias de Comunicaci\u00f3n y Humanidades a la fot\u00f3grafa estadounidense Annie Leibovitz y el\u00a0Premio\u00a0Pr\u00edncipe de Asturias\u00a0de Investigaci\u00f3n Cient\u00edfica y T\u00e9cnica a los f\u00edsicos Peter Higgs (Reino Unido) y Fran\u00e7ois Englert\u00a0(B\u00e9lgica) junto a la Organizaci\u00f3n Europea para la Investigaci\u00f3n Nuclear (CERN). En las pr\u00f3ximas semanas se fallar\u00e1n los correspondientes a (por orden): Cooperaci\u00f3n Internacional y Deportes. El Premio Pr\u00edncipe de Asturias de la Concordia se fallar\u00e1 el pr\u00f3ximo mes de septiembre.<\/p>\n<p>Cada uno de los Premios Pr\u00edncipe de Asturias, concedidos por primera vez en 1981, est\u00e1 dotado con una escultura de Joan Mir\u00f3 \u2013s\u00edmbolo representativo del galard\u00f3n\u2212, la cantidad en met\u00e1lico de 50.000 euros, un diploma y una insignia.\u00a0\u00a0Los galardones ser\u00e1n entregados en oto\u00f1o en Oviedo, en un solemne acto presidido por S.A.R. el Pr\u00edncipe de Asturias.<\/p>\n<\/div>\n<p>A continuaci\u00f3n en @El_Oriente te compartimos algunos videos y conferencias del escritor y hoy Premio Pr\u00edncipe de Asturias:<\/p>\n<p><strong>CONFERENCIA \u00abLOS L\u00cdMITES DE LA FICCI\u00d3N\u00bb EN LA UNIVERSIDAD COMPLUTENSE<\/strong><br \/>\n<iframe loading=\"lazy\" src=\"http:\/\/www.youtube.com\/embed\/UFR5hfMSsPU\" frameborder=\"0\" width=\"420\" height=\"315\"><\/iframe><\/p>\n<p>&nbsp;<\/p>\n<p><strong>CONFERENCIA LA IMAGINACI\u00d3N DE LO REAL<\/strong><br \/>\n<iframe loading=\"lazy\" src=\"http:\/\/www.youtube.com\/embed\/FpwAXGuDwcA\" frameborder=\"0\" width=\"420\" height=\"315\"><\/iframe><\/p>\n<p>*La fotograf\u00eda principal es de <a href=\"https:\/\/www.facebook.com\/amunozmolina?fref=ts\" target=\"_blank\">@AntonioMu\u00f1ozMolina<\/a><\/p>\n\n\t\t\t  <div \n\t\t\t  \tclass = \"fb-comments\" \n\t\t\t  \tdata-href = \"http:\/\/www.eloriente.net\/home\/2013\/06\/05\/otorgan-a-antonio-munoz-molina-principe-de-asturias-de-las-letras-2013\/\"\n\t\t\t  \tdata-numposts = \"10\"\n\t\t\t\tdata-colorscheme = \"dark\"\n\t\t\t\tdata-order-by = \"social\"\n\t\t\t\tdata-mobile=true>\n\t\t\t  <\/div>\n\t\t  <style>\n\t\t\t.fb_iframe_widget_fluid_desktop iframe {\n\t\t\t    width: 100% !important;\n\t\t\t}\n\t\t  <\/style>\n\t\t  ","protected":false},"excerpt":{"rendered":"<p>eloriente.net \/ Fundaci\u00f3n Pr\u00edncipe de Asturias 5 de junio de 2013 El escritor espa\u00f1ol Antonio Mu\u00f1oz Molina ha sido galardonado con el Premio Pr\u00edncipe de Asturias de las Letras 2013, seg\u00fan hizo p\u00fablico hoy en Oviedo el Jurado encargado de su concesi\u00f3n. El Jurado de este Premio \u2013convocado por la Fundaci\u00f3n Pr\u00edncipe de Asturias\u2013 estuvo [&hellip;]<\/p>\n","protected":false},"author":1,"featured_media":12658,"comment_status":"open","ping_status":"open","sticky":false,"template":"","format":"standard","meta":{"_jetpack_memberships_contains_paid_content":false,"footnotes":""},"categories":[32,13,24,31],"tags":[],"class_list":["post-12657","post","type-post","status-publish","format-standard","has-post-thumbnail","hentry","category-entradas","category-especiales","category-mexico-y-el-mundo","category-principal"],"jetpack_featured_media_url":"http:\/\/www.eloriente.net\/home\/wp-content\/uploads\/2013\/06\/@AntonioMu\u00f1ozMolina.jpg","jetpack_sharing_enabled":true,"_links":{"self":[{"href":"http:\/\/www.eloriente.net\/home\/wp-json\/wp\/v2\/posts\/12657"}],"collection":[{"href":"http:\/\/www.eloriente.net\/home\/wp-json\/wp\/v2\/posts"}],"about":[{"href":"http:\/\/www.eloriente.net\/home\/wp-json\/wp\/v2\/types\/post"}],"author":[{"embeddable":true,"href":"http:\/\/www.eloriente.net\/home\/wp-json\/wp\/v2\/users\/1"}],"replies":[{"embeddable":true,"href":"http:\/\/www.eloriente.net\/home\/wp-json\/wp\/v2\/comments?post=12657"}],"version-history":[{"count":1,"href":"http:\/\/www.eloriente.net\/home\/wp-json\/wp\/v2\/posts\/12657\/revisions"}],"predecessor-version":[{"id":12659,"href":"http:\/\/www.eloriente.net\/home\/wp-json\/wp\/v2\/posts\/12657\/revisions\/12659"}],"wp:featuredmedia":[{"embeddable":true,"href":"http:\/\/www.eloriente.net\/home\/wp-json\/wp\/v2\/media\/12658"}],"wp:attachment":[{"href":"http:\/\/www.eloriente.net\/home\/wp-json\/wp\/v2\/media?parent=12657"}],"wp:term":[{"taxonomy":"category","embeddable":true,"href":"http:\/\/www.eloriente.net\/home\/wp-json\/wp\/v2\/categories?post=12657"},{"taxonomy":"post_tag","embeddable":true,"href":"http:\/\/www.eloriente.net\/home\/wp-json\/wp\/v2\/tags?post=12657"}],"curies":[{"name":"wp","href":"https:\/\/api.w.org\/{rel}","templated":true}]}}