{"id":12680,"date":"2013-06-05T10:26:17","date_gmt":"2013-06-05T16:26:17","guid":{"rendered":"http:\/\/www.eloriente.net\/home\/?p=12680"},"modified":"2013-06-05T16:43:36","modified_gmt":"2013-06-05T22:43:36","slug":"malnutricion-impone-costos-economicos-y-sociales-inaceptablemente-altos-fao","status":"publish","type":"post","link":"http:\/\/www.eloriente.net\/home\/2013\/06\/05\/malnutricion-impone-costos-economicos-y-sociales-inaceptablemente-altos-fao\/","title":{"rendered":"Malnutrici\u00f3n, con costos econ\u00f3micos y sociales \u00abinaceptablemente\u00bb altos: FAO"},"content":{"rendered":"<p>eloriente.net\/ <a href=\"http:\/\/www.fao.org\" target=\"_blank\">FAO<\/a><\/p>\n<p>5 de junio de 2013<\/p>\n<p>eloriente.net (Oaxaca, Oax.) 5 de junio de 2013.-\u00a0La malnutrici\u00f3n en todas sus formas \u2015la desnutrici\u00f3n, las carencias de micronutrientes y el sobrepeso y la obesidad\u2015 impone costos econ\u00f3micos y sociales inaceptablemente altos a los pa\u00edses de todos los niveles de ingresos, revel\u00f3 el informe\u00a0<em>El estado Mundial de la Agricultura y la Alimentaci\u00f3n 2013<\/em>\u00a0publicado por la Organizaci\u00f3n de las Naciones Unidas para la Alimentaci\u00f3n y la Agricultura (FAO).<\/p>\n<p>El informe indica que los costos de la desnutrici\u00f3n y las carencias de micronutrientes podr\u00edan alcanzar hasta un 5 por ciento del producto interno bruto (PIB) mundial: 3,5 billones de d\u00f3lares EEUU, equivalentes a 500 d\u00f3lares por persona.<\/p>\n<p>Al presentar los resultados,\u00a0el Director General de FAO, Jos\u00e9 Graziano da Silva, pidi\u00f3 un decidido esfuerzo para erradicar tanto la malnutrici\u00f3n como el hambre en el mundo.<\/p>\n<p>En el informe presentado se se\u00f1ala que \u00a0el 26% de los ni\u00f1os del mundo padecen retraso del crecimiento,\u00a0el 31% sufre de deficiencia de vitamina A,\u00a02 000 millones de personas sufren de carencia de micronutrientes (uno o m\u00e1s)\u00a0y 1 400 millones de personas tienen sobrepeso, de los cuales 500 millones son obesos.<\/p>\n<p>Sobre el costo social se informa que \u00e9ste es muy alto, puede ser medido por los a\u00f1os de vida perdidos\u00a0\u2014por muerte prematura o discapacidad\u2014 a causa de la malnutrici\u00f3n\u00a0infantil y materna o del sobrepeso y la obesidad.<\/p>\n<p>\u00abLa mayor\u00eda de los pa\u00edses est\u00e1n lastrados por m\u00faltiples tipos de malnutrici\u00f3n, que pueden coexistir dentro de un mismo pa\u00eds, familia o individuo. Mejorar la nutrici\u00f3n y reducir estos costos exige un enfoque multisectorial que comienza con la alimentaci\u00f3n y la agricultura e incluye intervenciones complementarias en el \u00e1mbito de la sanidad p\u00fablica y la educaci\u00f3n\u00bb, se indica.<\/p>\n<p>Dentro de las medidas espec\u00edficas que se se\u00f1alan para combatir este problema mundial se encuentra el uso de pol\u00edticas, inversi\u00f3n e investigaci\u00f3n agr\u00edcola adecuadas para aumentar la productividad, no s\u00f3lo de cereales b\u00e1sicos como ma\u00edz, arroz y trigo, sino tambi\u00e9n de legumbres, carne, leche, verduras y frutas, todos ellos ricos en nutrientes; as\u00ed como <strong>cortar las p\u00e9rdidas y el desperdicio de alimentos, que en la actualidad ascienden a un tercio de los alimentos producidos para el consumo humano cada a\u00f1o.<\/strong><\/p>\n<p>Descarga <a href=\"http:\/\/www.fao.org\/docrep\/018\/i3301s\/i3301s.pdf\" target=\"_blank\">AQU\u00cd<\/a> el resumen del Informe.<\/p>\n<p><iframe loading=\"lazy\" src=\"http:\/\/www.youtube.com\/embed\/_3YOmya-VKI\" frameborder=\"0\" width=\"560\" height=\"315\"><\/iframe><\/p>\n<p><a href=\"http:\/\/www.eloriente.net\/home\/wp-content\/uploads\/2013\/06\/Captura-de-pantalla-2013-06-05-a-las-11.18.42.png\"><img loading=\"lazy\" decoding=\"async\" class=\"aligncenter size-full wp-image-12681\" title=\"Captura de pantalla 2013-06-05 a la(s) 11.18.42\" src=\"http:\/\/www.eloriente.net\/home\/wp-content\/uploads\/2013\/06\/Captura-de-pantalla-2013-06-05-a-las-11.18.42.png\" alt=\"\" width=\"381\" height=\"480\" srcset=\"http:\/\/www.eloriente.net\/home\/wp-content\/uploads\/2013\/06\/Captura-de-pantalla-2013-06-05-a-las-11.18.42.png 381w, http:\/\/www.eloriente.net\/home\/wp-content\/uploads\/2013\/06\/Captura-de-pantalla-2013-06-05-a-las-11.18.42-238x300.png 238w\" sizes=\"(max-width: 381px) 100vw, 381px\" \/><\/a>Foto: <a href=\"http:\/\/www.fao.org\" target=\"_blank\">FAO<\/a><\/p>\n\n\t\t\t  <div \n\t\t\t  \tclass = \"fb-comments\" \n\t\t\t  \tdata-href = \"http:\/\/www.eloriente.net\/home\/2013\/06\/05\/malnutricion-impone-costos-economicos-y-sociales-inaceptablemente-altos-fao\/\"\n\t\t\t  \tdata-numposts = \"10\"\n\t\t\t\tdata-colorscheme = \"dark\"\n\t\t\t\tdata-order-by = \"social\"\n\t\t\t\tdata-mobile=true>\n\t\t\t  <\/div>\n\t\t  <style>\n\t\t\t.fb_iframe_widget_fluid_desktop iframe {\n\t\t\t    width: 100% !important;\n\t\t\t}\n\t\t  <\/style>\n\t\t  ","protected":false},"excerpt":{"rendered":"<p>eloriente.net\/ FAO 5 de junio de 2013 eloriente.net (Oaxaca, Oax.) 5 de junio de 2013.-\u00a0La malnutrici\u00f3n en todas sus formas \u2015la desnutrici\u00f3n, las carencias de micronutrientes y el sobrepeso y la obesidad\u2015 impone costos econ\u00f3micos y sociales inaceptablemente altos a los pa\u00edses de todos los niveles de ingresos, revel\u00f3 el informe\u00a0El estado Mundial de la [&hellip;]<\/p>\n","protected":false},"author":1,"featured_media":12681,"comment_status":"open","ping_status":"open","sticky":false,"template":"","format":"standard","meta":{"_jetpack_memberships_contains_paid_content":false,"footnotes":""},"categories":[49,32,35,10,24],"tags":[],"class_list":["post-12680","post","type-post","status-publish","format-standard","has-post-thumbnail","hentry","category-destacadas","category-entradas","category-secciones-oriente","category-lo-mas-reciente","category-mexico-y-el-mundo"],"jetpack_featured_media_url":"http:\/\/www.eloriente.net\/home\/wp-content\/uploads\/2013\/06\/Captura-de-pantalla-2013-06-05-a-las-11.18.42.png","jetpack_sharing_enabled":true,"_links":{"self":[{"href":"http:\/\/www.eloriente.net\/home\/wp-json\/wp\/v2\/posts\/12680"}],"collection":[{"href":"http:\/\/www.eloriente.net\/home\/wp-json\/wp\/v2\/posts"}],"about":[{"href":"http:\/\/www.eloriente.net\/home\/wp-json\/wp\/v2\/types\/post"}],"author":[{"embeddable":true,"href":"http:\/\/www.eloriente.net\/home\/wp-json\/wp\/v2\/users\/1"}],"replies":[{"embeddable":true,"href":"http:\/\/www.eloriente.net\/home\/wp-json\/wp\/v2\/comments?post=12680"}],"version-history":[{"count":7,"href":"http:\/\/www.eloriente.net\/home\/wp-json\/wp\/v2\/posts\/12680\/revisions"}],"predecessor-version":[{"id":12704,"href":"http:\/\/www.eloriente.net\/home\/wp-json\/wp\/v2\/posts\/12680\/revisions\/12704"}],"wp:featuredmedia":[{"embeddable":true,"href":"http:\/\/www.eloriente.net\/home\/wp-json\/wp\/v2\/media\/12681"}],"wp:attachment":[{"href":"http:\/\/www.eloriente.net\/home\/wp-json\/wp\/v2\/media?parent=12680"}],"wp:term":[{"taxonomy":"category","embeddable":true,"href":"http:\/\/www.eloriente.net\/home\/wp-json\/wp\/v2\/categories?post=12680"},{"taxonomy":"post_tag","embeddable":true,"href":"http:\/\/www.eloriente.net\/home\/wp-json\/wp\/v2\/tags?post=12680"}],"curies":[{"name":"wp","href":"https:\/\/api.w.org\/{rel}","templated":true}]}}