{"id":12706,"date":"2013-06-05T16:58:02","date_gmt":"2013-06-05T22:58:02","guid":{"rendered":"http:\/\/www.eloriente.net\/home\/?p=12706"},"modified":"2013-06-25T22:19:07","modified_gmt":"2013-06-26T04:19:07","slug":"todo-oaxaca-radio-programa-del-5-de-junio-de-2013","status":"publish","type":"post","link":"http:\/\/www.eloriente.net\/home\/2013\/06\/05\/todo-oaxaca-radio-programa-del-5-de-junio-de-2013\/","title":{"rendered":"Escucha a Cecilia Fern\u00e1ndez y Mauricio Chevalier en Todo Oaxaca Radio (programa 4\/jun\/13)"},"content":{"rendered":"<p><a href=\"http:\/\/www.eloriente.net\/home\/wp-content\/uploads\/2013\/06\/Todo-Oaxaca-Radio-programa-del-4-de-junio-de-2013.jpg\"><img loading=\"lazy\" decoding=\"async\" class=\"aligncenter size-medium wp-image-12707\" title=\"Todo Oaxaca Radio, programa del 4 de junio de 2013\" src=\"http:\/\/www.eloriente.net\/home\/wp-content\/uploads\/2013\/06\/Todo-Oaxaca-Radio-programa-del-4-de-junio-de-2013-300x229.jpg\" alt=\"\" width=\"300\" height=\"229\" srcset=\"http:\/\/www.eloriente.net\/home\/wp-content\/uploads\/2013\/06\/Todo-Oaxaca-Radio-programa-del-4-de-junio-de-2013-300x229.jpg 300w, http:\/\/www.eloriente.net\/home\/wp-content\/uploads\/2013\/06\/Todo-Oaxaca-Radio-programa-del-4-de-junio-de-2013.jpg 1000w\" sizes=\"(max-width: 300px) 100vw, 300px\" \/><\/a><\/p>\n<p>En la emisi\u00f3n de Todo Oaxaca Radio del martes 4 de junio de 2013, el maestro Rub\u00e9n Vasconcelos Beltr\u00e1n coment\u00f3 sobre el Homenaje que se le realiz\u00f3 al maestro Heriberto S\u00e1nchez Tovar el pasado 21 de mayo, por sus sesenta a\u00f1os de trabajo ininterrumpido como organista en el Templo de la Soledad.<\/p>\n<p>Esta tarde estuvo con nosotros Cecilia Fern\u00e1ndez, encargada de difusi\u00f3n de la BS Biblioteca Infantil de Oaxaca para platicarnos sobre las actividades que la Universidad Tecnol\u00f3gica de los Valles Centrales de Oaxaca (UTVCO) y la BS han organizado en torno al D\u00eda Mundial del Medio Ambiente, celebrado el 5 de junio.<\/p>\n<p>Entre otras cosas, Fern\u00e1ndez inform\u00f3 que este mi\u00e9rcoles a las 17:00 hrs., se efectuar\u00e1 la proyecci\u00f3n y pl\u00e1tica \u00abMitos y realidades de las Energ\u00edas Renovables\u00bb. Para informarse sobre los talleres que se impartir\u00e1n jueves y viernes pueden comunicarse al tel\u00e9fono 502-6344.<\/p>\n<p>En las efem\u00e9rides, don Rub\u00e9n Vasconcelos record\u00f3 que este d\u00eda se conmemor\u00f3 el nacimiento de Don Antonio de Le\u00f3n con un ato que presidieron las autoridades municipales en la Alameda. Nuestro querido conductor coment\u00f3 que es muy importante saber qui\u00e9n fue este personaje, por qu\u00e9 es importante en la historia de nuestra entidad y por qu\u00e9 se le recuerda. Nacido en la ciudad de Huajuapam, Don Antonio de Le\u00f3n se integr\u00f3 a las fuerzas realistas al iniciarse el movimiento de Independencia Nacional, aunque posteriormente se sum\u00f3 a las fuerzas de Jos\u00e9 Mar\u00eda y Pav\u00f3n. Fue gobernador de 1842 a 1844 y en 1848, el Honorable Congreso del Estado lo declara Benem\u00e9rito de Oaxaca.<\/p>\n<p>El maestro Rub\u00e9n tambi\u00e9n record\u00f3 que el 4 de junio de 1911 naci\u00f3 en esta Ciudad la escritora Marianela Bustamante Cox, autora de \u00abLa noche de San Patricio\u00bb, libro que habla de la intervenci\u00f3n de los Irlandeses en M\u00e9xico. En otro dato, el 5 de junio de 1968, falleci\u00f3 el compositor oaxaque\u00f1o Ignacio Fern\u00e1ndez Esper\u00f3n \u00abTata Nacho\u00bb.<\/p>\n<p>En el \u00faltimo segmento del programa, nos acompa\u00f1\u00f3 Mauricio Chevalier Chagoya, Presidente de la Asociaci\u00f3n \u00abNada nos detiene\u00bb representaci\u00f3n Oaxaca, para platicarnos sobre la conferencia \u00abLos j\u00f3venes ante el reto de la democracia\u00bb, que ser\u00e1 impartida por el Ing. Manuel Clouthier el jueves 6 de junio de 2013 a las 18:00 hrs., el Gran Sal\u00f3n del Hotel Fort\u00edn Plaza.<\/p>\n<p>Chevalier Chagoya coment\u00f3 que la importancia de estimular a los j\u00f3venes a que se interesen e integren a la vida p\u00fablica y pol\u00edtica de Oaxaca y de M\u00e9xico.<\/p>\n<p>\u00abLos j\u00f3venes son una esperanza presente para un verdadero cambio en nuestro estado y nuestro pa\u00eds\u00bb enfatiz\u00f3.<\/p>\n<p>Si no tuviste la oportunidad de sintonizarnos, te invitamos a que escuches el programa completo.<\/p>\n<p><iframe loading=\"lazy\" src=\"http:\/\/www.ivoox.com\/player_ek_2123644_1.html\" frameborder=\"0\" scrolling=\"no\" width=\"238\" height=\"48\"><\/iframe><\/p>\n<p>&nbsp;<\/p>\n<p>&nbsp;<\/p>\n<p>&nbsp;<\/p>\n\n\t\t\t  <div \n\t\t\t  \tclass = \"fb-comments\" \n\t\t\t  \tdata-href = \"http:\/\/www.eloriente.net\/home\/2013\/06\/05\/todo-oaxaca-radio-programa-del-5-de-junio-de-2013\/\"\n\t\t\t  \tdata-numposts = \"10\"\n\t\t\t\tdata-colorscheme = \"dark\"\n\t\t\t\tdata-order-by = \"social\"\n\t\t\t\tdata-mobile=true>\n\t\t\t  <\/div>\n\t\t  <style>\n\t\t\t.fb_iframe_widget_fluid_desktop iframe {\n\t\t\t    width: 100% !important;\n\t\t\t}\n\t\t  <\/style>\n\t\t  ","protected":false},"excerpt":{"rendered":"<p>En la emisi\u00f3n de Todo Oaxaca Radio del martes 4 de junio de 2013, el maestro Rub\u00e9n Vasconcelos Beltr\u00e1n coment\u00f3 sobre el Homenaje que se le realiz\u00f3 al maestro Heriberto S\u00e1nchez Tovar el pasado 21 de mayo, por sus sesenta a\u00f1os de trabajo ininterrumpido como organista en el Templo de la Soledad. Esta tarde estuvo [&hellip;]<\/p>\n","protected":false},"author":1,"featured_media":12707,"comment_status":"open","ping_status":"open","sticky":false,"template":"","format":"standard","meta":{"_jetpack_memberships_contains_paid_content":false,"footnotes":""},"categories":[32,10,12],"tags":[],"class_list":["post-12706","post","type-post","status-publish","format-standard","has-post-thumbnail","hentry","category-entradas","category-lo-mas-reciente","category-todo-oaxaca-radio"],"jetpack_featured_media_url":"http:\/\/www.eloriente.net\/home\/wp-content\/uploads\/2013\/06\/Todo-Oaxaca-Radio-programa-del-4-de-junio-de-2013.jpg","jetpack_sharing_enabled":true,"_links":{"self":[{"href":"http:\/\/www.eloriente.net\/home\/wp-json\/wp\/v2\/posts\/12706"}],"collection":[{"href":"http:\/\/www.eloriente.net\/home\/wp-json\/wp\/v2\/posts"}],"about":[{"href":"http:\/\/www.eloriente.net\/home\/wp-json\/wp\/v2\/types\/post"}],"author":[{"embeddable":true,"href":"http:\/\/www.eloriente.net\/home\/wp-json\/wp\/v2\/users\/1"}],"replies":[{"embeddable":true,"href":"http:\/\/www.eloriente.net\/home\/wp-json\/wp\/v2\/comments?post=12706"}],"version-history":[{"count":5,"href":"http:\/\/www.eloriente.net\/home\/wp-json\/wp\/v2\/posts\/12706\/revisions"}],"predecessor-version":[{"id":13631,"href":"http:\/\/www.eloriente.net\/home\/wp-json\/wp\/v2\/posts\/12706\/revisions\/13631"}],"wp:featuredmedia":[{"embeddable":true,"href":"http:\/\/www.eloriente.net\/home\/wp-json\/wp\/v2\/media\/12707"}],"wp:attachment":[{"href":"http:\/\/www.eloriente.net\/home\/wp-json\/wp\/v2\/media?parent=12706"}],"wp:term":[{"taxonomy":"category","embeddable":true,"href":"http:\/\/www.eloriente.net\/home\/wp-json\/wp\/v2\/categories?post=12706"},{"taxonomy":"post_tag","embeddable":true,"href":"http:\/\/www.eloriente.net\/home\/wp-json\/wp\/v2\/tags?post=12706"}],"curies":[{"name":"wp","href":"https:\/\/api.w.org\/{rel}","templated":true}]}}