{"id":12944,"date":"2013-06-12T10:08:11","date_gmt":"2013-06-12T16:08:11","guid":{"rendered":"http:\/\/www.eloriente.net\/home\/?p=12944"},"modified":"2013-06-12T10:14:17","modified_gmt":"2013-06-12T16:14:17","slug":"convocatoria-abierta-para-festival-internacional-de-cortometraje-el-cine-a-las-calles","status":"publish","type":"post","link":"http:\/\/www.eloriente.net\/home\/2013\/06\/12\/convocatoria-abierta-para-festival-internacional-de-cortometraje-el-cine-a-las-calles\/","title":{"rendered":"Convocatoria abierta para Festival Internacional de Cortometraje \u00abEl Cine a las Calles\u00bb"},"content":{"rendered":"<p>eloriente.net\/ <a href=\"http:\/\/www.imcine.gob.mx\" target=\"_blank\">Imcine<\/a><\/p>\n<p>12 de junio de 2013<\/p>\n<p>eloriente.net (Oaxaca, Oax.) 12 de junio de 2013.- Estudiantes de cine, artes visuales, comunicaci\u00f3n y carreras afines de universidades p\u00fablicas y privadas, as\u00ed como realizadores\/as independientes, amateurs y profesionales de M\u00e9xico y podr\u00e1n participar con sus obras en el Festival Internacional de Cortometraje \u00abEl Cine a las Calles&#8230;\u00bb\u2013organizado por CAENCORTO Producciones, A.C., CODISEEG y Promofest Promoting Film for Festivals\u2013 y obtener premios de hasta $25,000.00 y reconocimientos por su participaci\u00f3n.<\/p>\n<p>El <strong>Festival Internacional de Cortometraje, el cine a las calles&#8230;<\/strong> es una alternativa para la difusi\u00f3n, exhibici\u00f3n y divulgaci\u00f3n de trabajos de cortometraje nacional y extranjero en las categor\u00edas de ficci\u00f3n, animaci\u00f3n, documental y retrospectiva, que se exhiben por medio de <strong>una muestra tur\u00edstico-cultural-cinematogr\u00e1fica itinerante<\/strong>.<\/p>\n<p>En la convocatoria se podr\u00e1 participar en las categor\u00edas de Cortometraje de ficci\u00f3n, Documental y Animaci\u00f3n en cortometraje de animaci\u00f3n. Las produccciones aceptadas ser\u00e1n aquellas que hayan sido filmadas, videograbadas o producidas en una computadora y editadas en cinta o en sistemas de edici\u00f3n no-lineal de disco.<\/p>\n<p>Los temas con los que se puede concursar son:<\/p>\n<ol>\n<li><em>Tema libre<\/em>. Todos los trabajos posteriores al 1o de enero del 2011. El ganador ser\u00e1 exhibido en los mejores festivales de Europa mediante Promofest Promoting Film for Festivals.<\/li>\n<li><em>Mujeres en el celuloide<\/em>. Cuyo eje tem\u00e1tico gire en torno al impulso y la promoci\u00f3n de la equidad de g\u00e9nero en todos los \u00e1mbitos, que hayan sido filmados durante el 2011 al cierre de la presente convocatoria, estos competir\u00e1n por el reconocimiento de las mujeres y estudiantes universitarias y un premio \u00fanico de $25,000.00 (Veinticinco mil pesos 00\/100).<\/li>\n<li><em>Calle queer<\/em>. Cortometrajes cuyo eje tem\u00e1tico tenga que ver con el sector l\u00e9sbico, gay, bisexual, travesti, transg\u00e9nero e intersexual, que hayan sido filmados despu\u00e9s del 2011. Entrar\u00e1n en secci\u00f3n especial y competir\u00e1n por un premio \u00fanico de $25,000.00 (Veinticinco mil pesos 00\/100), adem\u00e1s\u00a0podr\u00e1n obtener menciones honorificas y el Reconocimiento de las y los Universitarios y el Reconocimiento de la Rep\u00fablica Mexicana.<\/li>\n<\/ol>\n<p>Los cortometrajes podr\u00e1n enviarse hasta las 18:00 hrs. del d\u00eda jueves 15 de agosto del presente a las oficinas de la\u00a0Direcci\u00f3n de Cultura Municipal del estado de San Luis Potos\u00ed.<\/p>\n<p>El 8.9 Festival Internacional de Cortometraje \u00abEl Cine a las Calles\u00bb se llevar\u00e1 a cabo del 16 al 23 de noviembre<\/p>\n<p>Descarga la Convocatoria <a href=\"http:\/\/www.elcinealascalles.com\/pdf\/convocatoria.pdf\" target=\"_blank\">AQU\u00cd.<\/a><\/p>\n<p>&nbsp;<\/p>\n<p>&nbsp;<\/p>\n\n\t\t\t  <div \n\t\t\t  \tclass = \"fb-comments\" \n\t\t\t  \tdata-href = \"http:\/\/www.eloriente.net\/home\/2013\/06\/12\/convocatoria-abierta-para-festival-internacional-de-cortometraje-el-cine-a-las-calles\/\"\n\t\t\t  \tdata-numposts = \"10\"\n\t\t\t\tdata-colorscheme = \"dark\"\n\t\t\t\tdata-order-by = \"social\"\n\t\t\t\tdata-mobile=true>\n\t\t\t  <\/div>\n\t\t  <style>\n\t\t\t.fb_iframe_widget_fluid_desktop iframe {\n\t\t\t    width: 100% !important;\n\t\t\t}\n\t\t  <\/style>\n\t\t  ","protected":false},"excerpt":{"rendered":"<p>eloriente.net\/ Imcine 12 de junio de 2013 eloriente.net (Oaxaca, Oax.) 12 de junio de 2013.- Estudiantes de cine, artes visuales, comunicaci\u00f3n y carreras afines de universidades p\u00fablicas y privadas, as\u00ed como realizadores\/as independientes, amateurs y profesionales de M\u00e9xico y podr\u00e1n participar con sus obras en el Festival Internacional de Cortometraje \u00abEl Cine a las Calles&#8230;\u00bb\u2013organizado [&hellip;]<\/p>\n","protected":false},"author":1,"featured_media":12948,"comment_status":"open","ping_status":"open","sticky":false,"template":"","format":"standard","meta":{"_jetpack_memberships_contains_paid_content":false,"footnotes":""},"categories":[26,18,32,10],"tags":[],"class_list":["post-12944","post","type-post","status-publish","format-standard","has-post-thumbnail","hentry","category-convocatorias","category-educacion-y-cultura","category-entradas","category-lo-mas-reciente"],"jetpack_featured_media_url":"http:\/\/www.eloriente.net\/home\/wp-content\/uploads\/2013\/06\/Captura-de-pantalla-2013-06-12-a-las-11.08.27.png","jetpack_sharing_enabled":true,"_links":{"self":[{"href":"http:\/\/www.eloriente.net\/home\/wp-json\/wp\/v2\/posts\/12944"}],"collection":[{"href":"http:\/\/www.eloriente.net\/home\/wp-json\/wp\/v2\/posts"}],"about":[{"href":"http:\/\/www.eloriente.net\/home\/wp-json\/wp\/v2\/types\/post"}],"author":[{"embeddable":true,"href":"http:\/\/www.eloriente.net\/home\/wp-json\/wp\/v2\/users\/1"}],"replies":[{"embeddable":true,"href":"http:\/\/www.eloriente.net\/home\/wp-json\/wp\/v2\/comments?post=12944"}],"version-history":[{"count":5,"href":"http:\/\/www.eloriente.net\/home\/wp-json\/wp\/v2\/posts\/12944\/revisions"}],"predecessor-version":[{"id":12946,"href":"http:\/\/www.eloriente.net\/home\/wp-json\/wp\/v2\/posts\/12944\/revisions\/12946"}],"wp:featuredmedia":[{"embeddable":true,"href":"http:\/\/www.eloriente.net\/home\/wp-json\/wp\/v2\/media\/12948"}],"wp:attachment":[{"href":"http:\/\/www.eloriente.net\/home\/wp-json\/wp\/v2\/media?parent=12944"}],"wp:term":[{"taxonomy":"category","embeddable":true,"href":"http:\/\/www.eloriente.net\/home\/wp-json\/wp\/v2\/categories?post=12944"},{"taxonomy":"post_tag","embeddable":true,"href":"http:\/\/www.eloriente.net\/home\/wp-json\/wp\/v2\/tags?post=12944"}],"curies":[{"name":"wp","href":"https:\/\/api.w.org\/{rel}","templated":true}]}}