{"id":12999,"date":"2013-06-13T12:40:23","date_gmt":"2013-06-13T18:40:23","guid":{"rendered":"http:\/\/www.eloriente.net\/home\/?p=12999"},"modified":"2013-06-25T22:17:40","modified_gmt":"2013-06-26T04:17:40","slug":"todo-oaxaca-radio-programa-del-11-de-junio-de-2013","status":"publish","type":"post","link":"http:\/\/www.eloriente.net\/home\/2013\/06\/13\/todo-oaxaca-radio-programa-del-11-de-junio-de-2013\/","title":{"rendered":"Directora de Talleres Comunitarios Zegache y Mauricio Cervantes en TO Radio (programa 11\/jun\/13)"},"content":{"rendered":"<p><a href=\"http:\/\/www.eloriente.net\/home\/wp-content\/uploads\/2013\/06\/Directora-de-Talleres-Comunitarios-Zegache.jpg\"><img loading=\"lazy\" decoding=\"async\" class=\"aligncenter size-medium wp-image-13002\" title=\"Directora de Talleres Comunitarios Zegache\" src=\"http:\/\/www.eloriente.net\/home\/wp-content\/uploads\/2013\/06\/Directora-de-Talleres-Comunitarios-Zegache-300x200.jpg\" alt=\"\" width=\"300\" height=\"200\" srcset=\"http:\/\/www.eloriente.net\/home\/wp-content\/uploads\/2013\/06\/Directora-de-Talleres-Comunitarios-Zegache-300x200.jpg 300w, http:\/\/www.eloriente.net\/home\/wp-content\/uploads\/2013\/06\/Directora-de-Talleres-Comunitarios-Zegache.jpg 1000w\" sizes=\"(max-width: 300px) 100vw, 300px\" \/><\/a><\/p>\n<p>En nuestro programa del martes 11 de junio de 2013 estuvieron en cabina Mauricio Cervantes y Mariana Rivera, Coordinador General y Encargada de Relaciones P\u00fablicas, respectivamente, de \u00abMatria Jard\u00edn Arterap\u00e9utico\u00bb, quienes nos hablaron sobre este proyecto que re\u00fane en un solo espacio, pr\u00e1cticas y muestras art\u00edsticas al lado de procesos y t\u00e9cnicas de sustentabilidad.<\/p>\n<p>Mariana Rivera coment\u00f3 que Matria Jard\u00edn Arterap\u00e9utico es una intervenci\u00f3n a una casa del siglo XIX ubicada en la calle de Murgu\u00eda 103, en el Centro Hist\u00f3rico de la Ciudad de Oaxaca, donde se trat\u00f3 de conjuntar el arte y la ecolog\u00eda al convertirla en un huerto urbano que a su vez es obra art\u00edstica y recinto de otras piezas: esculturas, intervenciones, instalaciones, piezas lum\u00ednicas, videos y arte sonoro.<\/p>\n<p>Por su parte, Mauricio Cervantes coment\u00f3 que uno de los objetivos de Matria, es trabajar con procesos de agricultura dom\u00e9stica, agricultura urbana, inspirados en t\u00e9cnicas de pemacultura, es decir, lineamientos agr\u00edcolas totalmente ecol\u00f3gicos, pero buscando que sean replicables de una manera casera. Agreg\u00f3 que el detonador del proyecto<strong> fue el arte como una bizagra, como un punto de encuentro y vinculaci\u00f3n con otras esferas.<\/strong><\/p>\n<p>Despu\u00e9s de la participaci\u00f3n de nuestros primeros invitados, tuvimos la llamada del Maestro Flavio Morales Cruz, Director de Arte y Cultura de la UABJO, quien nos habl\u00f3 de la presentaci\u00f3n de la compa\u00f1\u00eda chilena de teatro Ruta de la Memoria, con la obra \u00abXibalb\u00e1\u00bb en el Teatro Universitario este jueves 13 y viernes 14 de junio a las 18:00 hrs.<\/p>\n<p>En las efem\u00e9rides, nuestros queridos conductores Rub\u00e9n Vasconcelos Beltr\u00e1n y Guadalupe Zarza Brise\u00f1o comentaron que el 10 de junio del 2006, el investigador del ITO Roberto G\u00f3mez Brena, present\u00f3 su libro: \u201cCuevas, Grutas y Cavernas de Oaxaca\u201d, en el que se\u00f1al\u00f3 que existen muchas zonas que no han sido exploradas y es m\u00e1s, se encuentran abandonadas.<\/p>\n<p>Cabe mencionar que en esta tarde tambi\u00e9n tuvimos la llamada del Dr. Constancio Aparicio Ju\u00e1rez, encargado del Despacho de la Agencia Municipal de Puerto \u00c1ngel, quien nos inform\u00f3 de la situaci\u00f3n de las playas debido al fen\u00f3meno de \u00abMar de fondo\u00bb que dej\u00f3 da\u00f1os considerables el fin de semana pasado en Mazunte y Zipolite.<\/p>\n<p>En el \u00faltimo segmento del programa nos acompa\u00f1\u00f3 en cabina Georgina Salda\u00f1a, Directora de Talleres Comunitarios Zegache, para platicarnos sobre este importante proyecto de restauraci\u00f3n y conservaci\u00f3n del patrimonio de Santa Ana Zegache.<\/p>\n<p>Detall\u00f3 que la idea que forma este proyecto y que lo hace permanecer es la realizaci\u00f3n de talleres de restauraci\u00f3n rurales, que se dediquen a rescatar obras valiosas en pueblos que la gente ya no visita. Su objetivo es que la gente de los pueblos pueda tener la cultura de la conservaci\u00f3n y rescate de su patrimonio.<\/p>\n<p>Si no pudiste sintonizarnos, \u00a1te invitamos a que escuches el programa aqu\u00ed!<\/p>\n<p><iframe loading=\"lazy\" src=\"http:\/\/www.ivoox.com\/player_ek_2130141_1.html\" frameborder=\"0\" scrolling=\"no\" width=\"238\" height=\"48\"><\/iframe><\/p>\n<p>&nbsp;<\/p>\n\n\t\t\t  <div \n\t\t\t  \tclass = \"fb-comments\" \n\t\t\t  \tdata-href = \"http:\/\/www.eloriente.net\/home\/2013\/06\/13\/todo-oaxaca-radio-programa-del-11-de-junio-de-2013\/\"\n\t\t\t  \tdata-numposts = \"10\"\n\t\t\t\tdata-colorscheme = \"dark\"\n\t\t\t\tdata-order-by = \"social\"\n\t\t\t\tdata-mobile=true>\n\t\t\t  <\/div>\n\t\t  <style>\n\t\t\t.fb_iframe_widget_fluid_desktop iframe {\n\t\t\t    width: 100% !important;\n\t\t\t}\n\t\t  <\/style>\n\t\t  ","protected":false},"excerpt":{"rendered":"<p>En nuestro programa del martes 11 de junio de 2013 estuvieron en cabina Mauricio Cervantes y Mariana Rivera, Coordinador General y Encargada de Relaciones P\u00fablicas, respectivamente, de \u00abMatria Jard\u00edn Arterap\u00e9utico\u00bb, quienes nos hablaron sobre este proyecto que re\u00fane en un solo espacio, pr\u00e1cticas y muestras art\u00edsticas al lado de procesos y t\u00e9cnicas de sustentabilidad. Mariana [&hellip;]<\/p>\n","protected":false},"author":1,"featured_media":13002,"comment_status":"open","ping_status":"open","sticky":false,"template":"","format":"standard","meta":{"_jetpack_memberships_contains_paid_content":false,"footnotes":""},"categories":[10,12],"tags":[],"class_list":["post-12999","post","type-post","status-publish","format-standard","has-post-thumbnail","hentry","category-lo-mas-reciente","category-todo-oaxaca-radio"],"jetpack_featured_media_url":"http:\/\/www.eloriente.net\/home\/wp-content\/uploads\/2013\/06\/Directora-de-Talleres-Comunitarios-Zegache.jpg","jetpack_sharing_enabled":true,"_links":{"self":[{"href":"http:\/\/www.eloriente.net\/home\/wp-json\/wp\/v2\/posts\/12999"}],"collection":[{"href":"http:\/\/www.eloriente.net\/home\/wp-json\/wp\/v2\/posts"}],"about":[{"href":"http:\/\/www.eloriente.net\/home\/wp-json\/wp\/v2\/types\/post"}],"author":[{"embeddable":true,"href":"http:\/\/www.eloriente.net\/home\/wp-json\/wp\/v2\/users\/1"}],"replies":[{"embeddable":true,"href":"http:\/\/www.eloriente.net\/home\/wp-json\/wp\/v2\/comments?post=12999"}],"version-history":[{"count":3,"href":"http:\/\/www.eloriente.net\/home\/wp-json\/wp\/v2\/posts\/12999\/revisions"}],"predecessor-version":[{"id":13629,"href":"http:\/\/www.eloriente.net\/home\/wp-json\/wp\/v2\/posts\/12999\/revisions\/13629"}],"wp:featuredmedia":[{"embeddable":true,"href":"http:\/\/www.eloriente.net\/home\/wp-json\/wp\/v2\/media\/13002"}],"wp:attachment":[{"href":"http:\/\/www.eloriente.net\/home\/wp-json\/wp\/v2\/media?parent=12999"}],"wp:term":[{"taxonomy":"category","embeddable":true,"href":"http:\/\/www.eloriente.net\/home\/wp-json\/wp\/v2\/categories?post=12999"},{"taxonomy":"post_tag","embeddable":true,"href":"http:\/\/www.eloriente.net\/home\/wp-json\/wp\/v2\/tags?post=12999"}],"curies":[{"name":"wp","href":"https:\/\/api.w.org\/{rel}","templated":true}]}}