{"id":13164,"date":"2013-06-18T08:53:49","date_gmt":"2013-06-18T14:53:49","guid":{"rendered":"http:\/\/www.eloriente.net\/home\/?p=13164"},"modified":"2013-06-19T12:49:14","modified_gmt":"2013-06-19T18:49:14","slug":"participa-en-concurso-infantil-de-videos-el-centro-historico-de-oaxaca-patrimonio-mundial","status":"publish","type":"post","link":"http:\/\/www.eloriente.net\/home\/2013\/06\/18\/participa-en-concurso-infantil-de-videos-el-centro-historico-de-oaxaca-patrimonio-mundial\/","title":{"rendered":"Participa en Concurso Infantil de V\u00eddeos \u00abEl Centro Hist\u00f3rico de Oaxaca, Patrimonio Mundial\u00bb"},"content":{"rendered":"<p>eloriente.net\/ <a href=\"http:\/\/www.municipiodeoaxaca.gob.mx\" target=\"_blank\">Municipio de Oaxaca de Ju\u00e1rez<\/a><\/p>\n<p>18 de junio de 2013<\/p>\n<p>eloriente.net (Oaxaca, Oax.) 18 de junio de 2013.- En el marco del\u00a0XII Congreso Mundial de la Organizaci\u00f3n de las Ciudades Patrimonio Mundial (OCPM) que se llevar\u00e1 a cabo en Oaxaca del 19 al 22 de noviembre, el Gobierno Municipal de Oaxaca de Ju\u00e1rez\u00a0y la fundaci\u00f3n canadiense <em>Les Grands Explorateurs<\/em>, tienen abierta la convocatoria para participar en el\u00a0Concurso Infantil de Producci\u00f3n de V\u00eddeos, \u00abEl Centro Hist\u00f3rico de Oaxaca, Patrimonio Mundial\u00bb.<\/p>\n<p>La convocatoria est\u00e1 dirigida a ni\u00f1os y ni\u00f1as de 12 a 14 a\u00f1os de edad que\u00a0acrediten su identidad oaxaque\u00f1a con la presentaci\u00f3n de su credencial escolar o comprobante de domicilio, quienes podr\u00e1n inscribirse de manera individual o en equipos de ni\u00f1as, ni\u00f1os o mixtos.<\/p>\n<p>Los participantes deber\u00e1n producir un v\u00eddeo con duraci\u00f3n m\u00e1xima de 5 minutos, donde muestren la riqueza del\u00a0Patrimonio Cultural que enorgullece al Centro Hist\u00f3rico de la Ciudad de Oaxaca como Patrimonio Cultural de la Humanidad. Este material deber\u00e1 subirse al sitio <em>Youtube<\/em> y enviar la liga correspondiente as\u00ed como\u00a0datos completos del participante y los de una persona adulta que est\u00e9 presente en el proceso de registro\u00a0al correo electr\u00f3nico\u00a0turismodeoaxaca@gmail.com.<\/p>\n<p>Uno de los objetivos de este concurso es suscitar en la ni\u00f1ez oaxaque\u00f1a un sentimiento de pertenencia y orgullo con respecto a su patrimonio mundial que representa el Centro Hist\u00f3rico de este estado, de tal manera que contribuyan en\u00a0el proceso de conservaci\u00f3n y lo reconozcan como un tesoro de la humanidad.<\/p>\n<p><strong>La fecha l\u00edmite para participar es el 31 de agosto de 2013<\/strong>.\u00a0La notificaci\u00f3n de los ganadores ser\u00e1 el 31 de octubre y la premiaci\u00f3n se realizar\u00e1 el 20 de noviembre,\u00a0durante el desarrollo del Congreso.<\/p>\n<p><strong>Los premios del concurso son:<\/strong><\/p>\n<p>PRIMER LUGAR: \u00a0$1,000.00 USD<br \/>\nSEGUNDO LUGAR: \u00a0$ 500.00 USD<br \/>\nTERCER LUGAR: \u00a0$ 250.00 USD<\/p>\n<p>PREMIO ESPECIAL POR MAYOR AUDIENCIA NI\u00d1AS (en YOUTUBE): $750.00 USD<br \/>\nPREMIO ESPECIAL POR MAYOR AUDIENCIA NI\u00d1OS (en YOUTUBE): $750.00 USD<\/p>\n<p>Consulta todas las bases de la convocatoria <a href=\"http:\/\/ocpmoaxaca2013.org\/2013\/05\/el-centro-historico-de-oaxaca-patrimonio-mundial-concurso-infantil-de-produccion-de-videos\/?lang=es\" target=\"_blank\">AQU\u00cd.<\/a><\/p>\n<p><a href=\"http:\/\/www.eloriente.net\/home\/wp-content\/uploads\/2013\/06\/Algunos-derechos-reservados-por-Sergio-Kasusky-Santo-Domingo.jpg\"><img loading=\"lazy\" decoding=\"async\" class=\"aligncenter size-medium wp-image-13259\" title=\"Algunos derechos reservados por Sergio Kasusky-Santo Domingo\" src=\"http:\/\/www.eloriente.net\/home\/wp-content\/uploads\/2013\/06\/Algunos-derechos-reservados-por-Sergio-Kasusky-Santo-Domingo-300x200.jpg\" alt=\"\" width=\"300\" height=\"200\" srcset=\"http:\/\/www.eloriente.net\/home\/wp-content\/uploads\/2013\/06\/Algunos-derechos-reservados-por-Sergio-Kasusky-Santo-Domingo-300x200.jpg 300w, http:\/\/www.eloriente.net\/home\/wp-content\/uploads\/2013\/06\/Algunos-derechos-reservados-por-Sergio-Kasusky-Santo-Domingo.jpg 1024w\" sizes=\"(max-width: 300px) 100vw, 300px\" \/><\/a><\/p>\n<p style=\"text-align: center;\">Foto: <a href=\"http:\/\/www.flickr.com\/photos\/sergiokasusky\/\">Sergio Kasusky<\/a>, Algunos derechos reservados<\/p>\n<p><strong>Otras convocatorias:<\/strong><\/p>\n<p><a title=\"Permalink to Premio IILA- FOTOGRAF\u00cdA 2013 ofrece estad\u00eda en Roma para realizar proyecto\" href=\"http:\/\/www.eloriente.net\/home\/2013\/06\/17\/premio-iila-fotografia-2013-ofrece-estadia-en-roma-para-realizar-proyecto\/\" rel=\"bookmark\">Premio IILA- FOTOGRAF\u00cdA 2013 ofrece estad\u00eda en Roma para realizar proyecto<\/a><\/p>\n<p><a href=\"http:\/\/www.eloriente.net\/home\/2013\/06\/17\/premio-iila-fotografia-2013-ofrece-estadia-en-roma-para-realizar-proyecto\/\" rel=\"bookmark\"><img decoding=\"async\" title=\"Premio IILA- FOTOGRAF\u00cdA 2013 ofrece estad\u00eda en Roma para realizar proyecto\" src=\"http:\/\/www.eloriente.net\/home\/wp-content\/themes\/city-desk\/timthumb.php?src=http%3A%2F%2Fwww.eloriente.net%2Fhome%2Fwp-content%2Fuploads%2F2013%2F06%2FPremio-IILA-FOTOGRAFIA-2011.jpg&amp;q=90&amp;w=310&amp;h=200&amp;zc=1\" alt=\"Premio IILA- FOTOGRAF\u00cdA 2013 ofrece estad\u00eda en Roma para realizar proyecto\" \/><\/a><\/p>\n<p>eloriente.net\/IILA 17 de junio de 2013 eloriente.net (Oaxaca, Oax.) 17 de junio de 2013.- En el marco de la XII edici\u00f3n de FOTOGRAFIA, \u2013Festival Internazionale di Roma que se realizar\u00e1 del 4 de octubre al 1 de diciembre de 2013\u2013\u00a0el IILA, Instituto Italo-Latino Americano y Officine International convocan a fot\u00f3grafos j\u00f3venes latinoamericanos a participar en [&#8230;]<\/p>\n<p><a title=\"Permalink to Convocatoria abierta para Festival Internacional de Cortometraje \u201cEl Cine a las Calles\u201d\" href=\"http:\/\/www.eloriente.net\/home\/2013\/06\/12\/convocatoria-abierta-para-festival-internacional-de-cortometraje-el-cine-a-las-calles\/\" rel=\"bookmark\">Convocatoria abierta para Festival Internacional de Cortometraje \u201cEl Cine a las Calles\u201d<\/a><\/p>\n<p><a href=\"http:\/\/www.eloriente.net\/home\/2013\/06\/12\/convocatoria-abierta-para-festival-internacional-de-cortometraje-el-cine-a-las-calles\/\" rel=\"bookmark\"><img decoding=\"async\" title=\"Convocatoria abierta para Festival Internacional de Cortometraje \u201cEl Cine a las Calles\u201d\" src=\"http:\/\/www.eloriente.net\/home\/wp-content\/themes\/city-desk\/timthumb.php?src=http%3A%2F%2Fwww.eloriente.net%2Fhome%2Fwp-content%2Fuploads%2F2013%2F06%2FCaptura-de-pantalla-2013-06-12-a-las-11.08.27.png&amp;q=90&amp;w=310&amp;h=200&amp;zc=1\" alt=\"Convocatoria abierta para Festival Internacional de Cortometraje \u201cEl Cine a las Calles\u201d\" \/><\/a><\/p>\n<p>eloriente.net\/ Imcine 12 de junio de 2013 eloriente.net (Oaxaca, Oax.) 12 de junio de 2013.- Estudiantes de cine, artes visuales, comunicaci\u00f3n y carreras afines de universidades p\u00fablicas y privadas, as\u00ed como realizadores\/as independientes, amateurs y profesionales de M\u00e9xico y podr\u00e1n participar con sus obras en el Festival Internacional de Cortometraje \u201cEl Cine a las Calles\u2026\u201d\u2013organizado [&#8230;]<\/p>\n<p>&nbsp;<\/p>\n\n\t\t\t  <div \n\t\t\t  \tclass = \"fb-comments\" \n\t\t\t  \tdata-href = \"http:\/\/www.eloriente.net\/home\/2013\/06\/18\/participa-en-concurso-infantil-de-videos-el-centro-historico-de-oaxaca-patrimonio-mundial\/\"\n\t\t\t  \tdata-numposts = \"10\"\n\t\t\t\tdata-colorscheme = \"dark\"\n\t\t\t\tdata-order-by = \"social\"\n\t\t\t\tdata-mobile=true>\n\t\t\t  <\/div>\n\t\t  <style>\n\t\t\t.fb_iframe_widget_fluid_desktop iframe {\n\t\t\t    width: 100% !important;\n\t\t\t}\n\t\t  <\/style>\n\t\t  ","protected":false},"excerpt":{"rendered":"<p>eloriente.net\/ Municipio de Oaxaca de Ju\u00e1rez 18 de junio de 2013 eloriente.net (Oaxaca, Oax.) 18 de junio de 2013.- En el marco del\u00a0XII Congreso Mundial de la Organizaci\u00f3n de las Ciudades Patrimonio Mundial (OCPM) que se llevar\u00e1 a cabo en Oaxaca del 19 al 22 de noviembre, el Gobierno Municipal de Oaxaca de Ju\u00e1rez\u00a0y la [&hellip;]<\/p>\n","protected":false},"author":1,"featured_media":13259,"comment_status":"open","ping_status":"open","sticky":false,"template":"","format":"standard","meta":{"_jetpack_memberships_contains_paid_content":false,"footnotes":""},"categories":[26,18,32,10,31],"tags":[],"class_list":["post-13164","post","type-post","status-publish","format-standard","has-post-thumbnail","hentry","category-convocatorias","category-educacion-y-cultura","category-entradas","category-lo-mas-reciente","category-principal"],"jetpack_featured_media_url":"http:\/\/www.eloriente.net\/home\/wp-content\/uploads\/2013\/06\/Algunos-derechos-reservados-por-Sergio-Kasusky-Santo-Domingo.jpg","jetpack_sharing_enabled":true,"_links":{"self":[{"href":"http:\/\/www.eloriente.net\/home\/wp-json\/wp\/v2\/posts\/13164"}],"collection":[{"href":"http:\/\/www.eloriente.net\/home\/wp-json\/wp\/v2\/posts"}],"about":[{"href":"http:\/\/www.eloriente.net\/home\/wp-json\/wp\/v2\/types\/post"}],"author":[{"embeddable":true,"href":"http:\/\/www.eloriente.net\/home\/wp-json\/wp\/v2\/users\/1"}],"replies":[{"embeddable":true,"href":"http:\/\/www.eloriente.net\/home\/wp-json\/wp\/v2\/comments?post=13164"}],"version-history":[{"count":7,"href":"http:\/\/www.eloriente.net\/home\/wp-json\/wp\/v2\/posts\/13164\/revisions"}],"predecessor-version":[{"id":13167,"href":"http:\/\/www.eloriente.net\/home\/wp-json\/wp\/v2\/posts\/13164\/revisions\/13167"}],"wp:featuredmedia":[{"embeddable":true,"href":"http:\/\/www.eloriente.net\/home\/wp-json\/wp\/v2\/media\/13259"}],"wp:attachment":[{"href":"http:\/\/www.eloriente.net\/home\/wp-json\/wp\/v2\/media?parent=13164"}],"wp:term":[{"taxonomy":"category","embeddable":true,"href":"http:\/\/www.eloriente.net\/home\/wp-json\/wp\/v2\/categories?post=13164"},{"taxonomy":"post_tag","embeddable":true,"href":"http:\/\/www.eloriente.net\/home\/wp-json\/wp\/v2\/tags?post=13164"}],"curies":[{"name":"wp","href":"https:\/\/api.w.org\/{rel}","templated":true}]}}