{"id":13172,"date":"2013-06-18T09:32:25","date_gmt":"2013-06-18T15:32:25","guid":{"rendered":"http:\/\/www.eloriente.net\/home\/?p=13172"},"modified":"2013-06-19T12:44:05","modified_gmt":"2013-06-19T18:44:05","slug":"anuncian-reconstitucion-de-la-appo","status":"publish","type":"post","link":"http:\/\/www.eloriente.net\/home\/2013\/06\/18\/anuncian-reconstitucion-de-la-appo\/","title":{"rendered":"Anuncian reconstituci\u00f3n de la APPO"},"content":{"rendered":"<p>eloriente.net<\/p>\n<p>18 de junio de 2013<\/p>\n<p>eloriente.net (Oaxaca, Oax.) 18 de junio de 2013.- Incremento de las\u00a0manifestaciones por la exigencia de liberaci\u00f3n de los presos pol\u00edticos en el campamento que se encuentra en el Z\u00f3calo de la ciudad de Oaxaca; el boicot a\u00a0la Guelaguetza del gobierno estatal y el impulso a la Guelaguetza Popular y Magisterial; son algunos de los resolutivos generales emanados del Congreso\u00a0del Frente \u00danico de lucha hacia la reconstituci\u00f3n de la Asamblea Popular de los Pueblos de Oaxaca (APPO),\u00a0informados ayer en rueda de prensa por miembros del\u00a0Comit\u00e9 Provisional del Frente \u00danico de Lucha hacia la reconstituci\u00f3n de la APPO.<\/p>\n<p>Los miembros del Comit\u00e9 Provisional informaron ayer frente al Palacio de Gobierno, los acuerdos que resultaron del Congreso celebrado los pasados 14 y 16 de junio de 2013 en el\u00a0Auditorio del Centro Regional de Educaci\u00f3n Normal de Oaxaca (CRENO).<\/p>\n<p>Dicho Congreso fue instalado con el fin de reorganizar la Asamblea, analizando la situaci\u00f3n\u00a0actual internacional, nacional y estatal, el balance del proceso hist\u00f3rico de la APPO, su estructura org\u00e1nica y plan de acci\u00f3n, entre otros temas.\u00a0Las mesas de trabajo\u00a0fueron inauguradas por\u00a0la Profesora M\u00f3nica Mart\u00ednez L\u00f3pez, titular de la Secretar\u00eda de Previsi\u00f3n y Asistencia Social de la Comisi\u00f3n Pol\u00edtica de la Secci\u00f3n 22,\u00a0a nombre del\u00a0Profesor Rub\u00e9n N\u00fa\u00f1ez Ginez, Secretario General de la 22.<\/p>\n<p>En los resolutivos generales el Frente \u00danico de lucha hacia la reconstituci\u00f3n de la APPO manifest\u00f3 que defender\u00e1 \u00abcon toda sus fuerzas los derechos de los trabajadores, la libertad de los presos pol\u00edticos, el esclarecimiento de los asesinatos y castigo a los culpables cometidos en contra de los luchadores sociales y el magisterio\u00bb.<\/p>\n<p>Del mismo modo, asegur\u00f3 que\u00a0los partidos pol\u00edticos y el proceso electoral son \u00abuna farsa a la que se debe boicotear permanentemente\u00bb.<\/p>\n<p>Durante la rueda de prensa se mencion\u00f3 la\u00a0participaci\u00f3n de 220 delegados con 75 representaciones entre colectivos, comunidades, organizaciones sociales y sindicales, en el Congreso hacia la reconstituci\u00f3n de la Asamblea.<\/p>\n<p>Cabe recordar que la APPO naci\u00f3 el 17 de junio de 2006 en el marco de la sublevaci\u00f3n magisterial contra el entonces gobernador de Oaxaca, Ulises Ruiz Ortiz, y donde participaron en su formaci\u00f3n 365 organizaciones sociales, ayuntamientos populares y sindicatos.<\/p>\n<p>Con informaci\u00f3n de: <a href=\"http:\/\/www.proyectoambulante.org\" target=\"_blank\">Proyecto Ambulante<\/a><\/p>\n<p><a href=\"http:\/\/www.eloriente.net\/home\/wp-content\/uploads\/2013\/06\/appo1.jpg\"><img loading=\"lazy\" decoding=\"async\" class=\"aligncenter size-full wp-image-13175\" title=\"appo\" src=\"http:\/\/www.eloriente.net\/home\/wp-content\/uploads\/2013\/06\/appo1.jpg\" alt=\"\" width=\"385\" height=\"256\" srcset=\"http:\/\/www.eloriente.net\/home\/wp-content\/uploads\/2013\/06\/appo1.jpg 385w, http:\/\/www.eloriente.net\/home\/wp-content\/uploads\/2013\/06\/appo1-300x199.jpg 300w\" sizes=\"(max-width: 385px) 100vw, 385px\" \/><\/a><\/p>\n<div id=\"wrchoverdiv\" style=\"display: none;\">\n<div id=\"wrccontainer\">\n<div id=\"wrcheader\">\n<div id=\"wrctitle\">WebRep<\/div>\n<\/div>\n<div class=\"wrchorizontal\"><\/div>\n<div id=\"wrccurrentvote\">currentVote<\/div>\n<div class=\"wrchorizontal\"><\/div>\n<div id=\"wrcrating\"><\/div>\n<div id=\"wrcratingtext\">noRating<\/div>\n<div id=\"wrcweighttext\">noWeight<\/div>\n<div id=\"wrcflags\"><\/div>\n<div class=\"wrchorizontal\"><\/div>\n<\/div>\n<\/div>\n\n\t\t\t  <div \n\t\t\t  \tclass = \"fb-comments\" \n\t\t\t  \tdata-href = \"http:\/\/www.eloriente.net\/home\/2013\/06\/18\/anuncian-reconstitucion-de-la-appo\/\"\n\t\t\t  \tdata-numposts = \"10\"\n\t\t\t\tdata-colorscheme = \"dark\"\n\t\t\t\tdata-order-by = \"social\"\n\t\t\t\tdata-mobile=true>\n\t\t\t  <\/div>\n\t\t  <style>\n\t\t\t.fb_iframe_widget_fluid_desktop iframe {\n\t\t\t    width: 100% !important;\n\t\t\t}\n\t\t  <\/style>\n\t\t  ","protected":false},"excerpt":{"rendered":"<p>eloriente.net 18 de junio de 2013 eloriente.net (Oaxaca, Oax.) 18 de junio de 2013.- Incremento de las\u00a0manifestaciones por la exigencia de liberaci\u00f3n de los presos pol\u00edticos en el campamento que se encuentra en el Z\u00f3calo de la ciudad de Oaxaca; el boicot a\u00a0la Guelaguetza del gobierno estatal y el impulso a la Guelaguetza Popular y [&hellip;]<\/p>\n","protected":false},"author":1,"featured_media":13175,"comment_status":"open","ping_status":"open","sticky":false,"template":"","format":"standard","meta":{"_jetpack_memberships_contains_paid_content":false,"footnotes":""},"categories":[29,49,32,10,24,21],"tags":[],"class_list":["post-13172","post","type-post","status-publish","format-standard","has-post-thumbnail","hentry","category-capital","category-destacadas","category-entradas","category-lo-mas-reciente","category-mexico-y-el-mundo","category-politica-y-gobierno"],"jetpack_featured_media_url":"http:\/\/www.eloriente.net\/home\/wp-content\/uploads\/2013\/06\/appo1.jpg","jetpack_sharing_enabled":true,"_links":{"self":[{"href":"http:\/\/www.eloriente.net\/home\/wp-json\/wp\/v2\/posts\/13172"}],"collection":[{"href":"http:\/\/www.eloriente.net\/home\/wp-json\/wp\/v2\/posts"}],"about":[{"href":"http:\/\/www.eloriente.net\/home\/wp-json\/wp\/v2\/types\/post"}],"author":[{"embeddable":true,"href":"http:\/\/www.eloriente.net\/home\/wp-json\/wp\/v2\/users\/1"}],"replies":[{"embeddable":true,"href":"http:\/\/www.eloriente.net\/home\/wp-json\/wp\/v2\/comments?post=13172"}],"version-history":[{"count":7,"href":"http:\/\/www.eloriente.net\/home\/wp-json\/wp\/v2\/posts\/13172\/revisions"}],"predecessor-version":[{"id":13178,"href":"http:\/\/www.eloriente.net\/home\/wp-json\/wp\/v2\/posts\/13172\/revisions\/13178"}],"wp:featuredmedia":[{"embeddable":true,"href":"http:\/\/www.eloriente.net\/home\/wp-json\/wp\/v2\/media\/13175"}],"wp:attachment":[{"href":"http:\/\/www.eloriente.net\/home\/wp-json\/wp\/v2\/media?parent=13172"}],"wp:term":[{"taxonomy":"category","embeddable":true,"href":"http:\/\/www.eloriente.net\/home\/wp-json\/wp\/v2\/categories?post=13172"},{"taxonomy":"post_tag","embeddable":true,"href":"http:\/\/www.eloriente.net\/home\/wp-json\/wp\/v2\/tags?post=13172"}],"curies":[{"name":"wp","href":"https:\/\/api.w.org\/{rel}","templated":true}]}}