{"id":13182,"date":"2013-06-18T10:36:47","date_gmt":"2013-06-18T16:36:47","guid":{"rendered":"http:\/\/www.eloriente.net\/home\/?p=13182"},"modified":"2013-06-19T12:55:29","modified_gmt":"2013-06-19T18:55:29","slug":"presidente-del-tscj-se-reune-con-jueces-del-estado","status":"publish","type":"post","link":"http:\/\/www.eloriente.net\/home\/2013\/06\/18\/presidente-del-tscj-se-reune-con-jueces-del-estado\/","title":{"rendered":"Presidente del TSJ se re\u00fane con jueces del estado"},"content":{"rendered":"<p>eloriente.net\/\u00a0TSJEO<\/p>\n<p>18 de junio de 2013<\/p>\n<ul>\n<li>Intercambiaron experiencias, inquietudes y propuestas encaminadas a mejorar la actividad que realizan a favor de los oaxaque\u00f1os<\/li>\n<\/ul>\n<p>El presidente del Tribunal Superior de Justicia y del Consejo de la Judicatura, magistrado Alfredo Lagunas Rivera se reuni\u00f3 este lunes con los 120 jueces de los juzgados civiles, penales, familiares y mixtos as\u00ed como del Tribunal de Juicio Oral, con quienes intercambi\u00f3 experiencias, inquietudes y propuestas encaminadas a mejorar la actividad que realizan a favor de los oaxaque\u00f1os.<\/p>\n<p>Ah\u00ed, hizo propicio el momento para hablarles de los avances en la implementaci\u00f3n del Sistema Acusatorio Adversarial en la Cuenca del Papaloapan, donde se tiene programado que empiece a funcionar en el pr\u00f3ximo mes de septiembre.<\/p>\n<p>Asimismo, dio a conocer que\u00a0 el pr\u00f3ximo mes de julio se abrir\u00e1 un nuevo juzgado en materia civil en la regi\u00f3n de Tuxtepec y comenzar\u00e1 a operar un juzgado itinerante que brindar\u00e1 apoyo en materia familiar en esa regi\u00f3n que registra una importante carga de trabajo.<\/p>\n<p>Lagunas Rivera, les reiter\u00f3 a los jueces que no hay agenda, ni lista de espera para ellos, ya que la administraci\u00f3n de justicia es tema prioritario; adem\u00e1s les exhort\u00f3 a seguir trabajando en equipo, con ah\u00ednco y brindar un trato digno a quienes por cualquier circunstancia acuden a los juzgados y esperan una justicia pronta y expedita.<\/p>\n<p>Se refiri\u00f3 tambi\u00e9n a las modificaciones en el proceso de selecci\u00f3n de los jueces -a partir de la reforma constitucional-, con el objetivo de legitimar la labor y contar con personal que tenga los conocimientos y formaci\u00f3n adecuada para desempe\u00f1ar el cargo,\u00a0\u00a0\u00a0 \u201cahora ya no se toman decisiones unilaterales, por el contrario el Consejo de la Judicatura es quien revisa la actuaci\u00f3n, disciplina\u00a0\u00a0y carrera judicial de los integrantes del Poder Judicial\u201d, dijo.<\/p>\n<p>Enfatiz\u00f3 que los cambios de adscripci\u00f3n que se realizan en el Poder Judicial del Estado, no obedecen a capricho, ni son con la finalidad de perjudicar a nadie, sino que forman parte de la rotaci\u00f3n institucional establecida en la norma, y que los jueces est\u00e1n obligados a cumplir como parte de los valores \u00e9ticos que todo juzgador debe tener.<\/p>\n<p>En la reuni\u00f3n, el presidente del Tribunal Superior de Justicia del Estado y del Consejo de la Judicatura, recibi\u00f3 el reconocimiento de los servidores p\u00fablicos judiciales por la pol\u00edtica incluyente, de apertura y respeto que ha demostrado en su gesti\u00f3n, adem\u00e1s de que le reiteraron su compromiso con esta instituci\u00f3n.<\/p>\n<p>En su intervenci\u00f3n, la juez de Tribunal de Juicio Oral en Huajuapan, Mar\u00eda Antonia Esteva Dom\u00ednguez, reconoci\u00f3 la perspectiva de g\u00e9nero que ha prevalecido en el Tribunal Superior de Justicia tanto en el \u00e1mbito administrativo como jurisdiccional. \u201cNo es un tema de\u00a0una sola persona sino que involucra a todas y a todos los miembros de la instituci\u00f3n\u201d, resalt\u00f3.<\/p>\n<p>Por su parte,\u00a0\u00a0el juez mixto de Pochutla, Manuel de Jes\u00fas Espinoza \u00c1ngeles, con 19 a\u00f1os de labor dentro del Poder Judicial, agradeci\u00f3 el respaldo brindado al trabajo de los juzgados, lo cual consolida a\u00fan m\u00e1s la labor judicial.<\/p>\n<p>En tanto, los jueces Luis Ra\u00fal Hern\u00e1ndez Avenda\u00f1o y Aquiles Fausto Mendoza Garc\u00eda, \u00a0reconocieron la apertura y dialogo directo que el magistrado Lagunas Rivera mantiene con el personal, lo que ha permitido la modernizaci\u00f3n y actualizaci\u00f3n\u00a0 en la administraci\u00f3n de justicia.<\/p>\n<p>En el encuentro con el magistrado Lagunas Rivera los juzgadores le agradecieron la confianza depositada en ellos y la oportunidad de establecer una comunicaci\u00f3n abierta y sin obst\u00e1culos.<\/p>\n<p><a href=\"http:\/\/www.eloriente.net\/home\/wp-content\/uploads\/2013\/06\/Jueces-en-dialogo-abierto-con-el-magistrado-Alfredo-Lagunas-3.jpg\"><img loading=\"lazy\" decoding=\"async\" class=\"aligncenter size-medium wp-image-13188\" title=\"Jueces en dialogo abierto con el magistrado Alfredo Lagunas (3)\" src=\"http:\/\/www.eloriente.net\/home\/wp-content\/uploads\/2013\/06\/Jueces-en-dialogo-abierto-con-el-magistrado-Alfredo-Lagunas-3-300x200.jpg\" alt=\"\" width=\"300\" height=\"200\" srcset=\"http:\/\/www.eloriente.net\/home\/wp-content\/uploads\/2013\/06\/Jueces-en-dialogo-abierto-con-el-magistrado-Alfredo-Lagunas-3-300x200.jpg 300w, http:\/\/www.eloriente.net\/home\/wp-content\/uploads\/2013\/06\/Jueces-en-dialogo-abierto-con-el-magistrado-Alfredo-Lagunas-3.jpg 1024w\" sizes=\"(max-width: 300px) 100vw, 300px\" \/><\/a><\/p>\n\n\t\t\t  <div \n\t\t\t  \tclass = \"fb-comments\" \n\t\t\t  \tdata-href = \"http:\/\/www.eloriente.net\/home\/2013\/06\/18\/presidente-del-tscj-se-reune-con-jueces-del-estado\/\"\n\t\t\t  \tdata-numposts = \"10\"\n\t\t\t\tdata-colorscheme = \"dark\"\n\t\t\t\tdata-order-by = \"social\"\n\t\t\t\tdata-mobile=true>\n\t\t\t  <\/div>\n\t\t  <style>\n\t\t\t.fb_iframe_widget_fluid_desktop iframe {\n\t\t\t    width: 100% !important;\n\t\t\t}\n\t\t  <\/style>\n\t\t  ","protected":false},"excerpt":{"rendered":"<p>eloriente.net\/\u00a0TSJEO 18 de junio de 2013 Intercambiaron experiencias, inquietudes y propuestas encaminadas a mejorar la actividad que realizan a favor de los oaxaque\u00f1os El presidente del Tribunal Superior de Justicia y del Consejo de la Judicatura, magistrado Alfredo Lagunas Rivera se reuni\u00f3 este lunes con los 120 jueces de los juzgados civiles, penales, familiares y [&hellip;]<\/p>\n","protected":false},"author":1,"featured_media":13188,"comment_status":"open","ping_status":"open","sticky":false,"template":"","format":"standard","meta":{"_jetpack_memberships_contains_paid_content":false,"footnotes":""},"categories":[22,32,10,23,21],"tags":[],"class_list":["post-13182","post","type-post","status-publish","format-standard","has-post-thumbnail","hentry","category-derechos-humanos","category-entradas","category-lo-mas-reciente","category-municipios","category-politica-y-gobierno"],"jetpack_featured_media_url":"http:\/\/www.eloriente.net\/home\/wp-content\/uploads\/2013\/06\/Jueces-en-dialogo-abierto-con-el-magistrado-Alfredo-Lagunas-3.jpg","jetpack_sharing_enabled":true,"_links":{"self":[{"href":"http:\/\/www.eloriente.net\/home\/wp-json\/wp\/v2\/posts\/13182"}],"collection":[{"href":"http:\/\/www.eloriente.net\/home\/wp-json\/wp\/v2\/posts"}],"about":[{"href":"http:\/\/www.eloriente.net\/home\/wp-json\/wp\/v2\/types\/post"}],"author":[{"embeddable":true,"href":"http:\/\/www.eloriente.net\/home\/wp-json\/wp\/v2\/users\/1"}],"replies":[{"embeddable":true,"href":"http:\/\/www.eloriente.net\/home\/wp-json\/wp\/v2\/comments?post=13182"}],"version-history":[{"count":7,"href":"http:\/\/www.eloriente.net\/home\/wp-json\/wp\/v2\/posts\/13182\/revisions"}],"predecessor-version":[{"id":13263,"href":"http:\/\/www.eloriente.net\/home\/wp-json\/wp\/v2\/posts\/13182\/revisions\/13263"}],"wp:featuredmedia":[{"embeddable":true,"href":"http:\/\/www.eloriente.net\/home\/wp-json\/wp\/v2\/media\/13188"}],"wp:attachment":[{"href":"http:\/\/www.eloriente.net\/home\/wp-json\/wp\/v2\/media?parent=13182"}],"wp:term":[{"taxonomy":"category","embeddable":true,"href":"http:\/\/www.eloriente.net\/home\/wp-json\/wp\/v2\/categories?post=13182"},{"taxonomy":"post_tag","embeddable":true,"href":"http:\/\/www.eloriente.net\/home\/wp-json\/wp\/v2\/tags?post=13182"}],"curies":[{"name":"wp","href":"https:\/\/api.w.org\/{rel}","templated":true}]}}