{"id":13231,"date":"2013-06-19T10:22:10","date_gmt":"2013-06-19T16:22:10","guid":{"rendered":"http:\/\/www.eloriente.net\/home\/?p=13231"},"modified":"2013-06-21T08:21:55","modified_gmt":"2013-06-21T14:21:55","slug":"delegacion-de-juchitan-participara-en-festival-folklorico-smithsonian-en-eu","status":"publish","type":"post","link":"http:\/\/www.eloriente.net\/home\/2013\/06\/19\/delegacion-de-juchitan-participara-en-festival-folklorico-smithsonian-en-eu\/","title":{"rendered":"Delegaci\u00f3n de Juchit\u00e1n participar\u00e1 en Festival Folkl\u00f3rico Smithsonian en EU"},"content":{"rendered":"<p>eloriente.net\/\u00a0<a href=\"http:\/\/www.festival.si.edu\" target=\"_blank\">Smithsonian Folklife Festival<\/a><\/p>\n<p>19 de junio de 2013<\/p>\n<p>eloriente.net (Oaxaca, Oax.) 19 de junio de 2013.- Una delegaci\u00f3n de Juchit\u00e1n, comunidad\u00a0localizada en la regi\u00f3n\u00a0del Istmo del estado de Oaxaca, participar\u00e1 en el programa\u00a0\u201cUn mundo, muchas voces: Idiomas y patrimonio cultural en peligro\u201d, del\u00a0Festival internacional organizado por el\u00a0Smithsonian Center for Folklife and Cultural Heritage, y que se llevar\u00e1 a cabo del 26 al 30 de junio de 2013 y del 3 al 7 de julio en la Alameda\u00a0Nacional de la ciudad de Washington, D.C.<\/p>\n<p>En esta delegaci\u00f3n participan los escritores V\u00edctor Cata, Natalia Toledo y Gerardo Valdivieso; Reyna L\u00f3pez L\u00f3pez, investigadora de campo; Rosaura L\u00f3pez Cartas y\u00a0Velma Orozco Trujillo, cocineras; \u00a0y\u00a0Mart\u00edn Fabian Pe\u00f1a Santos,\u00a0Vicente Guerra L\u00f3pez y\u00a0Gerardo Valdivieso Parada, m\u00fasicos de la regi\u00f3n.<\/p>\n<p>En el pabell\u00f3n destinado a esta regi\u00f3n zapoteca se presentar\u00e1 una muestra gastron\u00f3mica, lecturas de cuentos y poemas en espa\u00f1ol y zapoteco, as\u00ed como muestras fotogr\u00e1ficas, representaci\u00f3n de una tradicional Vela, bailes regionales, regada de frutas, entre otras actividades.<\/p>\n<p>\u00abDe las m\u00e1s de 7,000 lenguas que se hablan hoy en el mundo \u2013muchos de ellas sin registrar\u2013, hasta la mitad pueden desaparecer en este siglo. Como los idiomas desaparecen, las comunidades pierden una gran cantidad de conocimientos sobre la historia, la cultura, el medio ambiente natural y la mente humana\u00bb, se indica en el portal del Festival.<\/p>\n<p>Por ello, el programa\u00a0\u201cUn mundo, muchas voces: Idiomas y patrimonio cultural en peligro\u201d destaca el idioma como parte vital de nuestro patrimonio humano.<\/p>\n<p>El Smithsonian Folklife Festival,\u00a0ha informado que la participaci\u00f3n de la delegaci\u00f3n de Juchit\u00e1n se hace posible gracias a la Direcci\u00f3n de Salvaguarda del Patrimonio Cultural del Gobierno de Oaxaca, el Instituto Cultural Mexicano de Washington, DC, la iniciativa \u201cRecovering Voices\u201d\u00a0del Smithsonian, como de la Comisi\u00f3n Nacional para el Desarrollo de los Pueblos Ind\u00edgenas.<\/p>\n<p>Cabe mencionar que en este encuentro participar\u00e1n tambi\u00e9n delegaciones de Colombia, Ecuador, India, Bolivia, Rusia, entre otros.\u00a0El objetivo es fortalecer y preservar las tradiciones y lenguas de cada regi\u00f3n; de tal forma que con sus representaciones en los pabellones, \u00abel p\u00fablico pueda conectarse y aprender unos de otros y, de una manera respetuosa, empezar a entender las diferencias y similitudes culturales\u00bb, se\u00f1ala el Festival.<\/p>\n<p style=\"text-align: center;\"><a href=\"http:\/\/www.eloriente.net\/home\/wp-content\/uploads\/2013\/06\/juchit\u00e1n.jpg\"><img loading=\"lazy\" decoding=\"async\" class=\"aligncenter  wp-image-13236\" title=\"juchit\u00e1n\" src=\"http:\/\/www.eloriente.net\/home\/wp-content\/uploads\/2013\/06\/juchit\u00e1n.jpg\" alt=\"\" width=\"455\" height=\"504\" srcset=\"http:\/\/www.eloriente.net\/home\/wp-content\/uploads\/2013\/06\/juchit\u00e1n.jpg 650w, http:\/\/www.eloriente.net\/home\/wp-content\/uploads\/2013\/06\/juchit\u00e1n-270x300.jpg 270w\" sizes=\"(max-width: 455px) 100vw, 455px\" \/><\/a><\/p>\n<p style=\"text-align: center;\">Foto: <a href=\"https:\/\/www.facebook.com\/RCJuchitan\" target=\"_blank\">Regidur\u00eda de Cultura de Juchit\u00e1n<\/a><\/p>\n<p>&nbsp;<\/p>\n<p>&nbsp;<\/p>\n\n\t\t\t  <div \n\t\t\t  \tclass = \"fb-comments\" \n\t\t\t  \tdata-href = \"http:\/\/www.eloriente.net\/home\/2013\/06\/19\/delegacion-de-juchitan-participara-en-festival-folklorico-smithsonian-en-eu\/\"\n\t\t\t  \tdata-numposts = \"10\"\n\t\t\t\tdata-colorscheme = \"dark\"\n\t\t\t\tdata-order-by = \"social\"\n\t\t\t\tdata-mobile=true>\n\t\t\t  <\/div>\n\t\t  <style>\n\t\t\t.fb_iframe_widget_fluid_desktop iframe {\n\t\t\t    width: 100% !important;\n\t\t\t}\n\t\t  <\/style>\n\t\t  ","protected":false},"excerpt":{"rendered":"<p>eloriente.net\/\u00a0Smithsonian Folklife Festival 19 de junio de 2013 eloriente.net (Oaxaca, Oax.) 19 de junio de 2013.- Una delegaci\u00f3n de Juchit\u00e1n, comunidad\u00a0localizada en la regi\u00f3n\u00a0del Istmo del estado de Oaxaca, participar\u00e1 en el programa\u00a0\u201cUn mundo, muchas voces: Idiomas y patrimonio cultural en peligro\u201d, del\u00a0Festival internacional organizado por el\u00a0Smithsonian Center for Folklife and Cultural Heritage, y que [&hellip;]<\/p>\n","protected":false},"author":1,"featured_media":13236,"comment_status":"open","ping_status":"open","sticky":false,"template":"","format":"standard","meta":{"_jetpack_memberships_contains_paid_content":false,"footnotes":""},"categories":[8,49,18,32,10,23],"tags":[],"class_list":["post-13231","post","type-post","status-publish","format-standard","has-post-thumbnail","hentry","category-agenda","category-destacadas","category-educacion-y-cultura","category-entradas","category-lo-mas-reciente","category-municipios"],"jetpack_featured_media_url":"http:\/\/www.eloriente.net\/home\/wp-content\/uploads\/2013\/06\/juchit\u00e1n.jpg","jetpack_sharing_enabled":true,"_links":{"self":[{"href":"http:\/\/www.eloriente.net\/home\/wp-json\/wp\/v2\/posts\/13231"}],"collection":[{"href":"http:\/\/www.eloriente.net\/home\/wp-json\/wp\/v2\/posts"}],"about":[{"href":"http:\/\/www.eloriente.net\/home\/wp-json\/wp\/v2\/types\/post"}],"author":[{"embeddable":true,"href":"http:\/\/www.eloriente.net\/home\/wp-json\/wp\/v2\/users\/1"}],"replies":[{"embeddable":true,"href":"http:\/\/www.eloriente.net\/home\/wp-json\/wp\/v2\/comments?post=13231"}],"version-history":[{"count":7,"href":"http:\/\/www.eloriente.net\/home\/wp-json\/wp\/v2\/posts\/13231\/revisions"}],"predecessor-version":[{"id":13348,"href":"http:\/\/www.eloriente.net\/home\/wp-json\/wp\/v2\/posts\/13231\/revisions\/13348"}],"wp:featuredmedia":[{"embeddable":true,"href":"http:\/\/www.eloriente.net\/home\/wp-json\/wp\/v2\/media\/13236"}],"wp:attachment":[{"href":"http:\/\/www.eloriente.net\/home\/wp-json\/wp\/v2\/media?parent=13231"}],"wp:term":[{"taxonomy":"category","embeddable":true,"href":"http:\/\/www.eloriente.net\/home\/wp-json\/wp\/v2\/categories?post=13231"},{"taxonomy":"post_tag","embeddable":true,"href":"http:\/\/www.eloriente.net\/home\/wp-json\/wp\/v2\/tags?post=13231"}],"curies":[{"name":"wp","href":"https:\/\/api.w.org\/{rel}","templated":true}]}}