{"id":13349,"date":"2013-06-21T08:53:53","date_gmt":"2013-06-21T14:53:53","guid":{"rendered":"http:\/\/www.eloriente.net\/home\/?p=13349"},"modified":"2013-06-21T08:58:01","modified_gmt":"2013-06-21T14:58:01","slug":"ninos-con-discapacidad-dentro-de-los-grupos-mas-marginados-unicef","status":"publish","type":"post","link":"http:\/\/www.eloriente.net\/home\/2013\/06\/21\/ninos-con-discapacidad-dentro-de-los-grupos-mas-marginados-unicef\/","title":{"rendered":"Ni\u00f1os con discapacidad, dentro de los grupos m\u00e1s marginados: UNICEF"},"content":{"rendered":"<p>eloriente.net\/ <a href=\"http:\/\/www.unicef.org\" target=\"_blank\">UNICEF<\/a><\/p>\n<p>21 de junio de 2013<\/p>\n<p>eloriente.net (Oaxaca, Oax.) 21 de junio de 2013.- Los ni\u00f1os\u00a0 y ni\u00f1as con discapacidad se encuentran dentro de los grupos m\u00e1s excluidos y marginados de la sociedad y a los que se les cumplen sus derechos en menor grado, as\u00ed lo indic\u00f3 el <strong>Informe Estado Mundial de la Infancia: Ni\u00f1as y ni\u00f1os con discapacidad,<\/strong> publicado hace unos d\u00edas por el Fondo de las Naciones Unidas para la Infancia (UNICEF).<\/p>\n<p>Cada a\u00f1o, la principal publicaci\u00f3n de UNICEF, <em>El Estado Mundial de la Infancia,<\/em> examina de cerca un problema clave que afecta a los ni\u00f1os. En la edici\u00f3n de este 2013, el reporte examina los obst\u00e1culos \u2013 desde los edificios inaccesibles y la invisibilidad en las estad\u00edsticas oficiales, hasta las actitudes desde\u00f1osas y la discriminaci\u00f3n viciosa- que privan a los ni\u00f1os con discapacidad de sus derechos y evitan que participen plenamente en la sociedad. Tambi\u00e9n expone algunos de los elementos clave de sociedades inclusivas que respetan y protegen los derechos de los ni\u00f1os con discapacidad, que los apoyan adecuadamente y a sus familias, y fomentan sus capacidades, \u00a0para que puedan aprovechar las oportunidades para prosperar y contribuir con su aporte al mundo.<\/p>\n<p>El reporte se\u00f1ala que los ni\u00f1os con alguna discapacidad tienen menos posibilidades de recibir atenci\u00f3n adecuada en salud y de asistir a la escuela, son adem\u00e1s, l<strong>os m\u00e1s vulnerables a la violencia, al abuso y a la explotaci\u00f3n.<\/strong> Debido al estigma social y al costo econ\u00f3mico que implica su atenci\u00f3n y cuidado, muchos de ellos son institucionalizados o permanecen dentro de sus hogares.<\/p>\n<p>Por su parte, UNICEF M\u00e9xico inform\u00f3 que en nuestro pa\u00eds de acuerdo al Censo de Poblaci\u00f3n y Vivienda 2010, al menos 5.9 millones de mexicanos tienen alguna discapacidad y hay 1, 271, 504 ni\u00f1as, ni\u00f1os y adolescentes entre 0 y 19 a\u00f1os que presentan alg\u00fan problema de discapacidad, esto representa el 1.46% de esa poblaci\u00f3n.<\/p>\n<p>Datos de la Encuesta Nacional sobre la Discriminaci\u00f3n en M\u00e9xico (ENADIS 2010), arrojan que una de cada tres personas en el pa\u00eds considera que no se respetan los derechos de las personas con discapacidad, quienes ocupan el sexto lugar entre las mujeres y los grupos poblacionales discriminados a los que no se respetan sus derechos, seg\u00fan la percepci\u00f3n nacional.<\/p>\n<p>Ante la situaci\u00f3n de exclusi\u00f3n y discriminaci\u00f3n en la que se encuentran millones de ni\u00f1os con discapacidad en todo el mundo, UNICEF ha se\u00f1alado que concentrarse en sus habilidades y en el potencial que pueden alcanzar, as\u00ed como en su inclusi\u00f3n e integraci\u00f3n plena en la comunidad, beneficia a la sociedad en su conjunto: \u00abver al ni\u00f1o y no a la discapacidad\u00bb.<\/p>\n<p>En este sentido, el reporte urge a los pa\u00edses que han ratificado la Convenci\u00f3n sobre los Derechos de las Personas con Discapacidad, a garantizar la construcci\u00f3n de una sociedad incluyente y con equidad en el cumplimiento de los derechos de las ni\u00f1as, ni\u00f1os y adolescentes con discapacidad y a apoyar a las familias para poder lograr esto. Asimismo urge a las naciones a tomar medidas para combatir la discriminaci\u00f3n entre la sociedad en general, y entre los prestadores de servicios p\u00fablicos esenciales como la educaci\u00f3n y la salud.<\/p>\n<p>Descarga el informe completo <a href=\"http:\/\/www.unicef.org\/spanish\/sowc2013\/files\/SPANISH_SOWC2013_Lo_res.pdf\" target=\"_blank\">AQU\u00cd<\/a><\/p>\n<p>Descagar el resumen ejecutivo <a href=\"http:\/\/www.unicef.org\/spanish\/sowc2013\/files\/SPANISH-SOWC13-Ex_Summary_Lo-res_web.pdf\" target=\"_blank\">AQU\u00cd<\/a><\/p>\n<p>&nbsp;<\/p>\n<p><iframe loading=\"lazy\" src=\"http:\/\/www.youtube.com\/embed\/xJm525Nmf0Q\" frameborder=\"0\" width=\"560\" height=\"315\"><\/iframe><\/p>\n<p>&nbsp;<\/p>\n<p><a href=\"http:\/\/www.eloriente.net\/home\/wp-content\/uploads\/2013\/06\/INFORME-MUNDIAL-UNICEF-NIN\u0303OS-CON-DISCAPACIDAD.jpg\"><img loading=\"lazy\" decoding=\"async\" class=\"aligncenter size-medium wp-image-13351\" title=\"NYHQ2006-0806\" src=\"http:\/\/www.eloriente.net\/home\/wp-content\/uploads\/2013\/06\/INFORME-MUNDIAL-UNICEF-NIN\u0303OS-CON-DISCAPACIDAD-300x200.jpg\" alt=\"\" width=\"300\" height=\"200\" srcset=\"http:\/\/www.eloriente.net\/home\/wp-content\/uploads\/2013\/06\/INFORME-MUNDIAL-UNICEF-NIN\u0303OS-CON-DISCAPACIDAD-300x200.jpg 300w, http:\/\/www.eloriente.net\/home\/wp-content\/uploads\/2013\/06\/INFORME-MUNDIAL-UNICEF-NIN\u0303OS-CON-DISCAPACIDAD.jpg 670w\" sizes=\"(max-width: 300px) 100vw, 300px\" \/><\/a>Foto: \u00a9UNICEF\/Shehzad Noorani<\/p>\n<p>&nbsp;<\/p>\n\n\t\t\t  <div \n\t\t\t  \tclass = \"fb-comments\" \n\t\t\t  \tdata-href = \"http:\/\/www.eloriente.net\/home\/2013\/06\/21\/ninos-con-discapacidad-dentro-de-los-grupos-mas-marginados-unicef\/\"\n\t\t\t  \tdata-numposts = \"10\"\n\t\t\t\tdata-colorscheme = \"dark\"\n\t\t\t\tdata-order-by = \"social\"\n\t\t\t\tdata-mobile=true>\n\t\t\t  <\/div>\n\t\t  <style>\n\t\t\t.fb_iframe_widget_fluid_desktop iframe {\n\t\t\t    width: 100% !important;\n\t\t\t}\n\t\t  <\/style>\n\t\t  ","protected":false},"excerpt":{"rendered":"<p>eloriente.net\/ UNICEF 21 de junio de 2013 eloriente.net (Oaxaca, Oax.) 21 de junio de 2013.- Los ni\u00f1os\u00a0 y ni\u00f1as con discapacidad se encuentran dentro de los grupos m\u00e1s excluidos y marginados de la sociedad y a los que se les cumplen sus derechos en menor grado, as\u00ed lo indic\u00f3 el Informe Estado Mundial de la [&hellip;]<\/p>\n","protected":false},"author":1,"featured_media":13351,"comment_status":"open","ping_status":"open","sticky":false,"template":"","format":"standard","meta":{"_jetpack_memberships_contains_paid_content":false,"footnotes":""},"categories":[32,35,10,24,31],"tags":[],"class_list":["post-13349","post","type-post","status-publish","format-standard","has-post-thumbnail","hentry","category-entradas","category-secciones-oriente","category-lo-mas-reciente","category-mexico-y-el-mundo","category-principal"],"jetpack_featured_media_url":"http:\/\/www.eloriente.net\/home\/wp-content\/uploads\/2013\/06\/INFORME-MUNDIAL-UNICEF-NIN\u0303OS-CON-DISCAPACIDAD.jpg","jetpack_sharing_enabled":true,"_links":{"self":[{"href":"http:\/\/www.eloriente.net\/home\/wp-json\/wp\/v2\/posts\/13349"}],"collection":[{"href":"http:\/\/www.eloriente.net\/home\/wp-json\/wp\/v2\/posts"}],"about":[{"href":"http:\/\/www.eloriente.net\/home\/wp-json\/wp\/v2\/types\/post"}],"author":[{"embeddable":true,"href":"http:\/\/www.eloriente.net\/home\/wp-json\/wp\/v2\/users\/1"}],"replies":[{"embeddable":true,"href":"http:\/\/www.eloriente.net\/home\/wp-json\/wp\/v2\/comments?post=13349"}],"version-history":[{"count":4,"href":"http:\/\/www.eloriente.net\/home\/wp-json\/wp\/v2\/posts\/13349\/revisions"}],"predecessor-version":[{"id":13353,"href":"http:\/\/www.eloriente.net\/home\/wp-json\/wp\/v2\/posts\/13349\/revisions\/13353"}],"wp:featuredmedia":[{"embeddable":true,"href":"http:\/\/www.eloriente.net\/home\/wp-json\/wp\/v2\/media\/13351"}],"wp:attachment":[{"href":"http:\/\/www.eloriente.net\/home\/wp-json\/wp\/v2\/media?parent=13349"}],"wp:term":[{"taxonomy":"category","embeddable":true,"href":"http:\/\/www.eloriente.net\/home\/wp-json\/wp\/v2\/categories?post=13349"},{"taxonomy":"post_tag","embeddable":true,"href":"http:\/\/www.eloriente.net\/home\/wp-json\/wp\/v2\/tags?post=13349"}],"curies":[{"name":"wp","href":"https:\/\/api.w.org\/{rel}","templated":true}]}}