{"id":13362,"date":"2013-06-21T10:01:21","date_gmt":"2013-06-21T16:01:21","guid":{"rendered":"http:\/\/www.eloriente.net\/home\/?p=13362"},"modified":"2013-06-21T11:12:04","modified_gmt":"2013-06-21T17:12:04","slug":"21-de-junio-se-celebra-la-fiesta-de-la-musica-2013","status":"publish","type":"post","link":"http:\/\/www.eloriente.net\/home\/2013\/06\/21\/21-de-junio-se-celebra-la-fiesta-de-la-musica-2013\/","title":{"rendered":"Hoy se celebra la Fiesta de la M\u00fasica 2013"},"content":{"rendered":"<p>eloriente.net\/ <a href=\"http:\/\/www.conaculta.gob.mx\/\" target=\"_blank\">Conaculta<\/a><\/p>\n<p>21 de junio de 2013<\/p>\n<p>eloriente.net (Oaxaca, Oax.) 21 de junio de 2013.- Cada 21 de junio, desde 1983 se celebra simult\u00e1neamente en cinco continentes la \u00abFiesta de la M\u00fasica\u00bb, con la participaci\u00f3n de miles de artistas, conciertos gratuitos y abiertos al p\u00fablico, actos online, etc; todas estas actividades dedicadas a popularizar la pr\u00e1ctica musical y familiarizar a los j\u00f3venes y adultos de todas las clases con todas las expresiones musicales.<\/p>\n<p>Lanzado en Francia en 1982, el Festival de M\u00fasica se ha convertido en un festival europeo e internacional, actualmente presente en m\u00e1s de 100 pa\u00edses de los cinco continentes. Surgi\u00f3 durante el gobierno de Fran\u00e7ois Mitterrand y fue idea de Jack Lang, ministro de cultura en Francia; Christian Dupavillon, asesor ministerial, y Maurice Fleuret, director musical y organizador de festivales.<\/p>\n<div>\n<div>De acuerdo a la informaci\u00f3n difundida por el Consejo Nacional para la Cultura y las Artes, la Fiesta de la M\u00fasica es un evento dedicado a todos los g\u00e9neros musicales, dirigido a todo p\u00fablico sin discriminaci\u00f3n alguna, siendo \u00fanico su enfoque internacional. Su objetivo principal es dar a conocer la pr\u00e1ctica tanto amateur como profesional de todos los g\u00e9neros con la promoci\u00f3n de la m\u00fasica de dos maneras: que los m\u00fasicos aficionados salgan de manera voluntaria a las calles y que con la organizaci\u00f3n de conciertos gratuitos el p\u00fablico tenga la oportunidad de presenciar artistas sin importar estilo ni origen.<\/div>\n<div><\/div>\n<div>Cada a\u00f1o se re\u00fane una gran variedad de artistas en m\u00e1s de 100 pa\u00edses y cerca de 350 ciudades. A trav\u00e9s de este evento, los organizadores p\u00fablicos y privados demuestran su voluntad de fomentar un mejor conocimiento de las realidades art\u00edsticas de nuestra \u00e9poca en sus pa\u00edses, y desarrollar los intercambios con otras comunidades y naciones.<\/div>\n<\/div>\n<div><\/div>\n<div>\n<div>La Fiesta de la M\u00fasica se realizar\u00e1 en M\u00e9xico el 21 de junio en las ciudades de Cabo San Lucas, Puebla, Quer\u00e9taro, Toluca, Xalapa y el Distrito Federal, en 24 sedes. Algunos museos de la capital como el Jos\u00e9 Luis Cuevas, el Museo Nacional de Arte, de la Estampa; teatros como el \u00c1ngela Peralta y el Esperanza Iris, as\u00ed como el Cine Tonal\u00e1 y la Cin\u00e9tica Nacional abrir\u00e1n sus puertas a la m\u00fasica. Las plazas p\u00fablicas de Santa Catarina y el Jard\u00edn Hidalgo ser\u00e1n invadidas por artistas como Aleph Casta\u00f1eda y DJ Aztek 732.<\/div>\n<div><\/div>\n<div>Tambi\u00e9n habr\u00e1 eventos musicales en la Alianza Francesa de M\u00e9xico (Centro Polanco y San \u00c1ngel), en la casa de la Cultura Ricardo Flores Mag\u00f3n, el Centro Cultural Espa\u00f1a, el Centro de Artes Santa \u00darsula, \u00a0el Club Scala Intercontinental, la Ex Capilla de Guadalupe, la sala Manuel M. Ponce, los FARO Milpa Alta y de Oriente, la Fonoteca Nacional, la p\u00e9rgola del Parque Lira, el Foro Ana Mar\u00eda Hern\u00e1ndez, las plazas Aguilita, R\u00edo de Janeiro y el centro comercial Plaza Loreto.<\/div>\n<div><\/div>\n<div>Las actividades iniciar\u00e1n a las 12:00 horas en la Plaza R\u00edo de Janeiro en la colonia Roma y concluir\u00e1n a las 2:00 de la ma\u00f1ana del s\u00e1bado en la Alianza Francesa de M\u00e9xico de Polanco.<\/div>\n<div><a href=\"http:\/\/www.eloriente.net\/home\/wp-content\/uploads\/2013\/06\/Algunos-derechos-reservados-por-Vintuitive-musica.jpg\"><img loading=\"lazy\" decoding=\"async\" class=\"aligncenter size-medium wp-image-13363\" title=\"Algunos derechos reservados por Vintuitive-musica\" src=\"http:\/\/www.eloriente.net\/home\/wp-content\/uploads\/2013\/06\/Algunos-derechos-reservados-por-Vintuitive-musica-300x168.jpg\" alt=\"\" width=\"300\" height=\"168\" srcset=\"http:\/\/www.eloriente.net\/home\/wp-content\/uploads\/2013\/06\/Algunos-derechos-reservados-por-Vintuitive-musica-300x168.jpg 300w, http:\/\/www.eloriente.net\/home\/wp-content\/uploads\/2013\/06\/Algunos-derechos-reservados-por-Vintuitive-musica.jpg 1024w\" sizes=\"(max-width: 300px) 100vw, 300px\" \/><\/a><\/div>\n<div><\/div>\n<div>Foto: <a href=\"http:\/\/www.flickr.com\/photos\/vintuitive\/\">Vintuitive,\u00a0<\/a><a title=\"Attribution-ShareAlike License\" href=\"http:\/\/creativecommons.org\/licenses\/by-sa\/2.0\/\">Algunos derechos reservados<\/a><\/div>\n<\/div>\n<div><\/div>\n<p>A prop\u00f3sito del d\u00eda, @El_Oriente te comparte algunos de los v\u00eddeos publicados en nuestro dedicado a la m\u00fasica.<\/p>\n<div>\n<p><a title=\"Permalink to Celebra D\u00eda Internacional del Jazz con @El_Oriente y con el mundo; 30 de abril\" href=\"http:\/\/www.eloriente.net\/home\/2013\/04\/30\/celebra-dia-internacional-del-jazz-con-el_oriente-y-con-el-mundo-30-de-abril\/\" rel=\"bookmark\">Celebra D\u00eda Internacional del Jazz con @El_Oriente y con el mundo; 30 de abril<\/a><\/p>\n<p><a href=\"http:\/\/www.eloriente.net\/home\/2013\/04\/30\/celebra-dia-internacional-del-jazz-con-el_oriente-y-con-el-mundo-30-de-abril\/\" rel=\"bookmark\"><img decoding=\"async\" title=\"Celebra D\u00eda Internacional del Jazz con @El_Oriente y con el mundo; 30 de abril\" src=\"http:\/\/www.eloriente.net\/home\/wp-content\/themes\/city-desk\/timthumb.php?src=http%3A%2F%2Fwww.eloriente.net%2Fhome%2Fwp-content%2Fuploads%2F2013%2F04%2F%40EsperanzaSpalding-Foto-DR-Ernest-Gregory-en-City-Winery-NYC--e1367423119761.png&amp;q=90&amp;w=160&amp;h=106&amp;zc=1\" alt=\"Celebra D\u00eda Internacional del Jazz con @El_Oriente y con el mundo; 30 de abril\" \/><\/a>eloriente.net\/UNESCO 30 de abril de 2013 En noviembre de 2011, durante la Conferencia General de la UNESCO, la comunidad internacional\u00a0proclam\u00f3\u00a0el 30 de abril como el\u00a0D\u00eda Internacional del Jazz. Esta jornada tiene como objetivo sensibilizar al p\u00fablico general sobre las virtudes de la m\u00fasica jazz como herramienta educativa y como motor para la paz, la unidad, [&#8230;]<\/p>\n<div id=\"post-11252\">\n<p><a title=\"Permalink to Documental \u201cBuena Vista Social Club\u201d, por Canal 3\" href=\"http:\/\/www.eloriente.net\/home\/2013\/04\/25\/canal-3-documental-buena-vista-social-club\/\" rel=\"bookmark\">Documental \u201cBuena Vista Social Club\u201d, por Canal 3<\/a><\/p>\n<p><a href=\"http:\/\/www.eloriente.net\/home\/2013\/04\/25\/canal-3-documental-buena-vista-social-club\/\" rel=\"bookmark\"><img decoding=\"async\" title=\"Documental \u201cBuena Vista Social Club\u201d, por Canal 3\" src=\"http:\/\/www.eloriente.net\/home\/wp-content\/themes\/city-desk\/timthumb.php?src=http%3A%2F%2Fwww.eloriente.net%2Fhome%2Fwp-content%2Fuploads%2F2013%2F04%2FCaptura-de-pantalla-2013-04-25-a-las-10.23.07.png&amp;q=90&amp;w=160&amp;h=106&amp;zc=1\" alt=\"Documental \u201cBuena Vista Social Club\u201d, por Canal 3\" \/><\/a>eloriente.net 25 de abril de 2013 En este especial musical, @El_Oriente te presenta el documental de una de las bandas m\u00e1s significativas en la historia de la m\u00fasica cubana: Buena Vista Social Club. Cada uno de sus integrantes, Ry Cooder, Ibrahim Ferrer, Rub\u00e9n Gonz\u00e1lez, Eliades Ochoa, Omara Portuondo, Compay Segundo, Orlando \u201cCacha\u00edto\u201d L\u00f3pez,\u00a0Juan de Marcos [&#8230;]<\/p>\n<p><a title=\"Permalink to \u00c1lvaro Carrillo por canal 3\" href=\"http:\/\/www.eloriente.net\/home\/2013\/01\/03\/alvaro-carrillo-por-canal-3\/\" rel=\"bookmark\">\u00c1lvaro Carrillo por canal 3<\/a><\/p>\n<p><a href=\"http:\/\/www.eloriente.net\/home\/2013\/01\/03\/alvaro-carrillo-por-canal-3\/\" rel=\"bookmark\"><img decoding=\"async\" title=\"\u00c1lvaro Carrillo por canal 3\" src=\"http:\/\/www.eloriente.net\/home\/wp-content\/themes\/city-desk\/timthumb.php?src=http%3A%2F%2Fwww.eloriente.net%2Fhome%2Fwp-content%2Fuploads%2F2013%2F01%2FCaptura-de-pantalla-2013-01-03-a-las-17.30.45.png&amp;q=90&amp;w=160&amp;h=106&amp;zc=1\" alt=\"\u00c1lvaro Carrillo por canal 3\" \/><\/a><\/p>\n<p>eloriente.net 3 de enero de 2013 \u00c1lvaro Carrillo Alarc\u00f3n, originario de Cacahuatepec, Oaxaca, fue un famoso compositor y cantantede m\u00fasica popular. Su talento musical y la sinceridad de sus interpretaciones hicieron que su m\u00fasica llegara a todo el mundo. Sabor a m\u00ed, fue la canci\u00f3n con la que \u00c1lvaro Carrillo obtuvo el triunfo internacional. Esta [&#8230;]<\/p>\n<\/div>\n<\/div>\n\n\t\t\t  <div \n\t\t\t  \tclass = \"fb-comments\" \n\t\t\t  \tdata-href = \"http:\/\/www.eloriente.net\/home\/2013\/06\/21\/21-de-junio-se-celebra-la-fiesta-de-la-musica-2013\/\"\n\t\t\t  \tdata-numposts = \"10\"\n\t\t\t\tdata-colorscheme = \"dark\"\n\t\t\t\tdata-order-by = \"social\"\n\t\t\t\tdata-mobile=true>\n\t\t\t  <\/div>\n\t\t  <style>\n\t\t\t.fb_iframe_widget_fluid_desktop iframe {\n\t\t\t    width: 100% !important;\n\t\t\t}\n\t\t  <\/style>\n\t\t  ","protected":false},"excerpt":{"rendered":"<p>eloriente.net\/ Conaculta 21 de junio de 2013 eloriente.net (Oaxaca, Oax.) 21 de junio de 2013.- Cada 21 de junio, desde 1983 se celebra simult\u00e1neamente en cinco continentes la \u00abFiesta de la M\u00fasica\u00bb, con la participaci\u00f3n de miles de artistas, conciertos gratuitos y abiertos al p\u00fablico, actos online, etc; todas estas actividades dedicadas a popularizar la [&hellip;]<\/p>\n","protected":false},"author":1,"featured_media":13363,"comment_status":"open","ping_status":"open","sticky":false,"template":"","format":"standard","meta":{"_jetpack_memberships_contains_paid_content":false,"footnotes":""},"categories":[18,32,10,24,31],"tags":[],"class_list":["post-13362","post","type-post","status-publish","format-standard","has-post-thumbnail","hentry","category-educacion-y-cultura","category-entradas","category-lo-mas-reciente","category-mexico-y-el-mundo","category-principal"],"jetpack_featured_media_url":"http:\/\/www.eloriente.net\/home\/wp-content\/uploads\/2013\/06\/Algunos-derechos-reservados-por-Vintuitive-musica.jpg","jetpack_sharing_enabled":true,"_links":{"self":[{"href":"http:\/\/www.eloriente.net\/home\/wp-json\/wp\/v2\/posts\/13362"}],"collection":[{"href":"http:\/\/www.eloriente.net\/home\/wp-json\/wp\/v2\/posts"}],"about":[{"href":"http:\/\/www.eloriente.net\/home\/wp-json\/wp\/v2\/types\/post"}],"author":[{"embeddable":true,"href":"http:\/\/www.eloriente.net\/home\/wp-json\/wp\/v2\/users\/1"}],"replies":[{"embeddable":true,"href":"http:\/\/www.eloriente.net\/home\/wp-json\/wp\/v2\/comments?post=13362"}],"version-history":[{"count":8,"href":"http:\/\/www.eloriente.net\/home\/wp-json\/wp\/v2\/posts\/13362\/revisions"}],"predecessor-version":[{"id":13365,"href":"http:\/\/www.eloriente.net\/home\/wp-json\/wp\/v2\/posts\/13362\/revisions\/13365"}],"wp:featuredmedia":[{"embeddable":true,"href":"http:\/\/www.eloriente.net\/home\/wp-json\/wp\/v2\/media\/13363"}],"wp:attachment":[{"href":"http:\/\/www.eloriente.net\/home\/wp-json\/wp\/v2\/media?parent=13362"}],"wp:term":[{"taxonomy":"category","embeddable":true,"href":"http:\/\/www.eloriente.net\/home\/wp-json\/wp\/v2\/categories?post=13362"},{"taxonomy":"post_tag","embeddable":true,"href":"http:\/\/www.eloriente.net\/home\/wp-json\/wp\/v2\/tags?post=13362"}],"curies":[{"name":"wp","href":"https:\/\/api.w.org\/{rel}","templated":true}]}}