{"id":13371,"date":"2013-06-21T10:10:09","date_gmt":"2013-06-21T16:10:09","guid":{"rendered":"http:\/\/www.eloriente.net\/home\/?p=13371"},"modified":"2013-06-21T11:02:11","modified_gmt":"2013-06-21T17:02:11","slug":"apoyo-a-las-mipyme-clave-para-transformacion-productiva-de-america-latina-caf","status":"publish","type":"post","link":"http:\/\/www.eloriente.net\/home\/2013\/06\/21\/apoyo-a-las-mipyme-clave-para-transformacion-productiva-de-america-latina-caf\/","title":{"rendered":"Apoyo a las MIPyME, clave para transformaci\u00f3n productiva de AL: CAF"},"content":{"rendered":"<p>eloriente.net\/ <a href=\"http:\/\/www.caf.com\" target=\"_blank\">CAF<\/a><\/p>\n<p>21 de junio de 2013<\/p>\n<p>eloriente.net (Oaxaca, Oax.) 21 de junio de 2013.- \u00abLas micro, peque\u00f1as y medianas empresas latinoamericanas (MIPyME) son el coraz\u00f3n de la transformaci\u00f3n productiva latinoamericana, pero necesitan superar las barreras que limitan su desarrollo\u00bb, asegur\u00f3 Enrique Garc\u00eda, presidente ejecutivo del Banco de Desarrollo de Am\u00e9rica Latina (CAF) durante el discurso de apertura de la Trade Am\u00e9ricas Expo, evento celebrado en Miami, Estados Unidos.<\/p>\n<p>Durante el evento, Garc\u00eda destac\u00f3 que generan m\u00e1s del 60 % del empleo y cerca del 30 % del Producto Interno Bruto (PIB), pero tienen severos problemas de acceso, por ejemplo, al financiamiento y la tecnolog\u00eda.<\/p>\n<p>Adem\u00e1s expres\u00f3 que en Am\u00e9rica Latina las\u00a0MIPyME constituyen un grupo empresarial muy diverso que va desde emprendimientos personales e informales hasta formas con capacidad de exportaci\u00f3n: act\u00faan en distintos mercados, en todo tipo de actividades econ\u00f3micas, en diversos ambientes, con variadas condiciones competitivas y regulatorias.<\/p>\n<p>El presidente ejecutivo de CAF insisti\u00f3 en la necesidad de apoyar a las\u00a0MIPyME como forma de apuntalar el crecimiento econ\u00f3mico inclusivo. En ese sentido, remarc\u00f3 las fallas en el acceso al capital de riesgo y las barreras generadas por pol\u00edticas p\u00fablicas sub-\u00f3ptimas.<\/p>\n<p>Garc\u00eda asegur\u00f3 que el desaf\u00edo para la regi\u00f3n es dotar a estas empresas de las herramientas que necesitan para crecer.<\/p>\n<p>Cabe mencionar que en M\u00e9xico, de acuerdo a datos del Instituto Nacional de Estad\u00edstica y Geograf\u00eda (INEGI), en 2010, el 95% de las empresas eran PyMES, por lo que este sector tiene gran importancia en la econom\u00eda nacional. Estas empresas son generadoras de empleo de m\u00e1s del\u00a0<strong> <\/strong>70<strong>%<\/strong> de la poblaci\u00f3n y generan ingresos equivalentes al <strong>23% <\/strong>del PIB.<\/p>\n<p><a href=\"http:\/\/www.eloriente.net\/home\/wp-content\/uploads\/2013\/06\/Captura-de-pantalla-2013-06-21-a-las-11.32.56.png\"><img loading=\"lazy\" decoding=\"async\" class=\"aligncenter size-full wp-image-13375\" title=\"Captura de pantalla 2013-06-21 a la(s) 11.32.56\" src=\"http:\/\/www.eloriente.net\/home\/wp-content\/uploads\/2013\/06\/Captura-de-pantalla-2013-06-21-a-las-11.32.56.png\" alt=\"\" width=\"324\" height=\"234\" srcset=\"http:\/\/www.eloriente.net\/home\/wp-content\/uploads\/2013\/06\/Captura-de-pantalla-2013-06-21-a-las-11.32.56.png 324w, http:\/\/www.eloriente.net\/home\/wp-content\/uploads\/2013\/06\/Captura-de-pantalla-2013-06-21-a-las-11.32.56-300x216.png 300w\" sizes=\"(max-width: 324px) 100vw, 324px\" \/><\/a><\/p>\n<p>&nbsp;<\/p>\n<p>&nbsp;<\/p>\n<p>&nbsp;<\/p>\n<p>&nbsp;<\/p>\n\n\t\t\t  <div \n\t\t\t  \tclass = \"fb-comments\" \n\t\t\t  \tdata-href = \"http:\/\/www.eloriente.net\/home\/2013\/06\/21\/apoyo-a-las-mipyme-clave-para-transformacion-productiva-de-america-latina-caf\/\"\n\t\t\t  \tdata-numposts = \"10\"\n\t\t\t\tdata-colorscheme = \"dark\"\n\t\t\t\tdata-order-by = \"social\"\n\t\t\t\tdata-mobile=true>\n\t\t\t  <\/div>\n\t\t  <style>\n\t\t\t.fb_iframe_widget_fluid_desktop iframe {\n\t\t\t    width: 100% !important;\n\t\t\t}\n\t\t  <\/style>\n\t\t  ","protected":false},"excerpt":{"rendered":"<p>eloriente.net\/ CAF 21 de junio de 2013 eloriente.net (Oaxaca, Oax.) 21 de junio de 2013.- \u00abLas micro, peque\u00f1as y medianas empresas latinoamericanas (MIPyME) son el coraz\u00f3n de la transformaci\u00f3n productiva latinoamericana, pero necesitan superar las barreras que limitan su desarrollo\u00bb, asegur\u00f3 Enrique Garc\u00eda, presidente ejecutivo del Banco de Desarrollo de Am\u00e9rica Latina (CAF) durante el [&hellip;]<\/p>\n","protected":false},"author":1,"featured_media":13375,"comment_status":"open","ping_status":"open","sticky":false,"template":"","format":"standard","meta":{"_jetpack_memberships_contains_paid_content":false,"footnotes":""},"categories":[32,10,24,19],"tags":[],"class_list":["post-13371","post","type-post","status-publish","format-standard","has-post-thumbnail","hentry","category-entradas","category-lo-mas-reciente","category-mexico-y-el-mundo","category-turismo-y-negocios"],"jetpack_featured_media_url":"http:\/\/www.eloriente.net\/home\/wp-content\/uploads\/2013\/06\/Captura-de-pantalla-2013-06-21-a-las-11.32.56.png","jetpack_sharing_enabled":true,"_links":{"self":[{"href":"http:\/\/www.eloriente.net\/home\/wp-json\/wp\/v2\/posts\/13371"}],"collection":[{"href":"http:\/\/www.eloriente.net\/home\/wp-json\/wp\/v2\/posts"}],"about":[{"href":"http:\/\/www.eloriente.net\/home\/wp-json\/wp\/v2\/types\/post"}],"author":[{"embeddable":true,"href":"http:\/\/www.eloriente.net\/home\/wp-json\/wp\/v2\/users\/1"}],"replies":[{"embeddable":true,"href":"http:\/\/www.eloriente.net\/home\/wp-json\/wp\/v2\/comments?post=13371"}],"version-history":[{"count":8,"href":"http:\/\/www.eloriente.net\/home\/wp-json\/wp\/v2\/posts\/13371\/revisions"}],"predecessor-version":[{"id":13374,"href":"http:\/\/www.eloriente.net\/home\/wp-json\/wp\/v2\/posts\/13371\/revisions\/13374"}],"wp:featuredmedia":[{"embeddable":true,"href":"http:\/\/www.eloriente.net\/home\/wp-json\/wp\/v2\/media\/13375"}],"wp:attachment":[{"href":"http:\/\/www.eloriente.net\/home\/wp-json\/wp\/v2\/media?parent=13371"}],"wp:term":[{"taxonomy":"category","embeddable":true,"href":"http:\/\/www.eloriente.net\/home\/wp-json\/wp\/v2\/categories?post=13371"},{"taxonomy":"post_tag","embeddable":true,"href":"http:\/\/www.eloriente.net\/home\/wp-json\/wp\/v2\/tags?post=13371"}],"curies":[{"name":"wp","href":"https:\/\/api.w.org\/{rel}","templated":true}]}}