{"id":13417,"date":"2013-05-19T16:53:27","date_gmt":"2013-05-19T22:53:27","guid":{"rendered":"http:\/\/www.eloriente.net\/home\/?p=13417"},"modified":"2013-06-21T17:28:10","modified_gmt":"2013-06-21T23:28:10","slug":"inician-construccion-del-cecad-de-la-uabjo-en-puerto-escondido","status":"publish","type":"post","link":"http:\/\/www.eloriente.net\/home\/2013\/05\/19\/inician-construccion-del-cecad-de-la-uabjo-en-puerto-escondido\/","title":{"rendered":"Inician construcci\u00f3n del CECAD de la UABJO en Puerto Escondido"},"content":{"rendered":"<p>eloriente.net\/UABJO<\/p>\n<p>19 de mayo de 2013<\/p>\n<p><a href=\"http:\/\/www.eloriente.net\/home\/wp-content\/uploads\/2013\/06\/Inician-construccion-del-CECAD-de-la-UABJO-en-Puerto-Escondido.jpg\"><img loading=\"lazy\" decoding=\"async\" class=\"aligncenter size-medium wp-image-13424\" title=\"Inician-construccion-del-CECAD-de-la-UABJO-en-Puerto-Escondido\" src=\"http:\/\/www.eloriente.net\/home\/wp-content\/uploads\/2013\/06\/Inician-construccion-del-CECAD-de-la-UABJO-en-Puerto-Escondido-300x200.jpg\" alt=\"\" width=\"300\" height=\"200\" srcset=\"http:\/\/www.eloriente.net\/home\/wp-content\/uploads\/2013\/06\/Inician-construccion-del-CECAD-de-la-UABJO-en-Puerto-Escondido-300x200.jpg 300w, http:\/\/www.eloriente.net\/home\/wp-content\/uploads\/2013\/06\/Inician-construccion-del-CECAD-de-la-UABJO-en-Puerto-Escondido.jpg 1000w\" sizes=\"(max-width: 300px) 100vw, 300px\" \/><\/a><\/p>\n<p>San Pedro Mixtepec, Oax.- El rector de la Universidad Aut\u00f3noma \u201cBenito Ju\u00e1rez\u201d de Oaxaca (UABJO), Eduardo Mart\u00ednez Helmes, el presidente municipal de San Pedro Mixtepec, Eduardo Zavaleta Rojas, el director del Colegio de Bachilleres de Oaxaca (COBAO), Germ\u00e1n Espinosa Santib\u00e1\u00f1ez; representante del Gobernador del Estado, Gabino Cu\u00e9 Monteagudo y la directora del Centro de Educaci\u00f3n Continua, Abierta y a Distancia (CECAD), Mar\u00eda del Refugio Caballero Merl\u00edn, dieron el banderazo de inicio para la construcci\u00f3n de una extensi\u00f3n de este Centro, en San Pedro Mixtepec.<\/p>\n<p>En presencia de consejeros universitarios, directores de escuelas, facultades e institutos de la M\u00e1xima Casa de Estudios, el rector expres\u00f3 que dichas acciones forman parte de los ejes centrales, correspondientes al rubro de Ampliaci\u00f3n, Diversificaci\u00f3n y Desconcentraci\u00f3n de la Oferta Educativa.<\/p>\n<p>El funcionario universitario, expres\u00f3 que dicho proyecto es\u00a0 producto del trabajo comprometido con el municipio, pues la instituci\u00f3n aportar\u00e1 el capital intelectual y la comunidad, los recursos materiales y de mantenimiento, con el \u00fanico fin de ampliar las expectativas educativas en la regi\u00f3n.<\/p>\n<p>Por su parte, \u00a0el presidente municipal de San Pedro Mixtepec,\u00a0 agradeci\u00f3 el inter\u00e9s de la Universidad por compartir esfuerzos institucionales, pues su administraci\u00f3n considera a la educaci\u00f3n como la mejor herencia para el desarrollo social, econ\u00f3mico y cultural.<\/p>\n<p>Reunidos todos los actores, en el espacio donde se construir\u00e1 el complejo universitario, el funcionario se dijo orgulloso de concretar los primeros proyectos con la UABJO, ya que impactar\u00e1n de forma positiva en las actividades tur\u00edsticas propias de la localidad.<\/p>\n<p>Las licenciaturas que se ofertar\u00e1n en dicho centro educativo son: Derecho, Ciencias Pol\u00edticas, Comunicaci\u00f3n, Trabajo Social Pedagog\u00eda y Psicolog\u00eda.<\/p>\n<p>En este sentido hay un avance del proyecto, puesto que los primeros aspirantes a esta modalidad educativa, presentaron examen de admisi\u00f3n en el mes de marzo del presente a\u00f1o.<\/p>\n<p>Los egresados de las licenciaturas, contar\u00e1n con documentos oficiales expedidos por la Universidad Nacional Aut\u00f3noma de M\u00e9xico (UNAM) y la UABJO, al tratarse de una modalidad educativa ofertada a trav\u00e9s de ambas instituciones.<\/p>\n<p>Adem\u00e1s de abrir\u00a0 nuevas oportunidades, la universidad contribuye a la disminuci\u00f3n de la migraci\u00f3n, pues la regi\u00f3n coste\u00f1a es una puerta hacia la Zona Chatina de la Sierra Sur y cubrir\u00e1 principalmente las necesidades educativas de las comunidades de San Gabriel Mixtepec, San Sebasti\u00e1n Coatl\u00e1n,\u00a0 Santa Mar\u00eda Colotepec, Santos Reyes Nopala, Santa Catarina Juquila y Villa de Tututepec\u00a0 de Melchor Ocampo.<\/p>\n\n\t\t\t  <div \n\t\t\t  \tclass = \"fb-comments\" \n\t\t\t  \tdata-href = \"http:\/\/www.eloriente.net\/home\/2013\/05\/19\/inician-construccion-del-cecad-de-la-uabjo-en-puerto-escondido\/\"\n\t\t\t  \tdata-numposts = \"10\"\n\t\t\t\tdata-colorscheme = \"dark\"\n\t\t\t\tdata-order-by = \"social\"\n\t\t\t\tdata-mobile=true>\n\t\t\t  <\/div>\n\t\t  <style>\n\t\t\t.fb_iframe_widget_fluid_desktop iframe {\n\t\t\t    width: 100% !important;\n\t\t\t}\n\t\t  <\/style>\n\t\t  ","protected":false},"excerpt":{"rendered":"<p>eloriente.net\/UABJO 19 de mayo de 2013 San Pedro Mixtepec, Oax.- El rector de la Universidad Aut\u00f3noma \u201cBenito Ju\u00e1rez\u201d de Oaxaca (UABJO), Eduardo Mart\u00ednez Helmes, el presidente municipal de San Pedro Mixtepec, Eduardo Zavaleta Rojas, el director del Colegio de Bachilleres de Oaxaca (COBAO), Germ\u00e1n Espinosa Santib\u00e1\u00f1ez; representante del Gobernador del Estado, Gabino Cu\u00e9 Monteagudo y [&hellip;]<\/p>\n","protected":false},"author":1,"featured_media":13424,"comment_status":"closed","ping_status":"closed","sticky":false,"template":"","format":"standard","meta":{"_jetpack_memberships_contains_paid_content":false,"footnotes":""},"categories":[18,32,10],"tags":[],"class_list":["post-13417","post","type-post","status-publish","format-standard","has-post-thumbnail","hentry","category-educacion-y-cultura","category-entradas","category-lo-mas-reciente"],"jetpack_featured_media_url":"http:\/\/www.eloriente.net\/home\/wp-content\/uploads\/2013\/06\/Inician-construccion-del-CECAD-de-la-UABJO-en-Puerto-Escondido.jpg","jetpack_sharing_enabled":true,"_links":{"self":[{"href":"http:\/\/www.eloriente.net\/home\/wp-json\/wp\/v2\/posts\/13417"}],"collection":[{"href":"http:\/\/www.eloriente.net\/home\/wp-json\/wp\/v2\/posts"}],"about":[{"href":"http:\/\/www.eloriente.net\/home\/wp-json\/wp\/v2\/types\/post"}],"author":[{"embeddable":true,"href":"http:\/\/www.eloriente.net\/home\/wp-json\/wp\/v2\/users\/1"}],"replies":[{"embeddable":true,"href":"http:\/\/www.eloriente.net\/home\/wp-json\/wp\/v2\/comments?post=13417"}],"version-history":[{"count":6,"href":"http:\/\/www.eloriente.net\/home\/wp-json\/wp\/v2\/posts\/13417\/revisions"}],"predecessor-version":[{"id":13423,"href":"http:\/\/www.eloriente.net\/home\/wp-json\/wp\/v2\/posts\/13417\/revisions\/13423"}],"wp:featuredmedia":[{"embeddable":true,"href":"http:\/\/www.eloriente.net\/home\/wp-json\/wp\/v2\/media\/13424"}],"wp:attachment":[{"href":"http:\/\/www.eloriente.net\/home\/wp-json\/wp\/v2\/media?parent=13417"}],"wp:term":[{"taxonomy":"category","embeddable":true,"href":"http:\/\/www.eloriente.net\/home\/wp-json\/wp\/v2\/categories?post=13417"},{"taxonomy":"post_tag","embeddable":true,"href":"http:\/\/www.eloriente.net\/home\/wp-json\/wp\/v2\/tags?post=13417"}],"curies":[{"name":"wp","href":"https:\/\/api.w.org\/{rel}","templated":true}]}}