{"id":13418,"date":"2013-06-21T17:29:15","date_gmt":"2013-06-21T23:29:15","guid":{"rendered":"http:\/\/www.eloriente.net\/home\/?p=13418"},"modified":"2013-06-21T17:29:15","modified_gmt":"2013-06-21T23:29:15","slug":"reserva-mexicana-es-nuevo-patrimonio-mundial","status":"publish","type":"post","link":"http:\/\/www.eloriente.net\/home\/2013\/06\/21\/reserva-mexicana-es-nuevo-patrimonio-mundial\/","title":{"rendered":"Reserva mexicana es nuevo Patrimonio Mundial"},"content":{"rendered":"<p>eloriente.net<\/p>\n<p>21 de junio de 2013<\/p>\n<p>A partir de hoy, la Reserva de la Bi\u00f3sfera El Pinacate y Gran Desierto de Altar, en Sonora, ha sido inscrita en la Lista del Patrimonio Mundial del comit\u00e9 correspondiente la UNESCO, que se celebra su XXXVII Reuni\u00f3n en Camboya.<\/p>\n<p>Excelente noticia el registro, mismo que se suma a otros cuatro sitios naturales mexicanos que tambi\u00e9n lo poseen:\u00a0Reserva de la Biosfera Sian Ka\u2019an (1987); Santuario de Ballenas El Vizca\u00edno (1993); Islas y \u00c1reas Protegidas del Golfo de California (2005); y Reserva de la Biosfera Mariposa Monarca (2008).<\/p>\n<p>Lo importante, claro est\u00e1, no es el registro sino lo que significa en t\u00e9rmino de la responsabilidad del estado y la entidad que, a partir del mismo, deber\u00e1n establecer una serie de medidas para su preservaci\u00f3n y cuidado.<\/p>\n<p>En este punto es donde deseamos hacer \u00e9nfasis: la importancia de la inscripci\u00f3n en la Lista del Patrimonio Mundial no es en s\u00ed misma una raz\u00f3n sobre la cual deban conocerse esgrimirse mayores argumentaciones p\u00fablicas. No es un fin en s\u00ed mismo. M\u00e1s bien, es un instrumento para estados, pobladores, gestores o activistas, para ser utilizado en una amplia gama de proyectos y oportunidades.<\/p>\n<p>El solo registro implica, entre otras cosas, campos ampl\u00edsimos para la difusi\u00f3n del patrimonio cultural y natural, promoci\u00f3n, herramientas para la vinculaci\u00f3n del sitio y de las ciudades circunvecinas con el turismo, la academia y los fondos de conservaci\u00f3n que para el efecto establecen numerosas instancias.<\/p>\n<p>Sin embargo, sucede en ciertos casos que estos registros o instrumentos est\u00e1n sub utilizados o desaprovechados por estados y pobladores. Por un lado, no se le esgrime como elemento de valor entre los pobladores, quienes inclusive desconocen la trascendencia, historia o elementos que hacen \u00fanico tal o cual sitio registrado y que tienen a la vuelta de la esquina; por otro lado, no se le esgrime tampoco como instrumento de orden territorial y raz\u00f3n suficiente para dictar una serie de medidas para su conservaci\u00f3n, protecci\u00f3n, preservaci\u00f3n o difusi\u00f3n.<\/p>\n<p><strong>En pocas palabras, el registro queda como un slogan \u00fanicamente pues en los hechos no logra transmitir ninguna utilidad.<\/strong><\/p>\n<p><strong>Un buen ejemplo lo es el reconocimiento que en 2010 efectu\u00f3 la UNESCO de las Cuevas Prehist\u00f3ricas de Yagul y Mitla como Sitios Culturales en la Lista del Patrimonio Mundial. Es buen ejemplo porque basta con efectuar una visita a esta zona para verificar que pocos han sido los trabajos efectuados en la zona para garantizar su adecuado manejo y pocos tambi\u00e9n los beneficios de tal registro en ramos como el cultural o el tur\u00edstico.<\/strong><\/p>\n<p><strong>De hecho, es alarmante comprobar que a partir de aquel a\u00f1o se intensific\u00f3 la lotificaci\u00f3n y avance de asentamientos en los alrededores, cosa que es delicada y digna de atenci\u00f3n inmediata.<\/strong><\/p>\n<p><strong>El Instituto Nacional de Antropolog\u00eda e Historia y otras autoridades ser\u00e1n seguramente llamadas a cuentas a la brevedad, para que informen del estado de cosas en relaci\u00f3n a este registro y al patrimonio que amparan.<\/strong><\/p>\n<p>As\u00ed que el registro concedido por el Comit\u00e9 del Patrimonio Mundial a este sitio sonorense debe ser raz\u00f3n para reflexionar en torno al tema de la instrumentaci\u00f3n de los registros en Oaxaca y en el pa\u00eds, as\u00ed como las medidas que estamos tomando para su garant\u00eda.<\/p>\n<p>Para ver m\u00e1s de Yagul y Mitla, da click <a href=\"http:\/\/3sector.wordpress.com\/2011\/11\/09\/vista-atras-yagul-y-mitla-sitios-culturales\/\" target=\"_blank\">AQU\u00cd<\/a><\/p>\n<p><a href=\"http:\/\/www.eloriente.net\/home\/wp-content\/uploads\/2013\/06\/whc2013_mexico_pinacate_07.jpg\"><img loading=\"lazy\" decoding=\"async\" class=\"aligncenter size-medium wp-image-13439\" title=\"whc2013_mexico_pinacate_07\" src=\"http:\/\/www.eloriente.net\/home\/wp-content\/uploads\/2013\/06\/whc2013_mexico_pinacate_07-300x225.jpg\" alt=\"\" width=\"300\" height=\"225\" srcset=\"http:\/\/www.eloriente.net\/home\/wp-content\/uploads\/2013\/06\/whc2013_mexico_pinacate_07-300x225.jpg 300w, http:\/\/www.eloriente.net\/home\/wp-content\/uploads\/2013\/06\/whc2013_mexico_pinacate_07.jpg 800w\" sizes=\"(max-width: 300px) 100vw, 300px\" \/><\/a><\/p>\n<p>FOTO: UNESCO<\/p>\n\n\t\t\t  <div \n\t\t\t  \tclass = \"fb-comments\" \n\t\t\t  \tdata-href = \"http:\/\/www.eloriente.net\/home\/2013\/06\/21\/reserva-mexicana-es-nuevo-patrimonio-mundial\/\"\n\t\t\t  \tdata-numposts = \"10\"\n\t\t\t\tdata-colorscheme = \"dark\"\n\t\t\t\tdata-order-by = \"social\"\n\t\t\t\tdata-mobile=true>\n\t\t\t  <\/div>\n\t\t  <style>\n\t\t\t.fb_iframe_widget_fluid_desktop iframe {\n\t\t\t    width: 100% !important;\n\t\t\t}\n\t\t  <\/style>\n\t\t  ","protected":false},"excerpt":{"rendered":"<p>eloriente.net 21 de junio de 2013 A partir de hoy, la Reserva de la Bi\u00f3sfera El Pinacate y Gran Desierto de Altar, en Sonora, ha sido inscrita en la Lista del Patrimonio Mundial del comit\u00e9 correspondiente la UNESCO, que se celebra su XXXVII Reuni\u00f3n en Camboya. Excelente noticia el registro, mismo que se suma a [&hellip;]<\/p>\n","protected":false},"author":1,"featured_media":13439,"comment_status":"open","ping_status":"open","sticky":false,"template":"","format":"standard","meta":{"_jetpack_memberships_contains_paid_content":false,"footnotes":""},"categories":[9,18,32,24],"tags":[],"class_list":["post-13418","post","type-post","status-publish","format-standard","has-post-thumbnail","hentry","category-editorial","category-educacion-y-cultura","category-entradas","category-mexico-y-el-mundo"],"jetpack_featured_media_url":"http:\/\/www.eloriente.net\/home\/wp-content\/uploads\/2013\/06\/whc2013_mexico_pinacate_07.jpg","jetpack_sharing_enabled":true,"_links":{"self":[{"href":"http:\/\/www.eloriente.net\/home\/wp-json\/wp\/v2\/posts\/13418"}],"collection":[{"href":"http:\/\/www.eloriente.net\/home\/wp-json\/wp\/v2\/posts"}],"about":[{"href":"http:\/\/www.eloriente.net\/home\/wp-json\/wp\/v2\/types\/post"}],"author":[{"embeddable":true,"href":"http:\/\/www.eloriente.net\/home\/wp-json\/wp\/v2\/users\/1"}],"replies":[{"embeddable":true,"href":"http:\/\/www.eloriente.net\/home\/wp-json\/wp\/v2\/comments?post=13418"}],"version-history":[{"count":2,"href":"http:\/\/www.eloriente.net\/home\/wp-json\/wp\/v2\/posts\/13418\/revisions"}],"predecessor-version":[{"id":13441,"href":"http:\/\/www.eloriente.net\/home\/wp-json\/wp\/v2\/posts\/13418\/revisions\/13441"}],"wp:featuredmedia":[{"embeddable":true,"href":"http:\/\/www.eloriente.net\/home\/wp-json\/wp\/v2\/media\/13439"}],"wp:attachment":[{"href":"http:\/\/www.eloriente.net\/home\/wp-json\/wp\/v2\/media?parent=13418"}],"wp:term":[{"taxonomy":"category","embeddable":true,"href":"http:\/\/www.eloriente.net\/home\/wp-json\/wp\/v2\/categories?post=13418"},{"taxonomy":"post_tag","embeddable":true,"href":"http:\/\/www.eloriente.net\/home\/wp-json\/wp\/v2\/tags?post=13418"}],"curies":[{"name":"wp","href":"https:\/\/api.w.org\/{rel}","templated":true}]}}