{"id":13518,"date":"2013-06-24T10:37:21","date_gmt":"2013-06-24T16:37:21","guid":{"rendered":"http:\/\/www.eloriente.net\/home\/?p=13518"},"modified":"2013-06-26T20:27:28","modified_gmt":"2013-06-27T02:27:28","slug":"24jun13-1300-hrs-trasmision-en-vivo-desde-el-ife","status":"publish","type":"post","link":"http:\/\/www.eloriente.net\/home\/2013\/06\/24\/24jun13-1300-hrs-trasmision-en-vivo-desde-el-ife\/","title":{"rendered":"24\/jun\/13 13:00 hrs: Trasmisi\u00f3n EN VIVO desde el IFE"},"content":{"rendered":"<p>eloriente.net<\/p>\n<p>24 de junio de 2013<\/p>\n<p>El_Oriente te comparte la se\u00f1al de la transmisi\u00f3n en vivo del Instituto Federal Electoral, el cual llevar\u00e1 a cabo este lunes a las 13:00 hrs., la firma de Convenio de Apoyo y Colaboraci\u00f3n que celebra con el Instituto Mexicano de la Juventud.<\/p>\n<p><iframe loading=\"lazy\" src=\"http:\/\/www.youtube.com\/embed\/e-Ix_tgIAtk\" frameborder=\"0\" width=\"560\" height=\"315\"><\/iframe><br \/>\n&nbsp;<\/p>\n\n\t\t\t  <div \n\t\t\t  \tclass = \"fb-comments\" \n\t\t\t  \tdata-href = \"http:\/\/www.eloriente.net\/home\/2013\/06\/24\/24jun13-1300-hrs-trasmision-en-vivo-desde-el-ife\/\"\n\t\t\t  \tdata-numposts = \"10\"\n\t\t\t\tdata-colorscheme = \"dark\"\n\t\t\t\tdata-order-by = \"social\"\n\t\t\t\tdata-mobile=true>\n\t\t\t  <\/div>\n\t\t  <style>\n\t\t\t.fb_iframe_widget_fluid_desktop iframe {\n\t\t\t    width: 100% !important;\n\t\t\t}\n\t\t  <\/style>\n\t\t  ","protected":false},"excerpt":{"rendered":"<p>eloriente.net 24 de junio de 2013 El_Oriente te comparte la se\u00f1al de la transmisi\u00f3n en vivo del Instituto Federal Electoral, el cual llevar\u00e1 a cabo este lunes a las 13:00 hrs., la firma de Convenio de Apoyo y Colaboraci\u00f3n que celebra con el Instituto Mexicano de la Juventud. &nbsp;<\/p>\n","protected":false},"author":1,"featured_media":5866,"comment_status":"open","ping_status":"open","sticky":false,"template":"","format":"standard","meta":{"_jetpack_memberships_contains_paid_content":false,"footnotes":""},"categories":[4,32,24,21],"tags":[],"class_list":["post-13518","post","type-post","status-publish","format-standard","has-post-thumbnail","hentry","category-canal-2-en-vivo","category-entradas","category-mexico-y-el-mundo","category-politica-y-gobierno"],"jetpack_featured_media_url":"http:\/\/www.eloriente.net\/home\/wp-content\/uploads\/2012\/12\/@ife.jpg","jetpack_sharing_enabled":true,"_links":{"self":[{"href":"http:\/\/www.eloriente.net\/home\/wp-json\/wp\/v2\/posts\/13518"}],"collection":[{"href":"http:\/\/www.eloriente.net\/home\/wp-json\/wp\/v2\/posts"}],"about":[{"href":"http:\/\/www.eloriente.net\/home\/wp-json\/wp\/v2\/types\/post"}],"author":[{"embeddable":true,"href":"http:\/\/www.eloriente.net\/home\/wp-json\/wp\/v2\/users\/1"}],"replies":[{"embeddable":true,"href":"http:\/\/www.eloriente.net\/home\/wp-json\/wp\/v2\/comments?post=13518"}],"version-history":[{"count":5,"href":"http:\/\/www.eloriente.net\/home\/wp-json\/wp\/v2\/posts\/13518\/revisions"}],"predecessor-version":[{"id":13520,"href":"http:\/\/www.eloriente.net\/home\/wp-json\/wp\/v2\/posts\/13518\/revisions\/13520"}],"wp:featuredmedia":[{"embeddable":true,"href":"http:\/\/www.eloriente.net\/home\/wp-json\/wp\/v2\/media\/5866"}],"wp:attachment":[{"href":"http:\/\/www.eloriente.net\/home\/wp-json\/wp\/v2\/media?parent=13518"}],"wp:term":[{"taxonomy":"category","embeddable":true,"href":"http:\/\/www.eloriente.net\/home\/wp-json\/wp\/v2\/categories?post=13518"},{"taxonomy":"post_tag","embeddable":true,"href":"http:\/\/www.eloriente.net\/home\/wp-json\/wp\/v2\/tags?post=13518"}],"curies":[{"name":"wp","href":"https:\/\/api.w.org\/{rel}","templated":true}]}}