{"id":13587,"date":"2013-06-25T08:40:14","date_gmt":"2013-06-25T14:40:14","guid":{"rendered":"http:\/\/www.eloriente.net\/home\/?p=13587"},"modified":"2013-06-25T08:40:57","modified_gmt":"2013-06-25T14:40:57","slug":"mexico-tercer-pais-de-la-ocde-con-mas-ninis","status":"publish","type":"post","link":"http:\/\/www.eloriente.net\/home\/2013\/06\/25\/mexico-tercer-pais-de-la-ocde-con-mas-ninis\/","title":{"rendered":"M\u00e9xico, tercer pa\u00eds de la OCDE con m\u00e1s \u201cninis\u201d"},"content":{"rendered":"<p>eloriente.net\/ <a href=\"http:\/\/www.oecd.org\" target=\"_blank\">OCDE<\/a><\/p>\n<p>25 de junio de 2013<\/p>\n<p>eloriente.net (Oaxaca, Oax.) 25 de junio de 2013.-\u00a0M\u00e9xico, es el pa\u00eds con el tercer porcentaje m\u00e1s alto de j\u00f3venes que ni estudian ni trabajan, llamados \u00abninis\u00bb, entre los 34 pa\u00edses miembros de la Organizaci\u00f3n\u00a0para la Cooperaci\u00f3n y Desarrollo Econ\u00f3micos (OCDE), de acuerdo con el informe publicado este d\u00eda por la organizaci\u00f3n, titulado \u00abPanorama de la Educaci\u00f3n 2013\u00bb.<\/p>\n<p>El Informe revela que M\u00e9xico solo es superado por Turqu\u00eda\u00a0(34.6%)\u00a0e Israel\u00a0(27.6%)\u00a0, pa\u00edses que ocupan el primer y segundo lugar con m\u00e1s \u00abninis\u00bb. La OCDE se\u00f1ala que\u00a0\u00a0el 24.7% de los j\u00f3venes de 15 a 29 a\u00f1os en 2011 en nuestro pa\u00eds\u00a0no estaban ni empleados ni en educaci\u00f3n o formaci\u00f3n, situaci\u00f3n que\u00a0se ha mantenido relativamente estable durante m\u00e1s de una d\u00e9cada (24.6% en 2000, 24.9% en 2005 y 24.7% en 2011); lo que \u00abindica que existe una falla estructural a la ra\u00edz del problema\u00bb, asegura el organismo.<\/p>\n<p style=\"text-align: center;\"><a href=\"http:\/\/www.eloriente.net\/home\/wp-content\/uploads\/2013\/06\/Tabla-ninis-en-Mexico-OCDE.png\"><img loading=\"lazy\" decoding=\"async\" class=\"aligncenter  wp-image-13590\" title=\"Tabla ninis en Mexico-OCDE\" src=\"http:\/\/www.eloriente.net\/home\/wp-content\/uploads\/2013\/06\/Tabla-ninis-en-Mexico-OCDE-1024x421.png\" alt=\"\" width=\"614\" height=\"253\" srcset=\"http:\/\/www.eloriente.net\/home\/wp-content\/uploads\/2013\/06\/Tabla-ninis-en-Mexico-OCDE-1024x421.png 1024w, http:\/\/www.eloriente.net\/home\/wp-content\/uploads\/2013\/06\/Tabla-ninis-en-Mexico-OCDE-300x123.png 300w, http:\/\/www.eloriente.net\/home\/wp-content\/uploads\/2013\/06\/Tabla-ninis-en-Mexico-OCDE.png 1254w\" sizes=\"(max-width: 614px) 100vw, 614px\" \/><\/a><\/p>\n<p>Se\u00f1ala adem\u00e1s que dentro de esta poblaci\u00f3n de j\u00f3venes, el porcentaje de personas \u00abnini\u00bb \u00a0aumenta con la edad: el 18.9% de los j\u00f3venes de 15 a 19 a\u00f1os; el 27.2% de los de 20 a 24, y el 29.5% de los de 25 a 29 a\u00f1os son ninis.<\/p>\n<p>Sin embargo, el porcentaje de \u00abnini\u00bb entre los 15 y 29 a\u00f1os de edad disminuye con el nivel de educaci\u00f3n: 27.6% de adultos j\u00f3venes con educaci\u00f3n inferior a la educaci\u00f3n media superior, 18.9% de adultos j\u00f3venes con educaci\u00f3n media superior, y 16.8% de adultos j\u00f3venes con educaci\u00f3n superior, se encuentran en esta situaci\u00f3n en M\u00e9xico.<\/p>\n<p>En cuesti\u00f3n de g\u00e9nero, se revela que\u00a0<strong>el porcentaje de mujeres \u00abninis\u00bb en 2011 (37.8%) es m\u00e1s de tres veces mayor que el porcentaje respectivo de hombres<\/strong> (11%); y los porcentajes aumentan conforme la poblaci\u00f3n envejece.<\/p>\n<p>Siguiendo las tendencias actuales, el reporte estima que\u00a0las mujeres de 15 a 29 a\u00f1os de edad, corren el riesgo de pasar m\u00e1s tiempo ni empleadas ni en educaci\u00f3n o formaci\u00f3n (5.7 a\u00f1os) que en la educaci\u00f3n. En contraste, las mismas estimaciones muestran que los mexicanos hombres en ese mismo rango de edad pueden pasar 1.7 a\u00f1os en esa misma situaci\u00f3n.<\/p>\n<p>Estudios basados en la Encuesta Nacional de la Juventud (2010) se\u00f1alan que la mayor\u00eda de las mujeres j\u00f3venes que se encuentran ni empleadas ni en educaci\u00f3n o formaci\u00f3n son amas de casa; eso indica que la disparidad entre hombres y mujeres puede relacionarse en gran parte con aspectos culturales, como los embarazos y los matrimonios a temprana edad. Sin embargo, el no trabajar ni estudiar tiene repercusiones desfavorables en la capacidad para obtener empleo m\u00e1s adelante, en la autosuficiencia y en la igualdad entre ambos sexos, puntualiza la OCDE.<\/p>\n<p>\u00abPanorama de la Educaci\u00f3n 2013\u00bb,\u00a0proporciona estad\u00edsticas nacionales comparables que miden el estado de la educaci\u00f3n en todo el mundo. El informe analiza los sistemas educativos de los 34 pa\u00edses miembros de la OCDE, as\u00ed como Argentina, Brasil, China, India, Indonesia, Rusia, Arabia Saudita y Sud\u00e1frica<\/p>\n<p>Consulta el reporte completo <a href=\"http:\/\/www.oecd.org\/edu\/eag2013%20(eng)--FINAL%2020%20June%202013.pdf\" target=\"_blank\">AQU\u00cd<\/a> (en ingl\u00e9s)<\/p>\n<p>Consulta cifras y gr\u00e1fica sobre M\u00e9xico <a href=\"http:\/\/www.oecd.org\/edu\/Mexico_EAG2013%20Country%20note%20(ESP).pdf\" target=\"_blank\">AQU\u00cd<\/a> (en espa\u00f1ol)<\/p>\n<p>&nbsp;<\/p>\n<p><a href=\"http:\/\/www.eloriente.net\/home\/wp-content\/uploads\/2013\/06\/Algunos-derechos-reservados-por-sarihuella-jovencitas.jpg\"><img loading=\"lazy\" decoding=\"async\" class=\"aligncenter size-medium wp-image-13592\" title=\"Algunos derechos reservados por sarihuella-jovencitas\" src=\"http:\/\/www.eloriente.net\/home\/wp-content\/uploads\/2013\/06\/Algunos-derechos-reservados-por-sarihuella-jovencitas-300x199.jpg\" alt=\"\" width=\"300\" height=\"199\" srcset=\"http:\/\/www.eloriente.net\/home\/wp-content\/uploads\/2013\/06\/Algunos-derechos-reservados-por-sarihuella-jovencitas-300x199.jpg 300w, http:\/\/www.eloriente.net\/home\/wp-content\/uploads\/2013\/06\/Algunos-derechos-reservados-por-sarihuella-jovencitas.jpg 1024w\" sizes=\"(max-width: 300px) 100vw, 300px\" \/><\/a>Foto:\u00a0<a href=\"http:\/\/www.flickr.com\/photos\/sarihuella\/\">sarihuella<\/a>,\u00a0<a title=\"Attribution License\" href=\"http:\/\/creativecommons.org\/licenses\/by\/2.0\/\">Algunos derechos reservados<\/a><\/p>\n\n\t\t\t  <div \n\t\t\t  \tclass = \"fb-comments\" \n\t\t\t  \tdata-href = \"http:\/\/www.eloriente.net\/home\/2013\/06\/25\/mexico-tercer-pais-de-la-ocde-con-mas-ninis\/\"\n\t\t\t  \tdata-numposts = \"10\"\n\t\t\t\tdata-colorscheme = \"dark\"\n\t\t\t\tdata-order-by = \"social\"\n\t\t\t\tdata-mobile=true>\n\t\t\t  <\/div>\n\t\t  <style>\n\t\t\t.fb_iframe_widget_fluid_desktop iframe {\n\t\t\t    width: 100% !important;\n\t\t\t}\n\t\t  <\/style>\n\t\t  ","protected":false},"excerpt":{"rendered":"<p>eloriente.net\/ OCDE 25 de junio de 2013 eloriente.net (Oaxaca, Oax.) 25 de junio de 2013.-\u00a0M\u00e9xico, es el pa\u00eds con el tercer porcentaje m\u00e1s alto de j\u00f3venes que ni estudian ni trabajan, llamados \u00abninis\u00bb, entre los 34 pa\u00edses miembros de la Organizaci\u00f3n\u00a0para la Cooperaci\u00f3n y Desarrollo Econ\u00f3micos (OCDE), de acuerdo con el informe publicado este d\u00eda [&hellip;]<\/p>\n","protected":false},"author":1,"featured_media":13592,"comment_status":"open","ping_status":"open","sticky":false,"template":"","format":"standard","meta":{"_jetpack_memberships_contains_paid_content":false,"footnotes":""},"categories":[18,32,10,24,31],"tags":[],"class_list":["post-13587","post","type-post","status-publish","format-standard","has-post-thumbnail","hentry","category-educacion-y-cultura","category-entradas","category-lo-mas-reciente","category-mexico-y-el-mundo","category-principal"],"jetpack_featured_media_url":"http:\/\/www.eloriente.net\/home\/wp-content\/uploads\/2013\/06\/Algunos-derechos-reservados-por-sarihuella-jovencitas.jpg","jetpack_sharing_enabled":true,"_links":{"self":[{"href":"http:\/\/www.eloriente.net\/home\/wp-json\/wp\/v2\/posts\/13587"}],"collection":[{"href":"http:\/\/www.eloriente.net\/home\/wp-json\/wp\/v2\/posts"}],"about":[{"href":"http:\/\/www.eloriente.net\/home\/wp-json\/wp\/v2\/types\/post"}],"author":[{"embeddable":true,"href":"http:\/\/www.eloriente.net\/home\/wp-json\/wp\/v2\/users\/1"}],"replies":[{"embeddable":true,"href":"http:\/\/www.eloriente.net\/home\/wp-json\/wp\/v2\/comments?post=13587"}],"version-history":[{"count":4,"href":"http:\/\/www.eloriente.net\/home\/wp-json\/wp\/v2\/posts\/13587\/revisions"}],"predecessor-version":[{"id":13594,"href":"http:\/\/www.eloriente.net\/home\/wp-json\/wp\/v2\/posts\/13587\/revisions\/13594"}],"wp:featuredmedia":[{"embeddable":true,"href":"http:\/\/www.eloriente.net\/home\/wp-json\/wp\/v2\/media\/13592"}],"wp:attachment":[{"href":"http:\/\/www.eloriente.net\/home\/wp-json\/wp\/v2\/media?parent=13587"}],"wp:term":[{"taxonomy":"category","embeddable":true,"href":"http:\/\/www.eloriente.net\/home\/wp-json\/wp\/v2\/categories?post=13587"},{"taxonomy":"post_tag","embeddable":true,"href":"http:\/\/www.eloriente.net\/home\/wp-json\/wp\/v2\/tags?post=13587"}],"curies":[{"name":"wp","href":"https:\/\/api.w.org\/{rel}","templated":true}]}}