{"id":13600,"date":"2013-06-25T09:49:00","date_gmt":"2013-06-25T15:49:00","guid":{"rendered":"http:\/\/www.eloriente.net\/home\/?p=13600"},"modified":"2013-06-25T09:50:58","modified_gmt":"2013-06-25T15:50:58","slug":"se-crea-por-decreto-presidencial-el-consejo-empresarial-para-crecimiento-economico-de-mexico","status":"publish","type":"post","link":"http:\/\/www.eloriente.net\/home\/2013\/06\/25\/se-crea-por-decreto-presidencial-el-consejo-empresarial-para-crecimiento-economico-de-mexico\/","title":{"rendered":"Se crea por decreto presidencial el Consejo Empresarial para Crecimiento Econ\u00f3mico de M\u00e9xico"},"content":{"rendered":"<p>eloriente.net\/<a href=\"http:\/\/www.dof.gob.mx\" target=\"_blank\"> DOF<\/a><\/p>\n<p>25 de junio de 2013<\/p>\n<p>eloriente.net (Oaxaca, Oax.) 25 de junio de 2013.-<em>\u00a0<\/em>Este martes se public\u00f3 en el Diario Oficial de la Federaci\u00f3n (DOF) la creaci\u00f3n del Consejo Consultivo Empresarial para el Crecimiento Econ\u00f3mico de M\u00e9xico, una instancia consultiva y de vinculaci\u00f3n del gobierno federal con el sector empresarial del pa\u00eds, a fin de coordinar acciones que \u201cimpulsen el crecimiento econ\u00f3mico, la productividad y el bienestar social\u201d.<\/p>\n<p>De acuerdo al decreto presidencial publicado en el DOF, dicha instancia tendr\u00e1 por\u00a0objeto \u201ccoordinar acciones para la formulaci\u00f3n de pol\u00edticas y programas tendientes a impulsar y acelerar el crecimiento sostenido y sustentable de la econom\u00eda, en un marco de estabilidad y bienestar social\u201d.<\/p>\n<p>El Consejo Consultivo Empresarial para el Crecimiento Econ\u00f3mico de M\u00e9xico ser\u00e1 presidido por el secretario de Hacienda y Cr\u00e9dito P\u00fablico y quedar\u00e1 integrado, adem\u00e1s, por los titulares de Medio Ambiente y Recursos Naturales, de Econom\u00eda, del Trabajo y Previsi\u00f3n Social, de Turismo y cinco representantes que abarquen los sectores empresarial y financiero del pa\u00eds , designados por invitaci\u00f3n directa del secretario de Hacienda y durar\u00e1n dos a\u00f1os en sus funciones, aunque pueden ser invitados para periodos subsecuentes.<\/p>\n<p>Algunas de las tareas de esta nueva instancia ser\u00e1n: Dise\u00f1ar y proponer esquemas que se vinculen con las pol\u00edticas y programas de la Administraci\u00f3n P\u00fablica Federal en materia de desarrollo productivo, competitividad e innovaci\u00f3n para acelerar el crecimiento econ\u00f3mico; Formular propuestas de acciones que permitan posicionar a M\u00e9xico como una econom\u00eda competitiva a nivel internacional; Realizar diagn\u00f3sticos enfocados al crecimiento de los sectores econ\u00f3micos del pa\u00eds, as\u00ed como respecto del desarrollo de las empresas; entre otros.<\/p>\n<p>El Consejo sesionar\u00e1 de forma ordinaria por lo menos cuatro veces al a\u00f1o y de forma extraordinaria cuantas veces sea necesario a solicitud de su Presidente. Adem\u00e1s se se\u00f1ala que podr\u00e1 invitar a sus sesiones a representantes de dependencias y entidades de la Administraci\u00f3n P\u00fablica Federal, de los gobiernos de las entidades federativas y de los municipios, as\u00ed como de organismos p\u00fablicos y privados, nacionales e internacionales.<\/p>\n<p>Puedes consultar el decreto publicado en el DOF <a href=\"http:\/\/www.dof.gob.mx\/nota_detalle.php?codigo=5303742&amp;fecha=25\/06\/2013\" target=\"_blank\">AQU\u00cd.<\/a><\/p>\n\n\t\t\t  <div \n\t\t\t  \tclass = \"fb-comments\" \n\t\t\t  \tdata-href = \"http:\/\/www.eloriente.net\/home\/2013\/06\/25\/se-crea-por-decreto-presidencial-el-consejo-empresarial-para-crecimiento-economico-de-mexico\/\"\n\t\t\t  \tdata-numposts = \"10\"\n\t\t\t\tdata-colorscheme = \"dark\"\n\t\t\t\tdata-order-by = \"social\"\n\t\t\t\tdata-mobile=true>\n\t\t\t  <\/div>\n\t\t  <style>\n\t\t\t.fb_iframe_widget_fluid_desktop iframe {\n\t\t\t    width: 100% !important;\n\t\t\t}\n\t\t  <\/style>\n\t\t  ","protected":false},"excerpt":{"rendered":"<p>eloriente.net\/ DOF 25 de junio de 2013 eloriente.net (Oaxaca, Oax.) 25 de junio de 2013.-\u00a0Este martes se public\u00f3 en el Diario Oficial de la Federaci\u00f3n (DOF) la creaci\u00f3n del Consejo Consultivo Empresarial para el Crecimiento Econ\u00f3mico de M\u00e9xico, una instancia consultiva y de vinculaci\u00f3n del gobierno federal con el sector empresarial del pa\u00eds, a fin [&hellip;]<\/p>\n","protected":false},"author":1,"featured_media":0,"comment_status":"open","ping_status":"open","sticky":false,"template":"","format":"standard","meta":{"_jetpack_memberships_contains_paid_content":false,"footnotes":""},"categories":[32,10,24,21,19],"tags":[],"class_list":["post-13600","post","type-post","status-publish","format-standard","hentry","category-entradas","category-lo-mas-reciente","category-mexico-y-el-mundo","category-politica-y-gobierno","category-turismo-y-negocios"],"jetpack_featured_media_url":"","jetpack_sharing_enabled":true,"_links":{"self":[{"href":"http:\/\/www.eloriente.net\/home\/wp-json\/wp\/v2\/posts\/13600"}],"collection":[{"href":"http:\/\/www.eloriente.net\/home\/wp-json\/wp\/v2\/posts"}],"about":[{"href":"http:\/\/www.eloriente.net\/home\/wp-json\/wp\/v2\/types\/post"}],"author":[{"embeddable":true,"href":"http:\/\/www.eloriente.net\/home\/wp-json\/wp\/v2\/users\/1"}],"replies":[{"embeddable":true,"href":"http:\/\/www.eloriente.net\/home\/wp-json\/wp\/v2\/comments?post=13600"}],"version-history":[{"count":6,"href":"http:\/\/www.eloriente.net\/home\/wp-json\/wp\/v2\/posts\/13600\/revisions"}],"predecessor-version":[{"id":13609,"href":"http:\/\/www.eloriente.net\/home\/wp-json\/wp\/v2\/posts\/13600\/revisions\/13609"}],"wp:attachment":[{"href":"http:\/\/www.eloriente.net\/home\/wp-json\/wp\/v2\/media?parent=13600"}],"wp:term":[{"taxonomy":"category","embeddable":true,"href":"http:\/\/www.eloriente.net\/home\/wp-json\/wp\/v2\/categories?post=13600"},{"taxonomy":"post_tag","embeddable":true,"href":"http:\/\/www.eloriente.net\/home\/wp-json\/wp\/v2\/tags?post=13600"}],"curies":[{"name":"wp","href":"https:\/\/api.w.org\/{rel}","templated":true}]}}