{"id":13617,"date":"2013-06-25T12:48:43","date_gmt":"2013-06-25T18:48:43","guid":{"rendered":"http:\/\/www.eloriente.net\/home\/?p=13617"},"modified":"2013-06-25T12:59:48","modified_gmt":"2013-06-25T18:59:48","slug":"torre-eiffel-cerrada-por-huelga","status":"publish","type":"post","link":"http:\/\/www.eloriente.net\/home\/2013\/06\/25\/torre-eiffel-cerrada-por-huelga\/","title":{"rendered":"Torre Eiffel, cerrada por huelga"},"content":{"rendered":"<p>eloriente.net<\/p>\n<p>25 de junio de 2013<\/p>\n<p>eloriente.net (Oaxaca, Oax.) 25 de junio de 2013.- La ma\u00f1ana de este martes, la famosa Torre Eiffel, en Francia, fue cerrada a los visitantes por huelga de los trabajadores, quienes exigen\u00a0mejores condiciones laborales y salariales, entre otros temas.<\/p>\n<p>La huelga declarada este martes por el sindicato CGT,mayoritario entre los 300 empleados\u00a0de la Torre reclaman aumentos salariales, refuerzo de las medidas de seguridad o la obtenci\u00f3n por parte del ayuntamiento de Par\u00eds de una garant\u00eda para renegociar el programa de inversiones durante los pr\u00f3ximos 10 a\u00f1os.<\/p>\n<p>Cabe mencionar que este monumento se encuentra abierta en verano desde las 9 de la ma\u00f1ana hasta las doce de la noche (07.00 &#8211; 22.00 GMT). La p\u00e1gina oficial de facebook informa que el sitio est\u00e1 actualmente cerrado \u00abdebido a un movimiento social\u00bb.<\/p>\n<p>Construida\u00a0para la Exposici\u00f3n Universal de Par\u00eds de 1889, la Torre Eiffel\u00a0es el s\u00edmbolo de la capital de Francia y uno de los monumentos m\u00e1s visitados del mundo.\u00a0La \u00faltima huelga en este importante sitio se remonta al 2010, y dur\u00f3 dos d\u00edas.<\/p>\n<p><iframe loading=\"lazy\" src=\"http:\/\/www.youtube.com\/embed\/BLZVcqIs_LY\" frameborder=\"0\" width=\"480\" height=\"360\"><\/iframe><br \/>\n&nbsp;<\/p>\n<p style=\"text-align: center;\"><a href=\"http:\/\/www.eloriente.net\/home\/wp-content\/uploads\/2013\/06\/Algunos-derechos-reservados-por-florlewis-Torre-Eiffel.jpg\"><img loading=\"lazy\" decoding=\"async\" class=\"aligncenter  wp-image-13618\" title=\"Algunos derechos reservados por florlewis-Torre Eiffel\" src=\"http:\/\/www.eloriente.net\/home\/wp-content\/uploads\/2013\/06\/Algunos-derechos-reservados-por-florlewis-Torre-Eiffel.jpg\" alt=\"\" width=\"553\" height=\"369\" srcset=\"http:\/\/www.eloriente.net\/home\/wp-content\/uploads\/2013\/06\/Algunos-derechos-reservados-por-florlewis-Torre-Eiffel.jpg 1024w, http:\/\/www.eloriente.net\/home\/wp-content\/uploads\/2013\/06\/Algunos-derechos-reservados-por-florlewis-Torre-Eiffel-300x200.jpg 300w\" sizes=\"(max-width: 553px) 100vw, 553px\" \/><\/a><\/p>\n<p style=\"text-align: center;\">Foto:\u00a0<a href=\"http:\/\/www.flickr.com\/photos\/florlewis\/\">florlewis<\/a>,\u00a0<a title=\"Attribution License\" href=\"http:\/\/creativecommons.org\/licenses\/by\/2.0\/\">Algunos derechos reservados<\/a><\/p>\n\n\t\t\t  <div \n\t\t\t  \tclass = \"fb-comments\" \n\t\t\t  \tdata-href = \"http:\/\/www.eloriente.net\/home\/2013\/06\/25\/torre-eiffel-cerrada-por-huelga\/\"\n\t\t\t  \tdata-numposts = \"10\"\n\t\t\t\tdata-colorscheme = \"dark\"\n\t\t\t\tdata-order-by = \"social\"\n\t\t\t\tdata-mobile=true>\n\t\t\t  <\/div>\n\t\t  <style>\n\t\t\t.fb_iframe_widget_fluid_desktop iframe {\n\t\t\t    width: 100% !important;\n\t\t\t}\n\t\t  <\/style>\n\t\t  ","protected":false},"excerpt":{"rendered":"<p>eloriente.net 25 de junio de 2013 eloriente.net (Oaxaca, Oax.) 25 de junio de 2013.- La ma\u00f1ana de este martes, la famosa Torre Eiffel, en Francia, fue cerrada a los visitantes por huelga de los trabajadores, quienes exigen\u00a0mejores condiciones laborales y salariales, entre otros temas. La huelga declarada este martes por el sindicato CGT,mayoritario entre los [&hellip;]<\/p>\n","protected":false},"author":1,"featured_media":13618,"comment_status":"open","ping_status":"open","sticky":false,"template":"","format":"standard","meta":{"_jetpack_memberships_contains_paid_content":false,"footnotes":""},"categories":[18,32,10,24],"tags":[],"class_list":["post-13617","post","type-post","status-publish","format-standard","has-post-thumbnail","hentry","category-educacion-y-cultura","category-entradas","category-lo-mas-reciente","category-mexico-y-el-mundo"],"jetpack_featured_media_url":"http:\/\/www.eloriente.net\/home\/wp-content\/uploads\/2013\/06\/Algunos-derechos-reservados-por-florlewis-Torre-Eiffel.jpg","jetpack_sharing_enabled":true,"_links":{"self":[{"href":"http:\/\/www.eloriente.net\/home\/wp-json\/wp\/v2\/posts\/13617"}],"collection":[{"href":"http:\/\/www.eloriente.net\/home\/wp-json\/wp\/v2\/posts"}],"about":[{"href":"http:\/\/www.eloriente.net\/home\/wp-json\/wp\/v2\/types\/post"}],"author":[{"embeddable":true,"href":"http:\/\/www.eloriente.net\/home\/wp-json\/wp\/v2\/users\/1"}],"replies":[{"embeddable":true,"href":"http:\/\/www.eloriente.net\/home\/wp-json\/wp\/v2\/comments?post=13617"}],"version-history":[{"count":4,"href":"http:\/\/www.eloriente.net\/home\/wp-json\/wp\/v2\/posts\/13617\/revisions"}],"predecessor-version":[{"id":13620,"href":"http:\/\/www.eloriente.net\/home\/wp-json\/wp\/v2\/posts\/13617\/revisions\/13620"}],"wp:featuredmedia":[{"embeddable":true,"href":"http:\/\/www.eloriente.net\/home\/wp-json\/wp\/v2\/media\/13618"}],"wp:attachment":[{"href":"http:\/\/www.eloriente.net\/home\/wp-json\/wp\/v2\/media?parent=13617"}],"wp:term":[{"taxonomy":"category","embeddable":true,"href":"http:\/\/www.eloriente.net\/home\/wp-json\/wp\/v2\/categories?post=13617"},{"taxonomy":"post_tag","embeddable":true,"href":"http:\/\/www.eloriente.net\/home\/wp-json\/wp\/v2\/tags?post=13617"}],"curies":[{"name":"wp","href":"https:\/\/api.w.org\/{rel}","templated":true}]}}