{"id":13624,"date":"2013-06-25T18:06:21","date_gmt":"2013-06-26T00:06:21","guid":{"rendered":"http:\/\/www.eloriente.net\/home\/?p=13624"},"modified":"2013-06-25T18:06:50","modified_gmt":"2013-06-26T00:06:50","slug":"designan-nuevo-director-del-centro-inah-oaxaca","status":"publish","type":"post","link":"http:\/\/www.eloriente.net\/home\/2013\/06\/25\/designan-nuevo-director-del-centro-inah-oaxaca\/","title":{"rendered":"Designan nuevo director del Centro INAH-Oaxaca"},"content":{"rendered":"<p>eloriente.net \/ <a href=\"http:\/\/www.inah.gob.mx\" target=\"_blank\">INAH<\/a><\/p>\n<p>25 de junio de 2013<br \/>\n* Sergio Bautista Orzuna, con estudios en Antropolog\u00eda Social, fue nombrado como nuevo titular de ese centro regional<\/p>\n<p>* Se ha desempe\u00f1ado en los \u00e1mbitos de la investigaci\u00f3n, gesti\u00f3n y promoci\u00f3n cultural<\/p>\n<p>En representaci\u00f3n de Sergio Ra\u00fal Arroyo, director general del Instituto Nacional de Antropolog\u00eda e Historia (INAH), Bolfy Cottom, secretario t\u00e9cnico, y Jos\u00e9 Mu\u00f1oz Bonilla, coordinador nacional de Centros INAH, nombraron a Sergio Bautista Orzuna como nuevo director del Centro INAH-Oaxaca.<\/p>\n<p>Con estudios de Antropolog\u00eda Social, en la Escuela Nacional de Antropolog\u00eda e Historia, Bautista Orzuna se ha desempe\u00f1ado en los \u00e1mbitos de la investigaci\u00f3n, gesti\u00f3n y promoci\u00f3n cultural.<\/p>\n<p>De su experiencia profesional, destaca su labor en la Direcci\u00f3n de Patrimonio Mundial del INAH (2001), en la Direcci\u00f3n General de Sitios y Monumentos del Patrimonio Cultural (1999-2001) y en la Coordinaci\u00f3n de Patrimonio Cultural y Turismo, ambas del Consejo Nacional para la Cultura y las Artes (2001-2002).<\/p>\n<p>Tambi\u00e9n se desempe\u00f1\u00f3 como director del Centro INAH-San Luis Potos\u00ed (1996-1999), director de Enlace y Concertaci\u00f3n de Centros INAH (1993-1996), coordinador del Programa de Apoyo a las Culturas Municipales y Comunitarias, de la Direcci\u00f3n General de Culturas Populares del Conaculta (1990-1993), y jefe del Departamento de Evaluaci\u00f3n y Seguimiento de Proyectos del Fondo Nacional para la Cultura y las Artes (1993).<\/p>\n<p>Otras de sus actividades han sido como coordinador de Apoyo a la Investigaci\u00f3n, y subdirector de Desarrollo y Extensi\u00f3n Acad\u00e9mica, de la Subdirecci\u00f3n General de Educaci\u00f3n e Investigaci\u00f3n Art\u00edsticas del Instituto Nacional de Bellas Artes (2002-2009), as\u00ed como subdirector de Enlace del Programa de Desarrollo Humano Oportunidades de la Secretar\u00eda de Desarrollo Social (2011-2012).<\/p>\n<p>Asimismo, ha laborado en la Subdirecci\u00f3n de Acci\u00f3n Cultural del Instituto de Seguridad Social al Servicio de los Trabajadores del Estado; en el Programa Nacional de Bibliotecas P\u00fablicas de la Secretar\u00eda de Educaci\u00f3n P\u00fablica (SEP), y como consultor del proyecto \u201cAbriendo escuelas para la equidad\u201d de la Organizaci\u00f3n de Estados Iberoamericanos, que se desarrolla en coordinaci\u00f3n con la SEP, adem\u00e1s de participar en un proyecto de rescate de archivos hist\u00f3ricos de la Sierra Norte de Puebla.<\/p>\n<p>Como parte de su actividad acad\u00e9mica, ha impartido cursos y talleres sobre equidad de g\u00e9nero, cultura y educaci\u00f3n para maestros del nivel b\u00e1sico de la SEP, y ha sido ha coordinador del Proyecto Editorial de los Centros Nacionales de Investigaci\u00f3n, Documentaci\u00f3n e Informaci\u00f3n de las Artes, del INBA, y responsable del proyecto de protecci\u00f3n legal del poblado de Real de Catorce, en San Luis Potos\u00ed.<\/p>\n<p>Asimismo, Sergio Bautista Orzuna ha participado en diversos foros acad\u00e9micos nacionales e internacionales, como el Congreso Internacional de Miner\u00eda en San Luis Potos\u00ed; el los talleres de Imagen Urbana en Ciudades Tur\u00edsticas con Patrimonio Hist\u00f3rico, en SLP, Michoac\u00e1n y Chiapas; en el Congreso de Ciudades con Patrimonio Hist\u00f3rico coordinado por la UNESCO, en Cartagena de Indias, Colombia; y en el Seminario Internacional sobre Ciudades Patrimonio Cultural de la Humanidad, en Puebla.<\/p>\n\n\t\t\t  <div \n\t\t\t  \tclass = \"fb-comments\" \n\t\t\t  \tdata-href = \"http:\/\/www.eloriente.net\/home\/2013\/06\/25\/designan-nuevo-director-del-centro-inah-oaxaca\/\"\n\t\t\t  \tdata-numposts = \"10\"\n\t\t\t\tdata-colorscheme = \"dark\"\n\t\t\t\tdata-order-by = \"social\"\n\t\t\t\tdata-mobile=true>\n\t\t\t  <\/div>\n\t\t  <style>\n\t\t\t.fb_iframe_widget_fluid_desktop iframe {\n\t\t\t    width: 100% !important;\n\t\t\t}\n\t\t  <\/style>\n\t\t  ","protected":false},"excerpt":{"rendered":"<p>eloriente.net \/ INAH 25 de junio de 2013 * Sergio Bautista Orzuna, con estudios en Antropolog\u00eda Social, fue nombrado como nuevo titular de ese centro regional * Se ha desempe\u00f1ado en los \u00e1mbitos de la investigaci\u00f3n, gesti\u00f3n y promoci\u00f3n cultural En representaci\u00f3n de Sergio Ra\u00fal Arroyo, director general del Instituto Nacional de Antropolog\u00eda e Historia [&hellip;]<\/p>\n","protected":false},"author":1,"featured_media":0,"comment_status":"open","ping_status":"open","sticky":false,"template":"","format":"standard","meta":{"_jetpack_memberships_contains_paid_content":false,"footnotes":""},"categories":[49,32,10,21],"tags":[],"class_list":["post-13624","post","type-post","status-publish","format-standard","hentry","category-destacadas","category-entradas","category-lo-mas-reciente","category-politica-y-gobierno"],"jetpack_featured_media_url":"","jetpack_sharing_enabled":true,"_links":{"self":[{"href":"http:\/\/www.eloriente.net\/home\/wp-json\/wp\/v2\/posts\/13624"}],"collection":[{"href":"http:\/\/www.eloriente.net\/home\/wp-json\/wp\/v2\/posts"}],"about":[{"href":"http:\/\/www.eloriente.net\/home\/wp-json\/wp\/v2\/types\/post"}],"author":[{"embeddable":true,"href":"http:\/\/www.eloriente.net\/home\/wp-json\/wp\/v2\/users\/1"}],"replies":[{"embeddable":true,"href":"http:\/\/www.eloriente.net\/home\/wp-json\/wp\/v2\/comments?post=13624"}],"version-history":[{"count":3,"href":"http:\/\/www.eloriente.net\/home\/wp-json\/wp\/v2\/posts\/13624\/revisions"}],"predecessor-version":[{"id":13627,"href":"http:\/\/www.eloriente.net\/home\/wp-json\/wp\/v2\/posts\/13624\/revisions\/13627"}],"wp:attachment":[{"href":"http:\/\/www.eloriente.net\/home\/wp-json\/wp\/v2\/media?parent=13624"}],"wp:term":[{"taxonomy":"category","embeddable":true,"href":"http:\/\/www.eloriente.net\/home\/wp-json\/wp\/v2\/categories?post=13624"},{"taxonomy":"post_tag","embeddable":true,"href":"http:\/\/www.eloriente.net\/home\/wp-json\/wp\/v2\/tags?post=13624"}],"curies":[{"name":"wp","href":"https:\/\/api.w.org\/{rel}","templated":true}]}}