{"id":13674,"date":"2013-06-26T08:14:46","date_gmt":"2013-06-26T14:14:46","guid":{"rendered":"http:\/\/www.eloriente.net\/home\/?p=13674"},"modified":"2013-06-26T08:23:26","modified_gmt":"2013-06-26T14:23:26","slug":"presentan-convocatoria-2013-del-premio-nacional-de-poesia-ramon-lopez-velarde","status":"publish","type":"post","link":"http:\/\/www.eloriente.net\/home\/2013\/06\/26\/presentan-convocatoria-2013-del-premio-nacional-de-poesia-ramon-lopez-velarde\/","title":{"rendered":"Abren convocatoria 2013 del Premio Nacional de Poes\u00eda Ram\u00f3n L\u00f3pez Velarde"},"content":{"rendered":"<p>eloriente.net\/\u00a0<a href=\"http:\/\/www2.uaz.edu.mx\/\" target=\"_blank\">Universidad Aut\u00f3noma de Zacatecas<\/a><\/p>\n<p>26 de junio de 2013<\/p>\n<p>eloriente.net (Oaxaca, Oax.) 26 de junio de 2013.- Ayer, el Rector de la Universidad Aut\u00f3noma de Zacatecas (UAZ),\u00a0Armando Silva Ch\u00e1irez, devel\u00f3 ante los medios de comunicaci\u00f3n la\u00a0convocatoria del Premio Nacional de Poes\u00eda \u201cRam\u00f3n L\u00f3pez Velarde\u201d 2013, uno de los eventos m\u00e1s importantes de su tipo en M\u00e9xico y en el que participan poetas de habla espa\u00f1ola que residen en este pa\u00eds.<\/p>\n<p>El Premio de este a\u00f1o constar\u00e1 de 150 mil pesos para el poeta ganador y edici\u00f3n de su obra, as\u00ed lo dio a conocer Silva Ch\u00e1irez, acompa\u00f1ado\u00a0del organizador del Premio RLV, desde el a\u00f1o de 1982, Jos\u00e9 de Jes\u00fas Sampedro; del Coordinador del \u00c1rea de Arte y Cultura,\u00a0 Alfonso V\u00e1zquez Sosa; y del Director de la Unidad Acad\u00e9mica de Arte, Fabi\u00e1n Hern\u00e1ndez Ram\u00edrez.<\/p>\n<p>Cabe mencionar que la UAZ\u00a0organiza y celebra este Premio desde el a\u00f1o de 1982, pero su tradici\u00f3n se remonta hasta los Juegos Florales que distinguieron en su momento al Instituto de Ciencias de Zacatecas, a su entorno social y al acad\u00e9mico, se\u00f1ala la Universidad.<\/p>\n<p>\u201cContinuadora de esa tradici\u00f3n, y creadora de una tradici\u00f3n nueva, la Universidad ratifica as\u00ed su irrenunciable inter\u00e9s en contribuir al fomento de la lectura y del aprecio de la poes\u00eda que se escribe y que circula hoy en M\u00e9xico, es decir, de la contempor\u00e1nea sensibilidad po\u00e9tica que se manifiesta o que se percibe en nuestro pa\u00eds, indiscutiblemente m\u00e1s que necesaria dentro de la compleja \u00e9poca en que vivimos\u201d, expres\u00f3 el Rector.<\/p>\n<p>Los interesados en participar en esta convocatoria deber\u00e1n presentar libros de poemas in\u00e9ditos\u00a0(con extensi\u00f3n m\u00ednima de setenta cuartillas) a partir de esta fecha y hasta el 25 de octubre.\u00a0Los trabajos se entregar\u00e1n en cuatro tantos, escritos a m\u00e1quina o en computadora, a doble espacio, en tama\u00f1o carta, con seud\u00f3nimo, y en sobre cerrado el nombre completo, domicilio, tel\u00e9fono y correo electr\u00f3nico. Los mismos ser\u00e1n revisados por un Jurado Calificador -integrado por tres poetas de reconocida capacidad, autoridad y solvencia- que emitir\u00e1 su fallo el 25 de noviembre del presente a\u00f1o.<\/p>\n<p>La entrega del premio y diploma se llevar\u00e1 a cabo en un acto solemne el 6 de diciembre del presente, dentro\u00a0de las actividades correspondientes al\u00a0<em>Festival Internacional de Poes\u00eda Ram\u00f3n L\u00f3pez Velarde 2013.<\/em><\/p>\n<p><em><\/em>El ganador de la edici\u00f3n 2011 fue el poeta Christian Pe\u00f1a, a quien se le public\u00f3 la obra <em>Heracles; 12 Trabajos<\/em>, misma que fue obsequiada a los medios de comunicaci\u00f3n durante este evento.<\/p>\n<p><a href=\"http:\/\/www.eloriente.net\/home\/wp-content\/uploads\/2013\/06\/Abierta-la-Convocatoria-para-el-Premio-Nacional-de-Poes\u00eda-RLV.jpeg\"><img loading=\"lazy\" decoding=\"async\" class=\"aligncenter size-medium wp-image-13675\" title=\"Abierta la Convocatoria para el Premio Nacional de Poes\u00eda RLV\" src=\"http:\/\/www.eloriente.net\/home\/wp-content\/uploads\/2013\/06\/Abierta-la-Convocatoria-para-el-Premio-Nacional-de-Poes\u00eda-RLV-300x200.jpeg\" alt=\"\" width=\"300\" height=\"200\" srcset=\"http:\/\/www.eloriente.net\/home\/wp-content\/uploads\/2013\/06\/Abierta-la-Convocatoria-para-el-Premio-Nacional-de-Poes\u00eda-RLV-300x200.jpeg 300w, http:\/\/www.eloriente.net\/home\/wp-content\/uploads\/2013\/06\/Abierta-la-Convocatoria-para-el-Premio-Nacional-de-Poes\u00eda-RLV-1024x682.jpeg 1024w, http:\/\/www.eloriente.net\/home\/wp-content\/uploads\/2013\/06\/Abierta-la-Convocatoria-para-el-Premio-Nacional-de-Poes\u00eda-RLV.jpeg 1600w\" sizes=\"(max-width: 300px) 100vw, 300px\" \/><\/a><\/p>\n<p>Foto: <a href=\"http:\/\/www2.uaz.edu.mx\/\" target=\"_blank\">Universidad Aut\u00f3noma de Zacatecas<\/a><\/p>\n\n\t\t\t  <div \n\t\t\t  \tclass = \"fb-comments\" \n\t\t\t  \tdata-href = \"http:\/\/www.eloriente.net\/home\/2013\/06\/26\/presentan-convocatoria-2013-del-premio-nacional-de-poesia-ramon-lopez-velarde\/\"\n\t\t\t  \tdata-numposts = \"10\"\n\t\t\t\tdata-colorscheme = \"dark\"\n\t\t\t\tdata-order-by = \"social\"\n\t\t\t\tdata-mobile=true>\n\t\t\t  <\/div>\n\t\t  <style>\n\t\t\t.fb_iframe_widget_fluid_desktop iframe {\n\t\t\t    width: 100% !important;\n\t\t\t}\n\t\t  <\/style>\n\t\t  ","protected":false},"excerpt":{"rendered":"<p>eloriente.net\/\u00a0Universidad Aut\u00f3noma de Zacatecas 26 de junio de 2013 eloriente.net (Oaxaca, Oax.) 26 de junio de 2013.- Ayer, el Rector de la Universidad Aut\u00f3noma de Zacatecas (UAZ),\u00a0Armando Silva Ch\u00e1irez, devel\u00f3 ante los medios de comunicaci\u00f3n la\u00a0convocatoria del Premio Nacional de Poes\u00eda \u201cRam\u00f3n L\u00f3pez Velarde\u201d 2013, uno de los eventos m\u00e1s importantes de su tipo en [&hellip;]<\/p>\n","protected":false},"author":1,"featured_media":13675,"comment_status":"open","ping_status":"open","sticky":false,"template":"","format":"standard","meta":{"_jetpack_memberships_contains_paid_content":false,"footnotes":""},"categories":[18,32,10,24],"tags":[],"class_list":["post-13674","post","type-post","status-publish","format-standard","has-post-thumbnail","hentry","category-educacion-y-cultura","category-entradas","category-lo-mas-reciente","category-mexico-y-el-mundo"],"jetpack_featured_media_url":"http:\/\/www.eloriente.net\/home\/wp-content\/uploads\/2013\/06\/Abierta-la-Convocatoria-para-el-Premio-Nacional-de-Poes\u00eda-RLV.jpeg","jetpack_sharing_enabled":true,"_links":{"self":[{"href":"http:\/\/www.eloriente.net\/home\/wp-json\/wp\/v2\/posts\/13674"}],"collection":[{"href":"http:\/\/www.eloriente.net\/home\/wp-json\/wp\/v2\/posts"}],"about":[{"href":"http:\/\/www.eloriente.net\/home\/wp-json\/wp\/v2\/types\/post"}],"author":[{"embeddable":true,"href":"http:\/\/www.eloriente.net\/home\/wp-json\/wp\/v2\/users\/1"}],"replies":[{"embeddable":true,"href":"http:\/\/www.eloriente.net\/home\/wp-json\/wp\/v2\/comments?post=13674"}],"version-history":[{"count":4,"href":"http:\/\/www.eloriente.net\/home\/wp-json\/wp\/v2\/posts\/13674\/revisions"}],"predecessor-version":[{"id":13677,"href":"http:\/\/www.eloriente.net\/home\/wp-json\/wp\/v2\/posts\/13674\/revisions\/13677"}],"wp:featuredmedia":[{"embeddable":true,"href":"http:\/\/www.eloriente.net\/home\/wp-json\/wp\/v2\/media\/13675"}],"wp:attachment":[{"href":"http:\/\/www.eloriente.net\/home\/wp-json\/wp\/v2\/media?parent=13674"}],"wp:term":[{"taxonomy":"category","embeddable":true,"href":"http:\/\/www.eloriente.net\/home\/wp-json\/wp\/v2\/categories?post=13674"},{"taxonomy":"post_tag","embeddable":true,"href":"http:\/\/www.eloriente.net\/home\/wp-json\/wp\/v2\/tags?post=13674"}],"curies":[{"name":"wp","href":"https:\/\/api.w.org\/{rel}","templated":true}]}}