{"id":13695,"date":"2013-06-26T09:51:21","date_gmt":"2013-06-26T15:51:21","guid":{"rendered":"http:\/\/www.eloriente.net\/home\/?p=13695"},"modified":"2013-06-26T09:58:36","modified_gmt":"2013-06-26T15:58:36","slug":"eleccionesoax-aprueba-ieepco-registro-supletorio-de-candidatos","status":"publish","type":"post","link":"http:\/\/www.eloriente.net\/home\/2013\/06\/26\/eleccionesoax-aprueba-ieepco-registro-supletorio-de-candidatos\/","title":{"rendered":"@EleccionesOax: Aprueba IEEPCO registro supletorio de candidatos"},"content":{"rendered":"<p>eloriente.net\/ IEEPCO<\/p>\n<p>26 de junio de 2013<\/p>\n<p>eloriente.net (Oaxaca, Oax.) 26 de junio de 2013.- Durante la sesi\u00f3n del pasado lunes 24 de junio de 2013, el Consejo\u00a0General del Instituto Estatal Electoral y de Participaci\u00f3n Ciudadana de Oaxaca (IEEPCO) aprob\u00f3 el registro supletorio\u00a0del candidato a Diputado propietario por el principio de mayor\u00eda relativa en el XX Distrito Electoral con cabecera en San Pedro y San Pablo Ayutla, en cumplimiento a lo ordenado por la Sala Regional Xalapa del Tribunal Electoral.<\/p>\n<p>De esa forma se aprob\u00f3 la solicitud del Partido Acci\u00f3n Nacional (PAN) ante el Consejo General de este Instituto, para registrar en sustituci\u00f3n al ciudadano Sotero Santiago Dom\u00ednguez como candidato a Diputado propietario por el XX Distrito Electoral con cabecera en San Pedro y San Pablo Ayutla.<\/p>\n<p>Tambi\u00e9n se aprob\u00f3 la sustituci\u00f3n y registro del candidato a primer concejal propietario del Municipio de San Felipe Usila, postulado por el Partido Acci\u00f3n Nacional, integrante de la Coalici\u00f3n \u201cUnidos por el Desarrollo\u201d para el proceso electoral ordinario 2012-2013. As\u00ed, queda el registro de Bilga\u00ed Hern\u00e1ndez Rivera, como\u00a0 candidato a primer concejal propietario del Municipio de San Felipe Usila.<\/p>\n<p>En otro punto de la sesi\u00f3n extraordinaria y en cumplimiento a la resoluci\u00f3n dictada por el Tribunal Electoral del Poder Judicial de la Federaci\u00f3n, se aprob\u00f3 la sustituci\u00f3n del ciudadano Teodoro Rom\u00e1n Solano Camacho, candidato a primer concejal propietario del municipio de Putla Villa de Guerrero postulado por la coalici\u00f3n \u201cCompromiso por Oaxaca\u201d, para tal efecto se design\u00f3 al ciudadano Rub\u00e9n Lorenzo V\u00e1squez Hern\u00e1ndez como candidato sustituto.<\/p>\n<p>El IEEPCO inform\u00f3 que en todos los casos y en apego al C\u00f3digo Electoral se llev\u00f3 a cabo la revisi\u00f3n y el an\u00e1lisis correspondiente respecto de los requisitos que deber\u00edan cumplir las solicitudes de sustituci\u00f3n.<\/p>\n<p><a href=\"http:\/\/www.eloriente.net\/home\/wp-content\/uploads\/2013\/06\/Imagen-9.png\"><img loading=\"lazy\" decoding=\"async\" class=\"aligncenter size-full wp-image-13696\" title=\"Imagen 9\" src=\"http:\/\/www.eloriente.net\/home\/wp-content\/uploads\/2013\/06\/Imagen-9.png\" alt=\"\" width=\"579\" height=\"314\" srcset=\"http:\/\/www.eloriente.net\/home\/wp-content\/uploads\/2013\/06\/Imagen-9.png 579w, http:\/\/www.eloriente.net\/home\/wp-content\/uploads\/2013\/06\/Imagen-9-300x162.png 300w\" sizes=\"(max-width: 579px) 100vw, 579px\" \/><\/a><\/p>\n<div><\/div>\n\n\t\t\t  <div \n\t\t\t  \tclass = \"fb-comments\" \n\t\t\t  \tdata-href = \"http:\/\/www.eloriente.net\/home\/2013\/06\/26\/eleccionesoax-aprueba-ieepco-registro-supletorio-de-candidatos\/\"\n\t\t\t  \tdata-numposts = \"10\"\n\t\t\t\tdata-colorscheme = \"dark\"\n\t\t\t\tdata-order-by = \"social\"\n\t\t\t\tdata-mobile=true>\n\t\t\t  <\/div>\n\t\t  <style>\n\t\t\t.fb_iframe_widget_fluid_desktop iframe {\n\t\t\t    width: 100% !important;\n\t\t\t}\n\t\t  <\/style>\n\t\t  ","protected":false},"excerpt":{"rendered":"<p>eloriente.net\/ IEEPCO 26 de junio de 2013 eloriente.net (Oaxaca, Oax.) 26 de junio de 2013.- Durante la sesi\u00f3n del pasado lunes 24 de junio de 2013, el Consejo\u00a0General del Instituto Estatal Electoral y de Participaci\u00f3n Ciudadana de Oaxaca (IEEPCO) aprob\u00f3 el registro supletorio\u00a0del candidato a Diputado propietario por el principio de mayor\u00eda relativa en el [&hellip;]<\/p>\n","protected":false},"author":1,"featured_media":13696,"comment_status":"open","ping_status":"open","sticky":false,"template":"","format":"standard","meta":{"_jetpack_memberships_contains_paid_content":false,"footnotes":""},"categories":[29,71,32,10,21],"tags":[],"class_list":["post-13695","post","type-post","status-publish","format-standard","has-post-thumbnail","hentry","category-capital","category-elecciones","category-entradas","category-lo-mas-reciente","category-politica-y-gobierno"],"jetpack_featured_media_url":"http:\/\/www.eloriente.net\/home\/wp-content\/uploads\/2013\/06\/Imagen-9.png","jetpack_sharing_enabled":true,"_links":{"self":[{"href":"http:\/\/www.eloriente.net\/home\/wp-json\/wp\/v2\/posts\/13695"}],"collection":[{"href":"http:\/\/www.eloriente.net\/home\/wp-json\/wp\/v2\/posts"}],"about":[{"href":"http:\/\/www.eloriente.net\/home\/wp-json\/wp\/v2\/types\/post"}],"author":[{"embeddable":true,"href":"http:\/\/www.eloriente.net\/home\/wp-json\/wp\/v2\/users\/1"}],"replies":[{"embeddable":true,"href":"http:\/\/www.eloriente.net\/home\/wp-json\/wp\/v2\/comments?post=13695"}],"version-history":[{"count":5,"href":"http:\/\/www.eloriente.net\/home\/wp-json\/wp\/v2\/posts\/13695\/revisions"}],"predecessor-version":[{"id":13699,"href":"http:\/\/www.eloriente.net\/home\/wp-json\/wp\/v2\/posts\/13695\/revisions\/13699"}],"wp:featuredmedia":[{"embeddable":true,"href":"http:\/\/www.eloriente.net\/home\/wp-json\/wp\/v2\/media\/13696"}],"wp:attachment":[{"href":"http:\/\/www.eloriente.net\/home\/wp-json\/wp\/v2\/media?parent=13695"}],"wp:term":[{"taxonomy":"category","embeddable":true,"href":"http:\/\/www.eloriente.net\/home\/wp-json\/wp\/v2\/categories?post=13695"},{"taxonomy":"post_tag","embeddable":true,"href":"http:\/\/www.eloriente.net\/home\/wp-json\/wp\/v2\/tags?post=13695"}],"curies":[{"name":"wp","href":"https:\/\/api.w.org\/{rel}","templated":true}]}}