{"id":13719,"date":"2013-06-26T13:40:40","date_gmt":"2013-06-26T19:40:40","guid":{"rendered":"http:\/\/www.eloriente.net\/home\/?p=13719"},"modified":"2013-06-26T20:35:06","modified_gmt":"2013-06-27T02:35:06","slug":"participa-en-convocatorias-abiertas-de-literatura-y-poesia","status":"publish","type":"post","link":"http:\/\/www.eloriente.net\/home\/2013\/06\/26\/participa-en-convocatorias-abiertas-de-literatura-y-poesia\/","title":{"rendered":"Participa en convocatorias abiertas de literatura y poes\u00eda (26\/Jun\/13)"},"content":{"rendered":"<p>eloriente.net<\/p>\n<p>26 de junio de 2013<\/p>\n<p>Hace unos d\u00edas @El_Oriente te comparti\u00f3 la lista de las convocatorias vigentes que hemos publicado sobre fotograf\u00eda, v\u00eddeo, cine y artes pl\u00e1sticas. Ahora ponemos a tu disposici\u00f3n los concursos de poes\u00eda y proyectos sociales que todav\u00eda se encuentran abiertas. Las bases completas las puedes consultar el link que se ha puesto en cada entrada. \u00a1An\u00edmate y participa!<\/p>\n<p>&nbsp;<\/p>\n<p><a href=\"http:\/\/www.eloriente.net\/home\/2013\/05\/04\/abren-convocatoria-para-iii-concurso-de-proyectos-de-desarrollo-urbano-e-inclusion-social-2013\/\" target=\"_blank\">Abren convocatoria para III Concurso de Proyectos de Desarrollo Urbano e Inclusi\u00f3n Social 2013<\/a><\/p>\n<p>El Banco de Desarrollo de Am\u00e9rica Latina abri\u00f3 en mayo de 2013 la convocatoria para el III Concurso Internacional de Desarrollo Urbano e Inclusi\u00f3n Social CAF, el cual tiene como objetivo premiar y apoyar proyectos en ciudades Latinoamericanas que busquen\u00a0<strong>mejorar la calidad de vida<\/strong>\u00a0de sus ciudadanos, promuevan el<strong>\u00a0mejoramiento y la eficiencia en la gesti\u00f3n de las funciones urbanas,<\/strong>\u00a0y\u00a0<strong>prevean condiciones para el eminente crecimiento poblacional de las zonas urbanas.<\/strong><\/p>\n<p>Podr\u00e1n participar en el Concurso las oficinas de proyectos de municipios, alcald\u00edas, concejos comunales, estados y regiones, as\u00ed como ministerios estatales, organizaciones sin fines de lucro, asociaciones civiles, asociaciones comunitarias, universidades, instituciones gubernamentales, entre otros. <strong>Los precios para los ganadores son de 15,000 y 5,000 d\u00f3lares<\/strong>.<\/p>\n<p><strong>Fecha de cierre:<\/strong> <strong>23 de julio de 2013<\/strong><\/p>\n<p>&nbsp;<\/p>\n<p><a href=\"http:\/\/www.eloriente.net\/home\/2013\/04\/17\/xlxx-concurso-latinoamericano-de-cuento-edmundo-valades\/\" target=\"_blank\">XLXX Concurso Latinoamericano de cuento Edmundo Valad\u00e9s<\/a><\/p>\n<p>La Direcci\u00f3n de Literatura del Consejo Estatal para la Cultura y las Artes de Puebla abri\u00f3 el pasado 14 de abril, la convocatoria para el XLXX Concurso Latinoamericano de cuento Edmundo Valad\u00e9s.<\/p>\n<p>Podr\u00e1n participar en este concurso todos los escritores de habla espa\u00f1ola residentes en Am\u00e9rica Latina con un cuento in\u00e9dito de tema libre de extensi\u00f3n m\u00ednima de 5 cuartillas y m\u00e1xima de 15.\u00a0El Premio de $50, 000.00 ser\u00e1 entregado el 18 de noviembre del presente.<\/p>\n<p><strong>Fecha de cierre:<\/strong>\u00a0<strong>30 de agosto de 2013<\/strong><\/p>\n<p>&nbsp;<\/p>\n<p><a href=\"http:\/\/www.eloriente.net\/home\/2013\/06\/04\/convocatoria-abierta-para-album-ilustrado-y-narrativa-infantil-y-juvenil\/\" target=\"_blank\">Convocatoria abierta para \u00c1lbum ilustrado y narrativa infantil y juvenil<\/a><\/p>\n<p>El 5\u00ba Concurso Internacional Invenciones 2013 convoca a escritores e ilustradores\u00a0 mayores de edad de cualquier nacionalidad o residencia, a participar con una o m\u00e1s obras en idioma espa\u00f1ol, en dos categor\u00edas:<strong>\u00a0\u00e1lbum ilustrado o narrativa,\u00a0<\/strong>y as\u00ed poder obtener los premios que en esta edici\u00f3n son: US$20,000.00 (veinte mil d\u00f3lares), publicaci\u00f3n del material e invitaci\u00f3n a la Feria Internacional del Libro de Guadalajara.<\/p>\n<p><strong>Fecha de cierre:<\/strong>\u00a0<strong>19 de septiembre de 2013<\/strong><\/p>\n<div><\/div>\n<div><\/div>\n<p><a href=\"http:\/\/www.eloriente.net\/home\/2013\/06\/26\/presentan-convocatoria-2013-del-premio-nacional-de-poesia-ramon-lopez-velarde\/\" target=\"_blank\">Abren convocatoria 2013 del Premio Nacional de Poes\u00eda Ram\u00f3n L\u00f3pez Velarde<\/a><\/p>\n<div>El Rector de la Universidad Aut\u00f3noma de Zacatecas (UAZ),\u00a0Armando Silva Ch\u00e1irez, devel\u00f3 ante los medios de comunicaci\u00f3n la\u00a0convocatoria del Premio Nacional de Poes\u00eda \u201cRam\u00f3n L\u00f3pez Velarde\u201d 2013, uno de los eventos m\u00e1s importantes de su tipo en M\u00e9xico y en el que participan poetas de habla espa\u00f1ola que residen en este pa\u00eds.<\/div>\n<p>El Premio de este a\u00f1o constar\u00e1 de 150 mil pesos para el poeta ganador y edici\u00f3n de su obra, as\u00ed lo dio a conocer Silva Ch\u00e1irez, acompa\u00f1ado\u00a0del organizador del Premio RLV, desde el a\u00f1o de 1982, Jos\u00e9 de Jes\u00fas Sampedro; del Coordinador del \u00c1rea de Arte y Cultura,\u00a0 Alfonso V\u00e1zquez Sosa; y del Director de la Unidad Acad\u00e9mica de Arte, Fabi\u00e1n Hern\u00e1ndez Ram\u00edrez.<\/p>\n<p><strong>Fecha de cierre: 25 de octubre de 2013<\/strong><\/p>\n<div><\/div>\n<p>&nbsp;<\/p>\n\n\t\t\t  <div \n\t\t\t  \tclass = \"fb-comments\" \n\t\t\t  \tdata-href = \"http:\/\/www.eloriente.net\/home\/2013\/06\/26\/participa-en-convocatorias-abiertas-de-literatura-y-poesia\/\"\n\t\t\t  \tdata-numposts = \"10\"\n\t\t\t\tdata-colorscheme = \"dark\"\n\t\t\t\tdata-order-by = \"social\"\n\t\t\t\tdata-mobile=true>\n\t\t\t  <\/div>\n\t\t  <style>\n\t\t\t.fb_iframe_widget_fluid_desktop iframe {\n\t\t\t    width: 100% !important;\n\t\t\t}\n\t\t  <\/style>\n\t\t  ","protected":false},"excerpt":{"rendered":"<p>eloriente.net 26 de junio de 2013 Hace unos d\u00edas @El_Oriente te comparti\u00f3 la lista de las convocatorias vigentes que hemos publicado sobre fotograf\u00eda, v\u00eddeo, cine y artes pl\u00e1sticas. Ahora ponemos a tu disposici\u00f3n los concursos de poes\u00eda y proyectos sociales que todav\u00eda se encuentran abiertas. Las bases completas las puedes consultar el link que se [&hellip;]<\/p>\n","protected":false},"author":1,"featured_media":10768,"comment_status":"open","ping_status":"open","sticky":false,"template":"","format":"standard","meta":{"_jetpack_memberships_contains_paid_content":false,"footnotes":""},"categories":[26,18,13,24],"tags":[],"class_list":["post-13719","post","type-post","status-publish","format-standard","has-post-thumbnail","hentry","category-convocatorias","category-educacion-y-cultura","category-especiales","category-mexico-y-el-mundo"],"jetpack_featured_media_url":"http:\/\/www.eloriente.net\/home\/wp-content\/uploads\/2013\/04\/Algunos-derechos-reservados-por-ShardsOfBlue-libro.jpg","jetpack_sharing_enabled":true,"_links":{"self":[{"href":"http:\/\/www.eloriente.net\/home\/wp-json\/wp\/v2\/posts\/13719"}],"collection":[{"href":"http:\/\/www.eloriente.net\/home\/wp-json\/wp\/v2\/posts"}],"about":[{"href":"http:\/\/www.eloriente.net\/home\/wp-json\/wp\/v2\/types\/post"}],"author":[{"embeddable":true,"href":"http:\/\/www.eloriente.net\/home\/wp-json\/wp\/v2\/users\/1"}],"replies":[{"embeddable":true,"href":"http:\/\/www.eloriente.net\/home\/wp-json\/wp\/v2\/comments?post=13719"}],"version-history":[{"count":6,"href":"http:\/\/www.eloriente.net\/home\/wp-json\/wp\/v2\/posts\/13719\/revisions"}],"predecessor-version":[{"id":13722,"href":"http:\/\/www.eloriente.net\/home\/wp-json\/wp\/v2\/posts\/13719\/revisions\/13722"}],"wp:featuredmedia":[{"embeddable":true,"href":"http:\/\/www.eloriente.net\/home\/wp-json\/wp\/v2\/media\/10768"}],"wp:attachment":[{"href":"http:\/\/www.eloriente.net\/home\/wp-json\/wp\/v2\/media?parent=13719"}],"wp:term":[{"taxonomy":"category","embeddable":true,"href":"http:\/\/www.eloriente.net\/home\/wp-json\/wp\/v2\/categories?post=13719"},{"taxonomy":"post_tag","embeddable":true,"href":"http:\/\/www.eloriente.net\/home\/wp-json\/wp\/v2\/tags?post=13719"}],"curies":[{"name":"wp","href":"https:\/\/api.w.org\/{rel}","templated":true}]}}