{"id":13855,"date":"2013-06-29T09:33:51","date_gmt":"2013-06-29T15:33:51","guid":{"rendered":"http:\/\/www.eloriente.net\/home\/?p=13855"},"modified":"2013-06-29T09:35:47","modified_gmt":"2013-06-29T15:35:47","slug":"dan-a-conocer-detalles-de-la-guelaguetza-2013-maxima-fiesta-oaxaquena","status":"publish","type":"post","link":"http:\/\/www.eloriente.net\/home\/2013\/06\/29\/dan-a-conocer-detalles-de-la-guelaguetza-2013-maxima-fiesta-oaxaquena\/","title":{"rendered":"Dan a conocer detalles de la Guelaguetza 2013, m\u00e1xima fiesta oaxaque\u00f1a"},"content":{"rendered":"<p>eloriente.net\/<a href=\"http:\/\/www.conaculta.gob.mx\" target=\"_blank\">Conaculta<\/a><\/p>\n<p>29 de junio de 2013<\/p>\n<ul>\n<li>En la edici\u00f3n 2013 participar\u00e1n 48 delegaciones de las ocho regiones del estado para el deleite de los m\u00e1s de 120 mil turistas nacionales y extranjeros.<\/li>\n<\/ul>\n<ul>\n<li>M\u00e1s de 60 expresiones danc\u00edsticas, artesanales y gastron\u00f3micas complementar\u00e1n el programa de esta fiesta que se realizar\u00e1 los d\u00edas 22 y 29 de julio a las 10:00 y 17:00 horas.<\/li>\n<\/ul>\n<p align=\"justify\">Julio es el mes en el que se celebra la mayor fiesta de Oaxaca. El jueves 27 de junio de 2013, se dieron a conocer los pormenores de la edici\u00f3n 81 de la <em>Guelaguetza<\/em> que se celebrar\u00e1 el 22 y 29 de julio en el marco de las Fiestas de los Lunes del Cerro 2013.<\/p>\n<p align=\"justify\">En esta festividad participar\u00e1n 48 delegaciones de las ocho regiones del estado para deleitar a los cerca de 120 mil turistas, tanto nacionales como extranjeros que se esperan para esta edici\u00f3n, anunci\u00f3 en conferencia de prensa Jos\u00e9 Zorrilla de San Mart\u00edn, secretario de Turismo y Desarrollo Econ\u00f3mico de Oaxaca.<\/p>\n<p align=\"justify\">El funcionario estatal destac\u00f3 que la selecci\u00f3n no fue sencilla y luego de cinco meses de valoraci\u00f3n por parte del Comit\u00e9 de Autenticidad de las 76 comunidades que quer\u00edan participar, se dictamin\u00f3 que s\u00f3lo 48 representaciones pasaron un riguroso examen en el que se califica desde trajes regionales, danzas, lenguas, as\u00ed como costumbres y tradiciones aut\u00f3ctonas.<\/p>\n<p align=\"justify\">Jos\u00e9 Zorrilla de San Mart\u00edn explic\u00f3 que este comit\u00e9, que est\u00e1 encargado de cuidar la autenticidad \u00a0y el origen de las costumbres, ayuda a que se respete y no se trastoque nada de esta fiesta m\u00e1xima, a fin de que la <em>Guelaguetza<\/em> contin\u00fae representando sus comunidades, su m\u00fasica, sus bandas, sus trajes y en general toda la riqueza de sus tradiciones.<\/p>\n<p align=\"justify\">El titular de Turismo y Desarrollo Econ\u00f3mico del estado de Oaxaca \u00a0subray\u00f3 que lo que tiene un profundo origen y se respeta nunca se deval\u00faa y lo \u00fanico que el gobierno y la secretar\u00eda a su cargo han hecho es organizar y enriquecer la representaci\u00f3n de la <em>Guelaguetza<\/em> de la mejor manera con m\u00e1s de 60 eventos durante todo el mes de julio.<\/p>\n<p align=\"justify\">\u201cEs cierto que hemos organizado ahora m\u00e1s eventos, pero lo que queremos es alargar la estad\u00eda de quien nos visita. La fiesta s\u00f3lo la enriquecemos, la respetamos y la organizamos de la mejor manera para que los oaxaque\u00f1os y quienes nos visiten la disfruten\u201d, resalt\u00f3 el secretario de Turismo.<\/p>\n<p align=\"justify\">Dentro del festejo denominado como la fiesta m\u00e1xima del pueblo se han programado m\u00e1s de 60 manifestaciones musicales, danc\u00edsticas tradicionales, artesanales y gastron\u00f3micas que distinguen al estado, las cuales podr\u00e1n disfrutarse a partir del 1 de julio.<\/p>\n<p align=\"justify\">El plato fuerte es la <em>Guelaguetza<\/em> y tendr\u00e1 lugar el lunes 22 y el lunes 29 a las 10:00 y 17:00 horas, en el espacio que originalmente se conoci\u00f3 como La Rotonda de las Azucenas, hoy Auditorio Guelaguetza, localizado en el Cerro del Fort\u00edn de esta capital con una capacidad para 11 mil personas.<\/p>\n<p align=\"justify\">Jos\u00e9 Zorrilla de San Mart\u00edn destac\u00f3 que dentro de este despliegue art\u00edstico que ocurrir\u00e1 a lo largo del mes se realizar\u00e1n ocho conciertos en los que participar\u00e1n la cantante Lila Downs, Susana Harp y Alondra de la Parra, quien dirigir\u00e1 la Orquesta Sinf\u00f3nica Infantil Benito Ju\u00e1rez, as\u00ed como la soprano Lourdes Ambris y el tenor Edilberto Regalado Ord\u00f3\u00f1ez.<\/p>\n<p align=\"justify\">Oaxaca tambi\u00e9n ser\u00e1 escenario de 10 ferias, entre \u00e9stas la D\u00e9cimo S\u00e9ptima Feria del Mezcal, el Octavo Festival de los Siete moles, la Feria Artesanal de San Bartolo Coyotepec, la Feria de la Tlayuda, la Tercera Feria del Quesillo, y la Octava Feria del Tejate y el Tamal.<\/p>\n<p align=\"justify\">El titular de Turismo expuso que se espera captar una derrama econ\u00f3mica de 250 millones de pesos, con una ocupaci\u00f3n hotelera del 79 por ciento, 2 por ciento m\u00e1s que el a\u00f1o pasado que asistieron 104 mil visitantes.<\/p>\n<p align=\"justify\">\u201cDe acuerdo con el reporte reciente, hasta el momento se ha vendido el 58 por ciento de las entradas, lo que muestra buenos resultados la venta de boletos en medios electr\u00f3nicos y se ver\u00e1 reflejada por primera vez en la recuperaci\u00f3n de la inversi\u00f3n, que este a\u00f1o fue de m\u00e1s de 12 millones de pesos, en un ciento por ciento\u201d.<\/p>\n<p align=\"justify\">El boletaje se vende a trav\u00e9s de Ticket Master y Farmacias del Ahorro, as\u00ed como en las instalaciones de la Secretar\u00eda de Turismo y Desarrollo Econ\u00f3mico, frente al Paseo Ju\u00e1rez El Llano. La secci\u00f3n A tiene un costo de 1,050 pesos y el palco B de 700 pesos, mientras la secci\u00f3n C y D son gratuitas.<\/p>\n<p align=\"justify\">En lo concerniente a la log\u00edstica y seguridad, puntualiz\u00f3 el funcionario que la fiesta es organizada por m\u00e1s de 30 comit\u00e9s, en total 250 personas con una atenci\u00f3n espec\u00edfica a las delegaciones participantes que llegan de las ocho regiones, los accesos, el acomodo, la promoci\u00f3n tur\u00edstica, pasando por la seguridad y difusi\u00f3n, todo esto coordinado con la Secretar\u00eda de Seguridad P\u00fablica, Tr\u00e1nsito del Estado, el Instituto Estatal de Protecci\u00f3n Civil, as\u00ed como el Ayuntamiento de Oaxaca de Ju\u00e1rez.<\/p>\n<p style=\"text-align: center;\" align=\"justify\"><a href=\"http:\/\/www.eloriente.net\/home\/wp-content\/uploads\/2013\/06\/Guelaguetza-Miguel-Bautista.jpeg\"><img loading=\"lazy\" decoding=\"async\" class=\"aligncenter  wp-image-13856\" title=\"Guelaguetza-Miguel Bautista\" src=\"http:\/\/www.eloriente.net\/home\/wp-content\/uploads\/2013\/06\/Guelaguetza-Miguel-Bautista.jpeg\" alt=\"\" width=\"507\" height=\"338\" srcset=\"http:\/\/www.eloriente.net\/home\/wp-content\/uploads\/2013\/06\/Guelaguetza-Miguel-Bautista.jpeg 634w, http:\/\/www.eloriente.net\/home\/wp-content\/uploads\/2013\/06\/Guelaguetza-Miguel-Bautista-300x199.jpeg 300w\" sizes=\"(max-width: 507px) 100vw, 507px\" \/><\/a><\/p>\n\n\t\t\t  <div \n\t\t\t  \tclass = \"fb-comments\" \n\t\t\t  \tdata-href = \"http:\/\/www.eloriente.net\/home\/2013\/06\/29\/dan-a-conocer-detalles-de-la-guelaguetza-2013-maxima-fiesta-oaxaquena\/\"\n\t\t\t  \tdata-numposts = \"10\"\n\t\t\t\tdata-colorscheme = \"dark\"\n\t\t\t\tdata-order-by = \"social\"\n\t\t\t\tdata-mobile=true>\n\t\t\t  <\/div>\n\t\t  <style>\n\t\t\t.fb_iframe_widget_fluid_desktop iframe {\n\t\t\t    width: 100% !important;\n\t\t\t}\n\t\t  <\/style>\n\t\t  ","protected":false},"excerpt":{"rendered":"<p>eloriente.net\/Conaculta 29 de junio de 2013 En la edici\u00f3n 2013 participar\u00e1n 48 delegaciones de las ocho regiones del estado para el deleite de los m\u00e1s de 120 mil turistas nacionales y extranjeros. M\u00e1s de 60 expresiones danc\u00edsticas, artesanales y gastron\u00f3micas complementar\u00e1n el programa de esta fiesta que se realizar\u00e1 los d\u00edas 22 y 29 de [&hellip;]<\/p>\n","protected":false},"author":1,"featured_media":13856,"comment_status":"open","ping_status":"open","sticky":false,"template":"","format":"standard","meta":{"_jetpack_memberships_contains_paid_content":false,"footnotes":""},"categories":[29,49,18,32,10],"tags":[],"class_list":["post-13855","post","type-post","status-publish","format-standard","has-post-thumbnail","hentry","category-capital","category-destacadas","category-educacion-y-cultura","category-entradas","category-lo-mas-reciente"],"jetpack_featured_media_url":"http:\/\/www.eloriente.net\/home\/wp-content\/uploads\/2013\/06\/Guelaguetza-Miguel-Bautista.jpeg","jetpack_sharing_enabled":true,"_links":{"self":[{"href":"http:\/\/www.eloriente.net\/home\/wp-json\/wp\/v2\/posts\/13855"}],"collection":[{"href":"http:\/\/www.eloriente.net\/home\/wp-json\/wp\/v2\/posts"}],"about":[{"href":"http:\/\/www.eloriente.net\/home\/wp-json\/wp\/v2\/types\/post"}],"author":[{"embeddable":true,"href":"http:\/\/www.eloriente.net\/home\/wp-json\/wp\/v2\/users\/1"}],"replies":[{"embeddable":true,"href":"http:\/\/www.eloriente.net\/home\/wp-json\/wp\/v2\/comments?post=13855"}],"version-history":[{"count":4,"href":"http:\/\/www.eloriente.net\/home\/wp-json\/wp\/v2\/posts\/13855\/revisions"}],"predecessor-version":[{"id":13861,"href":"http:\/\/www.eloriente.net\/home\/wp-json\/wp\/v2\/posts\/13855\/revisions\/13861"}],"wp:featuredmedia":[{"embeddable":true,"href":"http:\/\/www.eloriente.net\/home\/wp-json\/wp\/v2\/media\/13856"}],"wp:attachment":[{"href":"http:\/\/www.eloriente.net\/home\/wp-json\/wp\/v2\/media?parent=13855"}],"wp:term":[{"taxonomy":"category","embeddable":true,"href":"http:\/\/www.eloriente.net\/home\/wp-json\/wp\/v2\/categories?post=13855"},{"taxonomy":"post_tag","embeddable":true,"href":"http:\/\/www.eloriente.net\/home\/wp-json\/wp\/v2\/tags?post=13855"}],"curies":[{"name":"wp","href":"https:\/\/api.w.org\/{rel}","templated":true}]}}